{"id":4396,"date":"2024-12-26T16:00:45","date_gmt":"2024-12-26T16:00:45","guid":{"rendered":"https:\/\/www.uutispeili.fi\/?p=4396"},"modified":"2024-12-26T16:14:05","modified_gmt":"2024-12-26T16:14:05","slug":"tuurilla-se-varjolaivastokin-seilaa-ellei-kaskysta","status":"publish","type":"post","link":"https:\/\/www.uutispeili.fi\/index.php\/2024\/12\/26\/tuurilla-se-varjolaivastokin-seilaa-ellei-kaskysta\/","title":{"rendered":"Tuurilla se varjolaivastokin seilaa! -Ellei k\u00e4skyst\u00e4?"},"content":{"rendered":"<p><strong>Joulup\u00e4iv\u00e4n kaapelinkatkomiset saattavat olla luultua vakavamman konfliktin alkutahdit: T\u00e4m\u00e4n hetken tietojen mukaan tietoliikennekaapeleita on katkottu nelj\u00e4 (4) -Suomesta Viroon ja Saksaan, ja t\u00e4rke\u00e4 energiansiirtokaapeli. Tarkastelemme.<\/strong><\/p>\n<p>Haemmekin n\u00e4kemyst\u00e4 analyysin ty\u00f6kaluksi tiedustelun ammattilaiselta, hy\u00f6dynt\u00e4en h\u00e4nen kokemustaan nelj\u00e4nnesvuosisadan vakoiluty\u00f6st\u00e4. Saksan <strong>BND<\/strong>:n perustaja, ja monessa mielenkiintoisessa liemess\u00e4 keitetty, <strong>Reinhard Gehlen<\/strong> kirjoitti muistelmiinsa n\u00e4in:<\/p>\n<blockquote><p><em>&#8217;<\/em>(Sabotaashilla) olisi saattanut olla jotakin mielt\u00e4 t\u00e4ysmittaisessa sodassa, jos se <strong>olisi koordinoitu<\/strong> (aktiivien) <strong>sotatoimien kanssa<\/strong>,..<em>. (<\/em>Gehlen S.230,viite alhaalla<em>)<\/em><\/p><\/blockquote>\n<p>N\u00e4in siis neuvoo kokemusasiantuntija. Mik\u00e4\u00e4n Gehlenin johtama organisaatio ei em. syyst\u00e4 k\u00e4ytt\u00e4nyt attentaatteja tai muita &#8217;<em>m\u00e4rki\u00e4 toimia<\/em>&#8217;, koska ne eiv\u00e4t hy\u00f6dytt\u00e4neet, rauhan aikana. -Mutta nyth\u00e4n ei ole sotaa, mutta kuitenkin tapahtuu.<\/p>\n<p><a href=\"https:\/\/x.com\/visegrad24\/status\/1872272439738307012\"><img loading=\"lazy\" decoding=\"async\" class=\"aligncenter wp-image-4397 size-full\" src=\"https:\/\/www.uutispeili.fi\/wp-content\/uploads\/2024\/12\/eagleS-visegrad000x.png\" alt=\"\" width=\"425\" height=\"438\" srcset=\"https:\/\/www.uutispeili.fi\/wp-content\/uploads\/2024\/12\/eagleS-visegrad000x.png 425w, https:\/\/www.uutispeili.fi\/wp-content\/uploads\/2024\/12\/eagleS-visegrad000x-291x300.png 291w\" sizes=\"(max-width: 425px) 100vw, 425px\" \/><\/a><\/p>\n<ul>\n<li><a href=\"https:\/\/x.com\/visegrad24\/status\/1872272439738307012\" target=\"_blank\" rel=\"noopener\">https:\/\/x.com\/visegrad24\/status\/1872272439738307012<\/a><\/li>\n<\/ul>\n<p>Sodank\u00e4ynti on toki &#8217;<em>kehittynyt<\/em>&#8217; Gehlenin ajoista -l\u00e4hemm\u00e4s vakoilua ja tiedustelua- mutta Gehlenh\u00e4n olikin jo valmiiksi sotilastiedustelussa. Ett\u00e4 tiedonker\u00e4\u00e4miseen liittym\u00e4t\u00f6n toiminta, kuten sabotaashit, on j\u00e4rkev\u00e4\u00e4 vain k\u00e4ynniss\u00e4olevan -tai pian alkavan sotilaallisen toimen tukena, -t\u00e4m\u00e4 tieto ei ole vanhentunut, pikemmin korostunut, ns. <strong><em>hybridioperaatioiden<\/em><\/strong> h\u00e4m\u00e4rt\u00e4ess\u00e4 sota- ja rauhantilan v\u00e4list\u00e4 eroa.<\/p>\n<p>Eilen joulup\u00e4iv\u00e4n\u00e4 katkaistiin siis viisi Suomen <strong>Viroon<\/strong> ja <strong>Keski-Eurooppaan<\/strong> yhdist\u00e4v\u00e4\u00e4 kaapelia, -eik\u00e4 tapaus ole ensimm\u00e4inen lajissaan <strong>Suomenlahdella<\/strong>. Uutta on toiminnan intensiteetti, usean &#8217;iskun&#8217; samanaikaisuus. Gehlenil\u00e4isesti ajatellen t\u00e4m\u00e4 viittaa sotilaalliseen toimintaan lyhyen ajan sis\u00e4ll\u00e4.<\/p>\n<p>&#8217;<strong><em>Varjolaivasto<\/em><\/strong>&#8217;, siis Ven\u00e4j\u00e4n jostain haalimat, bulvaanien kautta omistamat, romutustaan odottavat tankkerit, jotka kuljettavat \u00f6ljytuotteita rajoituksia rikkoen -ilman vakuutuksia. Niit\u00e4 parveilee juuri nyt Suomenlahdella <strong>ankkuroituina<\/strong> h\u00e4mm\u00e4stytt\u00e4v\u00e4 laivue.<\/p>\n<p>Helsingin etel\u00e4puolella pit\u00e4\u00e4 <strong>ankkuriaan<\/strong> pohjassa &#8217;<strong><em>Id\u00e4n Kirkkaus<\/em><\/strong>&#8217; (konek\u00e4\u00e4nn\u00f6s on hupaisia.):<\/p>\n<figure id=\"attachment_4400\" aria-describedby=\"caption-attachment-4400\" style=\"width: 800px\" class=\"wp-caption aligncenter\"><img loading=\"lazy\" decoding=\"async\" class=\"wp-image-4400 size-full\" src=\"https:\/\/www.uutispeili.fi\/wp-content\/uploads\/2024\/12\/idan.kirkkaus800419.png\" alt=\"\" width=\"800\" height=\"419\" srcset=\"https:\/\/www.uutispeili.fi\/wp-content\/uploads\/2024\/12\/idan.kirkkaus800419.png 800w, https:\/\/www.uutispeili.fi\/wp-content\/uploads\/2024\/12\/idan.kirkkaus800419-300x157.png 300w, https:\/\/www.uutispeili.fi\/wp-content\/uploads\/2024\/12\/idan.kirkkaus800419-768x402.png 768w\" sizes=\"(max-width: 800px) 100vw, 800px\" \/><figcaption id=\"caption-attachment-4400\" class=\"wp-caption-text\">Kuva: Marinetraffc26.12. 2024<\/figcaption><\/figure>\n<p>-Seh\u00e4n lilluu samoilla vesill\u00e4, kuin viime vuosisadan <em>pirtulaivat<\/em>, -kun Suomessa oli kieltolaki! -Lastis\u00e4ili\u00f6iss\u00e4 lienee kuitenkin \u00f6ljytuotteita, -ei ole <em>kirkasta<\/em>. Mink\u00e4s maan botski on t\u00e4m\u00e4 <strong>Yangtse<\/strong>:<\/p>\n<figure id=\"attachment_4401\" aria-describedby=\"caption-attachment-4401\" style=\"width: 800px\" class=\"wp-caption aligncenter\"><img loading=\"lazy\" decoding=\"async\" class=\"wp-image-4401 size-full\" src=\"https:\/\/www.uutispeili.fi\/wp-content\/uploads\/2024\/12\/yangtse800422.png\" alt=\"\" width=\"800\" height=\"422\" srcset=\"https:\/\/www.uutispeili.fi\/wp-content\/uploads\/2024\/12\/yangtse800422.png 800w, https:\/\/www.uutispeili.fi\/wp-content\/uploads\/2024\/12\/yangtse800422-300x158.png 300w, https:\/\/www.uutispeili.fi\/wp-content\/uploads\/2024\/12\/yangtse800422-768x405.png 768w, https:\/\/www.uutispeili.fi\/wp-content\/uploads\/2024\/12\/yangtse800422-720x380.png 720w\" sizes=\"(max-width: 800px) 100vw, 800px\" \/><figcaption id=\"caption-attachment-4401\" class=\"wp-caption-text\">Kuva: Marinetraffic 26.12. 2024,<\/figcaption><\/figure>\n<p>Ankkuroitujen tankkereiden, konttilaivojen etc. suma keskell\u00e4 merta, -ja joulukuisessa s\u00e4\u00e4ss\u00e4- se ei ole normaalia. Kysymys kuuluukin: Olemmeko nyt sotaa edelt\u00e4v\u00e4ss\u00e4 vaiheessa?<\/p>\n<h2>Ollos huoleton, poikas kokouksessa on<\/h2>\n<p><a href=\"https:\/\/x.com\/TallbarFIN\/status\/1872247811045224678\"><img loading=\"lazy\" decoding=\"async\" class=\"aligncenter wp-image-4398 size-full\" src=\"https:\/\/www.uutispeili.fi\/wp-content\/uploads\/2024\/12\/eagleS-stub000x.png\" alt=\"\" width=\"437\" height=\"469\" srcset=\"https:\/\/www.uutispeili.fi\/wp-content\/uploads\/2024\/12\/eagleS-stub000x.png 437w, https:\/\/www.uutispeili.fi\/wp-content\/uploads\/2024\/12\/eagleS-stub000x-280x300.png 280w\" sizes=\"(max-width: 437px) 100vw, 437px\" \/><\/a><\/p>\n<p>Lopuksi toivotan kaikille <em>hyv\u00e4\u00e4 ja turvaisaa Joulua<\/em>! <img loading=\"lazy\" decoding=\"async\" class=\"alignnone size-full wp-image-144\" src=\"https:\/\/www.uutispeili.fi\/wp-content\/uploads\/2023\/11\/di.gold_.gif\" alt=\"\" width=\"11\" height=\"11\" \/><\/p>\n<p>Luettavaa:<\/p>\n<ul>\n<li><strong>Reinhard Gehlen<\/strong>: <em>Vuosisadan vakooja<\/em>, Kirjayhtym\u00e4, Helsinki 1972 ISBN 951-26-0119-2<\/li>\n<\/ul>\n","protected":false},"excerpt":{"rendered":"<p>Joulup\u00e4iv\u00e4n kaapelinkatkomiset saattavat olla luultua vakavamman konfliktin alkutahdit: T\u00e4m\u00e4n hetken tietojen mukaan tietoliikennekaapeleita on katkottu nelj\u00e4 (4) -Suomesta Viroon ja Saksaan, ja t\u00e4rke\u00e4 energiansiirtokaapeli. Tarkastelemme. Haemmekin n\u00e4kemyst\u00e4 analyysin ty\u00f6kaluksi tiedustelun ammattilaiselta, hy\u00f6dynt\u00e4en h\u00e4nen kokemustaan nelj\u00e4nnesvuosisadan vakoiluty\u00f6st\u00e4. Saksan BND:n perustaja, ja monessa mielenkiintoisessa liemess\u00e4 keitetty, Reinhard Gehlen kirjoitti muistelmiinsa n\u00e4in: &#8217;(Sabotaashilla) olisi saattanut olla jotakin mielt\u00e4 [&hellip;]<\/p>\n","protected":false},"author":3,"featured_media":4399,"comment_status":"open","ping_status":"open","sticky":false,"template":"","format":"standard","meta":{"footnotes":""},"categories":[6,115,71,86,29,74],"tags":[],"_links":{"self":[{"href":"https:\/\/www.uutispeili.fi\/index.php\/wp-json\/wp\/v2\/posts\/4396"}],"collection":[{"href":"https:\/\/www.uutispeili.fi\/index.php\/wp-json\/wp\/v2\/posts"}],"about":[{"href":"https:\/\/www.uutispeili.fi\/index.php\/wp-json\/wp\/v2\/types\/post"}],"author":[{"embeddable":true,"href":"https:\/\/www.uutispeili.fi\/index.php\/wp-json\/wp\/v2\/users\/3"}],"replies":[{"embeddable":true,"href":"https:\/\/www.uutispeili.fi\/index.php\/wp-json\/wp\/v2\/comments?post=4396"}],"version-history":[{"count":2,"href":"https:\/\/www.uutispeili.fi\/index.php\/wp-json\/wp\/v2\/posts\/4396\/revisions"}],"predecessor-version":[{"id":4403,"href":"https:\/\/www.uutispeili.fi\/index.php\/wp-json\/wp\/v2\/posts\/4396\/revisions\/4403"}],"wp:featuredmedia":[{"embeddable":true,"href":"https:\/\/www.uutispeili.fi\/index.php\/wp-json\/wp\/v2\/media\/4399"}],"wp:attachment":[{"href":"https:\/\/www.uutispeili.fi\/index.php\/wp-json\/wp\/v2\/media?parent=4396"}],"wp:term":[{"taxonomy":"category","embeddable":true,"href":"https:\/\/www.uutispeili.fi\/index.php\/wp-json\/wp\/v2\/categories?post=4396"},{"taxonomy":"post_tag","embeddable":true,"href":"https:\/\/www.uutispeili.fi\/index.php\/wp-json\/wp\/v2\/tags?post=4396"}],"curies":[{"name":"wp","href":"https:\/\/api.w.org\/{rel}","templated":true}]}}