{"id":4392,"date":"2024-12-25T14:42:50","date_gmt":"2024-12-25T14:42:50","guid":{"rendered":"https:\/\/www.uutispeili.fi\/?p=4392"},"modified":"2024-12-25T14:42:51","modified_gmt":"2024-12-25T14:42:51","slug":"qamishlissa-syyriassa-vietettiin-joulua","status":"publish","type":"post","link":"https:\/\/www.uutispeili.fi\/index.php\/2024\/12\/25\/qamishlissa-syyriassa-vietettiin-joulua\/","title":{"rendered":"Qamishlissa Syyriassa vietettiin joulua"},"content":{"rendered":"<p><strong>Turkkilaisten uhkaamassa Qamishlissa pidettiin t\u00e4n\u00e4\u00e4n joulumessu, kertoo syyrialainen uutispalvelu<\/strong>.<\/p>\n<p><strong>Qamishli<\/strong>n kurdikaupunki on <strong>Syrian Democratic Forces<\/strong>:n (SDF) valvomassa osassa Syyriaa. <img loading=\"lazy\" decoding=\"async\" class=\"alignnone size-full wp-image-144\" src=\"https:\/\/www.uutispeili.fi\/wp-content\/uploads\/2023\/11\/di.gold_.gif\" alt=\"\" width=\"11\" height=\"11\" \/><\/p>\n<p>(Kuva: North Press Agency 25.12. 2024.)<\/p>\n<p>Luettavaa:<\/p>\n<ul>\n<li><a href=\"https:\/\/npasyria.com\/en\/120193\/\" target=\"_blank\" rel=\"noopener\">North Press Agency<\/a> 25.12. 2024,<\/li>\n<\/ul>\n<blockquote class=\"wp-embedded-content\" data-secret=\"BhaqRBU4Cx\"><p><a href=\"https:\/\/www.uutispeili.fi\/index.php\/2024\/12\/24\/syyrian-joulu-alkoi-perinteisesti-kuusen-kaatamisella\/\">Syyrian joulu alkoi perinteisesti kuusen kaatamisella<\/a><\/p><\/blockquote>\n<p><iframe class=\"wp-embedded-content\" sandbox=\"allow-scripts\" security=\"restricted\" style=\"position: absolute; clip: rect(1px, 1px, 1px, 1px);\" title=\"&#8221;Syyrian joulu alkoi perinteisesti kuusen kaatamisella&#8221; &#8212; \" src=\"https:\/\/www.uutispeili.fi\/index.php\/2024\/12\/24\/syyrian-joulu-alkoi-perinteisesti-kuusen-kaatamisella\/embed\/#?secret=yXmWnoDQkq#?secret=BhaqRBU4Cx\" data-secret=\"BhaqRBU4Cx\" width=\"600\" height=\"338\" frameborder=\"0\" marginwidth=\"0\" marginheight=\"0\" scrolling=\"no\"><\/iframe><\/p>\n","protected":false},"excerpt":{"rendered":"<p>Turkkilaisten uhkaamassa Qamishlissa pidettiin t\u00e4n\u00e4\u00e4n joulumessu, kertoo syyrialainen uutispalvelu. Qamishlin kurdikaupunki on Syrian Democratic Forces:n (SDF) valvomassa osassa Syyriaa. (Kuva: North Press Agency 25.12. 2024.) Luettavaa: North Press Agency 25.12. 2024, Syyrian joulu alkoi perinteisesti kuusen kaatamisella<\/p>\n","protected":false},"author":3,"featured_media":4393,"comment_status":"open","ping_status":"open","sticky":false,"template":"","format":"standard","meta":{"footnotes":""},"categories":[133,122],"tags":[],"_links":{"self":[{"href":"https:\/\/www.uutispeili.fi\/index.php\/wp-json\/wp\/v2\/posts\/4392"}],"collection":[{"href":"https:\/\/www.uutispeili.fi\/index.php\/wp-json\/wp\/v2\/posts"}],"about":[{"href":"https:\/\/www.uutispeili.fi\/index.php\/wp-json\/wp\/v2\/types\/post"}],"author":[{"embeddable":true,"href":"https:\/\/www.uutispeili.fi\/index.php\/wp-json\/wp\/v2\/users\/3"}],"replies":[{"embeddable":true,"href":"https:\/\/www.uutispeili.fi\/index.php\/wp-json\/wp\/v2\/comments?post=4392"}],"version-history":[{"count":1,"href":"https:\/\/www.uutispeili.fi\/index.php\/wp-json\/wp\/v2\/posts\/4392\/revisions"}],"predecessor-version":[{"id":4394,"href":"https:\/\/www.uutispeili.fi\/index.php\/wp-json\/wp\/v2\/posts\/4392\/revisions\/4394"}],"wp:featuredmedia":[{"embeddable":true,"href":"https:\/\/www.uutispeili.fi\/index.php\/wp-json\/wp\/v2\/media\/4393"}],"wp:attachment":[{"href":"https:\/\/www.uutispeili.fi\/index.php\/wp-json\/wp\/v2\/media?parent=4392"}],"wp:term":[{"taxonomy":"category","embeddable":true,"href":"https:\/\/www.uutispeili.fi\/index.php\/wp-json\/wp\/v2\/categories?post=4392"},{"taxonomy":"post_tag","embeddable":true,"href":"https:\/\/www.uutispeili.fi\/index.php\/wp-json\/wp\/v2\/tags?post=4392"}],"curies":[{"name":"wp","href":"https:\/\/api.w.org\/{rel}","templated":true}]}}