{"id":4361,"date":"2024-12-22T20:16:29","date_gmt":"2024-12-22T20:16:29","guid":{"rendered":"https:\/\/www.uutispeili.fi\/?p=4361"},"modified":"2024-12-28T20:52:28","modified_gmt":"2024-12-28T20:52:28","slug":"republikaani-poliitikko-yhdysvallat-pitaa-kiinni-sitoumuksistaan-syyriassa-jos-pitaa","status":"publish","type":"post","link":"https:\/\/www.uutispeili.fi\/index.php\/2024\/12\/22\/republikaani-poliitikko-yhdysvallat-pitaa-kiinni-sitoumuksistaan-syyriassa-jos-pitaa\/","title":{"rendered":"Republikaani-poliitikko: &#8217;Yhdysvallat pit\u00e4\u00e4 kiinni sitoumuksistaan \u200b\u200bSyyriassa&#8217; -jos pit\u00e4\u00e4"},"content":{"rendered":"<p><strong>Republikaanipoliitikko Hazem Alghabra kertoi sunnuntaina North Pressille, ett\u00e4 Yhdysvallat jatkaa sitoutumistaan \u200b\u200bSyyriaan eik\u00e4 hylk\u00e4\u00e4 liittolaistaan terrorismin torjunnassa, <em>Syyrian Democratic Forces<\/em>ia (SDF).<\/strong><\/p>\n<blockquote><p>&#8221;Yhdysvaltain kongressin j\u00e4senten asenne ja meneill\u00e4\u00e4n oleva pakotelains\u00e4\u00e4d\u00e4nn\u00f6n valmistelu l\u00e4hett\u00e4\u00e4 selke\u00e4n viestin Koillis-Syyriaan. Washington ei hylk\u00e4\u00e4 liittolaisiaan.&#8221;<\/p><\/blockquote>\n<p>Lokakuussa 2019, Turkin hy\u00f6k\u00e4tess\u00e4 siihen asti <strong>Syyrian<\/strong> sis\u00e4llissodasta jo t\u00e4ysin rauhoittuneeseen <strong>Pohjois-Syyriaan<\/strong>, Yhdysvallat veti joukkonsa alueelta suurella kiireell\u00e4, j\u00e4tt\u00e4en j\u00e4lkeens\u00e4 mm. miljardien arvoisen aluevalvonta tutkan (se ehdittiin sent\u00e4\u00e4n h\u00e4vitt\u00e4\u00e4), joka oli kontrolloinut koko L\u00e4hi-Id\u00e4n ilmatilaa, -ja paljon s\u00e4l\u00e4\u00e4 jota ven\u00e4l\u00e4iset sotilaat ihmetteliv\u00e4t naureskellen.<\/p>\n<p>Republikaani Alghabra uskoo t\u00e4ll\u00e4 kertaa, ett\u00e4 Turkin toiminnan takana oleva oletus, jonka mukaan tuleva presidentti (president elect) <strong>Donald Trump<\/strong> olisi vain v\u00e4h\u00e4n kiinnostunut maansa eduista Syyrian konfliktissa, on virheellinen.<\/p>\n<p>Joulukuun 20. p\u00e4iv\u00e4n\u00e4 kaksi Yhdysvaltain senaattoria (republikaani ja demokraatti) esitteliv\u00e4t lakiesityksen, Turkille m\u00e4\u00e4r\u00e4tt\u00e4vist\u00e4 pakotteita, sik\u00e4li kun se jatkaa hy\u00f6kk\u00e4yksi\u00e4 Ybhdysvaltain liittolaista SDF:\u00e4\u00e4 vastaan.<\/p>\n<p>Alghabra my\u00f6nt\u00e4\u00e4, ett\u00e4 Turkki on kokenut erityisesti Trumpilta kuullut lausunnot &#8217;<em>rajattomaksi vihre\u00e4n<\/em> <em>valon n\u00e4ytt\u00e4miseksi<\/em>&#8217; Yhdysvalloilta. -Syksyn 2019 tapahtumat olisivakin ennakkotapaus t\u00e4lle.<\/p>\n<p>Alghabra muistutti lis\u00e4ksi, ett\u00e4 Yhdysvallat on juurikin viime p\u00e4ivin\u00e4 korostanut pyrkimyst\u00e4 vuoropuheluun Turkin ja SDF:n v\u00e4lille, sis\u00e4lt\u00e4en Turkin turvallisuusongelmien huomioimisen. &#8221;<em>USA n\u00e4kee potentiaalin ratkaisuun ja haluaa Ankaran olevan rakentava rooli Syyriassa Assadin kukistumisen j\u00e4lkeen<\/em>&#8221;, sanoi republikaani.<\/p>\n<blockquote><p><strong>Bashar al-Assad<\/strong>in hallinnon kaatumisen j\u00e4lkeen Turkki ja siihen liittyv\u00e4t aseelliset ryhm\u00e4t eli <strong>Syrian<\/strong> <strong>National Army<\/strong> (SNA) ovat jatkaneet hy\u00f6kk\u00e4yst\u00e4\u00e4n niillekin alueille Pohjois-Syyriassa, jotka eiv\u00e4t v.2013 j\u00e4lkeen ole olleet lainkaan Assadin kontrollissa.<\/p><\/blockquote>\n<p>SDF korostanut pyrkiv\u00e4ns\u00e4 yhten\u00e4isyyteen <strong>Damaskoksen<\/strong> nykyisten vallanpit\u00e4jien kanssa, kuten se oli pystynyt rinnakkaiseloon Assadinkin hallinnon kanssa. Turkin hy\u00f6kk\u00e4ys Syyriaan lokakuussa 2019 oli vain kiihdytt\u00e4nyt SDF:n ja Damaskoksen (silloisen hallinnon) l\u00e4hentymist\u00e4.<\/p>\n<h2>Mit\u00e4 tapahtui lokakuussa 2019<\/h2>\n<p>Presidentti <strong>Donald Trump<\/strong>in teki 6. lokakuuta 2019 \u00e4kkip\u00e4\u00e4t\u00f6ksen vet\u00e4\u00e4 Yhdysvaltain joukot pois Koillis-Syyriasta, joka alue oli Syyrian rauhallisin ja vakiintunein osa, &#8221;<strong>ISIS<\/strong>:n&#8221; tultua nitistetyksi, ja Assadin armeijan j\u00e4\u00e4ty\u00e4 <strong>Eufrat<\/strong>in l\u00e4nsipuolelle. Turkin hy\u00f6kk\u00e4ys palautti kaaoksen, aiheutti pakolaisten uuden liikkeellel\u00e4hd\u00f6n, ja p\u00e4\u00e4sti uudelleen valtaan jihadistit, -t\u00e4ll\u00e4 kertaa Turkin aseistaman <strong>SNA<\/strong>:n v\u00e4reiss\u00e4. -No, eiv\u00e4t he silti repineet &#8221;ISIS:n&#8221; merkkej\u00e4 takeistaan.<\/p>\n<blockquote><p>Kirjoittaja (linkiss\u00e4) syytt\u00e4\u00e4 Trumpin p\u00e4\u00e4t\u00f6st\u00e4 h\u00e4tik\u00f6idyksi \u2013 ilman mink\u00e4\u00e4nlaista koordinaatiota Yhdysvaltain liittolaisten tai Syyrian Democratic Forces (SDF) -kumppaneiden kanssa.<\/p><\/blockquote>\n<p>Yhdysvaltain joukkojen kiirehtiess\u00e4 pois turkkilaisten jaloista, tyhj\u00f6n t\u00e4yttiv\u00e4t Turkin proxyt, ven\u00e4l\u00e4iset -ja &#8221;ISIS&#8221;.\u00a0 Ven\u00e4l\u00e4iset sotilaat tutkivat naureskellen jenkkien hylk\u00e4\u00e4mi\u00e4 tukikohtia, joivat heid\u00e4n j\u00e4tt\u00e4m\u00e4ns\u00e4 kaljat j\u00e4\u00e4kaapeista, ja <strong>GRU<\/strong> ahmi sotasalaisuuksia.<\/p>\n<p>Ainoa hy\u00f6dyllinen tulos Erdoganin lokakuun 2019 operaatioista oli <strong>Koillis-Syyrian itsehallinnon<\/strong> -ja SDF:n- ja Damaskoksen hallituksen pakollinen sovinnollisuus toisilleen yhteisen vihollisen, Turkin, uhatessa. Lainaan kirjoittajaa:<\/p>\n<blockquote><p>&#8221;Kuten ulkopuoliset asiantuntijat ja Yhdysvaltain hallituksen ammattilaiset ennustivat, (Turkin) hy\u00f6kk\u00e4ys on her\u00e4tt\u00e4nyt lis\u00e4\u00e4 v\u00e4kivaltaa, siirt\u00e4nyt satoja tuhansia ihmisi\u00e4 kotiseudultaan. Se on my\u00f6s murentanut Yhdysvaltojen uskottavuutta ja k\u00e4ynnist\u00e4nyt kaikki osapuolet liikkeelle t\u00e4ytt\u00e4m\u00e4\u00e4n Yhdysvaltojen vet\u00e4ytymisen j\u00e4tt\u00e4m\u00e4n turvallisuustyhji\u00f6n.&#8221;<\/p><\/blockquote>\n<h3>&#8221;<em>Se on murentanut Yhdysvaltojen<\/em> <em>(sotilaallista) uskottavuutta<\/em>&#8221;<\/h3>\n<p>Yhdysvallat oli hyl\u00e4nnyt terrorisminvastaisen liittoumansa t\u00e4rkeimm\u00e4n osallisen Syyriassa, odottamattomasti ja ilman n\u00e4kyv\u00e4\u00e4 j\u00e4rkev\u00e4\u00e4 syyt\u00e4. -Mik\u00e4 oli t\u00e4m\u00e4n -ja seuraavan neronleimauksen <strong>Afganistan<\/strong>ista pakoon-luikkimisen- vaikutus monien Yhdysvaltain perinteisten liittolaisten horjumiseen, -se on vaikeasti arvioitavissa, mutta helposti n\u00e4ht\u00e4viss\u00e4.<\/p>\n<p>Turkin presidentin ja <strong>ulkoministerin<\/strong> kiihkeist\u00e4 lausunnoista p\u00e4\u00e4tellen Turkin asenne on t\u00e4n\u00e4\u00e4n 1;:1 sama, kuin v.2019. Nyt ven\u00e4l\u00e4iset ovat l\u00e4ht\u00f6vuorossa -j\u00e4tt\u00e4en tukikohtansa nopeimmalle tulijalle- ja jos Yhdysvaltain joukot t\u00e4ll\u00e4(kin) kertaa pakkaavat kaps\u00e4kkins\u00e4, niin tyhji\u00f6 t\u00e4ytt\u00e4j\u00e4\u00e4 ei tarvinne odottaa? (Tarjolla ovat joko turkkilaiset tai islamistit&#8230; -Hei, onk niill\u00e4 eroa?) <img loading=\"lazy\" decoding=\"async\" class=\"alignnone size-full wp-image-144\" src=\"https:\/\/www.uutispeili.fi\/wp-content\/uploads\/2023\/11\/di.gold_.gif\" alt=\"\" width=\"11\" height=\"11\" \/><\/p>\n<p>Luettavaa:<\/p>\n<ul>\n<li><a href=\"https:\/\/npasyria.com\/en\/120068\/\" target=\"_blank\" rel=\"noopener\"><strong>North Press<\/strong><\/a> 22.12. 2024,<\/li>\n<li><a href=\"https:\/\/www.theguardian.com\/world\/2019\/oct\/13\/trump-us-troops-northern-syria-turkish-assault-kurds\" target=\"_blank\" rel=\"noopener\"><strong>Guardian<\/strong><\/a> 13,10. 2019: <a href=\"https:\/\/www.theguardian.com\/world\/2019\/oct\/13\/trump-us-troops-northern-syria-turkish-assault-kurds\" target=\"_blank\" rel=\"noopener\">Trump k\u00e4skee Yhdysvaltain joukkoja poistumaan Pohjois-Syyriasta Turkin hy\u00f6kk\u00e4yksen jatkuessa<\/a>,<\/li>\n<li><a href=\"https:\/\/www.nytimes.com\/2019\/10\/13\/world\/middleeast\/syria-turkey-invasion-isis.html\" target=\"_blank\" rel=\"noopener\"><strong>New York Times<\/strong><\/a> 13.10. 2019: <a href=\"https:\/\/www.nytimes.com\/2019\/10\/13\/world\/middleeast\/syria-turkey-invasion-isis.html\" target=\"_blank\" rel=\"noopener\">Abandoned by U.S. in Syria, Kurds Find New Ally in American Foe<\/a>,<\/li>\n<li><a href=\"https:\/\/www.americanprogress.org\/article\/trumps-syria-shambles\/\" target=\"_blank\" rel=\"noopener\"><strong>Max Hoffman \/ Center for American Progress<\/strong><\/a> 24.10. 2019: <a href=\"https:\/\/www.americanprogress.org\/article\/trumps-syria-shambles\/\" target=\"_blank\" rel=\"noopener\"><strong>Trumps Syria Shambles<\/strong>; Presidentti Trumpin vet\u00e4ytyminen Syyriasta on ajanut alueen kaaokseen, murskaanut Yhdysvaltojen uskottavuuden ja paljastanut syvi\u00e4 ongelmia Yhdysvaltain Turkki-politiikassa<\/a> -Hyv\u00e4 analyysi,<\/li>\n<li><a href=\"https:\/\/www.cbsnews.com\/news\/russian-troops-take-command-of-us-airbase-kobani-northern-syria-2019-11-17\/\" target=\"_blank\" rel=\"noopener\"><strong>CBS<\/strong><\/a> 17.11. 2019: <a href=\"https:\/\/www.cbsnews.com\/news\/russian-troops-take-command-of-us-airbase-kobani-northern-syria-2019-11-17\/\" target=\"_blank\" rel=\"noopener\">Pohjois-Syyria \u2013 Ven\u00e4j\u00e4n joukot ovat ottaneet komennon Yhdysvaltain lentotukikohdasta Pohjois-Syyriassa \u2013 ampumatta laukausta.<\/a> Ven\u00e4j\u00e4n valtion tiedotusv\u00e4lineet n\u00e4yttiv\u00e4t kommandot j\u00e4rjest\u00e4m\u00e4ss\u00e4 sotilaallista hy\u00f6kk\u00e4yst\u00e4. Kopterit laskeutuvat p\u00f6lyiselle kiitotielle, joukot ottavat taisteluasemia. Ven\u00e4l\u00e4iset pelaavat <strong>Kobani<\/strong>n lentokent\u00e4n haltuunottoa voitoksi. Entinen Yhdysvaltain lentotukikohta, joka toimi Yhdysvaltojen ISIS-taistelun p\u00e4\u00e4asiallisena logistiikkakeskuksena , ja nyt sen yl\u00e4puolella leijuu Ven\u00e4j\u00e4n lippu.<\/li>\n<li><a href=\"https:\/\/www.americanprogress.org\/article\/russian-flags-american-base\/\" target=\"_blank\" rel=\"noopener\"><strong>Brian Katulis<\/strong> \/ <strong>Center for American Progress<\/strong><\/a> 08,12, 2029<em>; <\/em><a href=\"https:\/\/www.americanprogress.org\/article\/russian-flags-american-base\/\" target=\"_blank\" rel=\"noopener\">Ven\u00e4j\u00e4n liput amerikkalaisen tukikohdan yll\u00e4<\/a>; Trumpin holtiton Syyria-politiikka tekee Amerikasta v\u00e4hemm\u00e4n turvallista ja vahvistaa Putinin Ven\u00e4j\u00e4\u00e4.<\/li>\n<li><a href=\"https:\/\/www.themoscowtimes.com\/2019\/12\/26\/russia-takes-over-third-us-base-syria-a68751\" target=\"_blank\" rel=\"noopener\"><strong>The Moscow Time<\/strong><\/a>s 26.12. 2029: <a href=\"https:\/\/www.themoscowtimes.com\/2019\/12\/26\/russia-takes-over-third-us-base-syria-a68751\" target=\"_blank\" rel=\"noopener\">Ven\u00e4j\u00e4 ottaa haltuunsa Yhdysvaltain kolmannen tukikohdan Syyriassa<\/a>.<\/li>\n<li><a href=\"https:\/\/avia.pro\/blog\/novosti-sirii-7-oktyabrya-2019-goda-amerikanskie-voennye-ekstrenno-pokidayut-sever-sirii-sds\" target=\"_blank\" rel=\"noopener\"><strong>Avia.pro<\/strong><\/a> 07.10. 2029: <a href=\"https:\/\/avia.pro\/blog\/novosti-sirii-7-oktyabrya-2019-goda-amerikanskie-voennye-ekstrenno-pokidayut-sever-sirii-sds\" target=\"_blank\" rel=\"noopener\">Yhdysvaltain armeija l\u00e4htee kiireesti Pohjois-Syyriasta, SDF syytti Yhdysvaltoja maanpetoksesta<\/a>,<\/li>\n<li><a href=\"https:\/\/avia.pro\/blog\/novosti-sirii-1-dekabrya-2019-goda-komanduyushchiy-sds-peredal-pod-kontrol-rossii-ryad-gorodov\" target=\"_blank\" rel=\"noopener\"><strong>Avia.pro<\/strong><\/a> 1.12. 2019. <a href=\"https:\/\/avia.pro\/blog\/novosti-sirii-1-dekabrya-2019-goda-komanduyushchiy-sds-peredal-pod-kontrol-rossii-ryad-gorodov\" target=\"_blank\" rel=\"noopener\">SDF:n komentaja siirsi useita kaupunkeja Ven\u00e4j\u00e4n hallintaan ja y\u00f6hy\u00f6kk\u00e4yksen Haman lentotukikohtaan.<\/a> (Video) Syyrian demokraattiset joukot luovuttivat vallan Ven\u00e4j\u00e4n armeijalle; Syyrian demokraattisten joukkojen komentaja k\u00e4yty\u00e4\u00e4n neuvotteluja korkea-arvoisen ven\u00e4l\u00e4isen sotilashenkil\u00f6st\u00f6n kanssa suostui siirt\u00e4m\u00e4\u00e4n ven\u00e4l\u00e4isen sotilashenkil\u00f6st\u00f6n hallintaan useita t\u00e4rkeit\u00e4 alueita, jotka olivat aiemmin aseistettujen kurdijoukkojen hallinnassa.<\/li>\n<li><a href=\"https:\/\/x.com\/kurdistannews24\/status\/1872558891122475518\" target=\"_blank\" rel=\"noopener\">https:\/\/x.com\/kurdistannews24\/status\/1872558891122475518<\/a>,<\/li>\n<\/ul>\n<blockquote class=\"wp-embedded-content\" data-secret=\"fLWW8DVkKt\"><p><a href=\"https:\/\/www.uutispeili.fi\/index.php\/2024\/12\/21\/venaja-vetaytyy-syyriasta-yhdysvallat-lisaa-joukkojaan\/\">Ven\u00e4j\u00e4 vet\u00e4ytyy Syyriasta, Yhdysvallat lis\u00e4\u00e4 joukkojaan?<\/a><\/p><\/blockquote>\n<p><iframe class=\"wp-embedded-content\" sandbox=\"allow-scripts\" security=\"restricted\" style=\"position: absolute; clip: rect(1px, 1px, 1px, 1px);\" title=\"&#8221;Ven\u00e4j\u00e4 vet\u00e4ytyy Syyriasta, Yhdysvallat lis\u00e4\u00e4 joukkojaan?&#8221; &#8212; \" src=\"https:\/\/www.uutispeili.fi\/index.php\/2024\/12\/21\/venaja-vetaytyy-syyriasta-yhdysvallat-lisaa-joukkojaan\/embed\/#?secret=a3F71nAHM1#?secret=fLWW8DVkKt\" data-secret=\"fLWW8DVkKt\" width=\"600\" height=\"338\" frameborder=\"0\" marginwidth=\"0\" marginheight=\"0\" scrolling=\"no\"><\/iframe><\/p>\n<blockquote class=\"wp-embedded-content\" data-secret=\"TFpvGmFHqX\"><p><a href=\"https:\/\/www.uutispeili.fi\/index.php\/2024\/12\/21\/kaksi-yhdysvaltain-senaattori-demrep-vaativat-pakotteita-erdogania-kohtaan\/\">Kaksi Yhdysvaltain senaattoria (Dem&#038;Rep) vaativat pakotteita Erdogania kohtaan<\/a><\/p><\/blockquote>\n<p><iframe class=\"wp-embedded-content\" sandbox=\"allow-scripts\" security=\"restricted\" style=\"position: absolute; clip: rect(1px, 1px, 1px, 1px);\" title=\"&#8221;Kaksi Yhdysvaltain senaattoria (Dem&#038;Rep) vaativat pakotteita Erdogania kohtaan&#8221; &#8212; \" src=\"https:\/\/www.uutispeili.fi\/index.php\/2024\/12\/21\/kaksi-yhdysvaltain-senaattori-demrep-vaativat-pakotteita-erdogania-kohtaan\/embed\/#?secret=9su0wphlfz#?secret=TFpvGmFHqX\" data-secret=\"TFpvGmFHqX\" width=\"600\" height=\"338\" frameborder=\"0\" marginwidth=\"0\" marginheight=\"0\" scrolling=\"no\"><\/iframe><\/p>\n<blockquote class=\"wp-embedded-content\" data-secret=\"u5WpR8mfvF\"><p><a href=\"https:\/\/www.uutispeili.fi\/index.php\/2024\/12\/20\/erdogan-julisti-sodan-syyrian-sdflle\/\">Erdogan julisti sodan Syyrian SDF:lle<\/a><\/p><\/blockquote>\n<p><iframe class=\"wp-embedded-content\" sandbox=\"allow-scripts\" security=\"restricted\" style=\"position: absolute; clip: rect(1px, 1px, 1px, 1px);\" title=\"&#8221;Erdogan julisti sodan Syyrian SDF:lle&#8221; &#8212; \" src=\"https:\/\/www.uutispeili.fi\/index.php\/2024\/12\/20\/erdogan-julisti-sodan-syyrian-sdflle\/embed\/#?secret=U3to6rk1QC#?secret=u5WpR8mfvF\" data-secret=\"u5WpR8mfvF\" width=\"600\" height=\"338\" frameborder=\"0\" marginwidth=\"0\" marginheight=\"0\" scrolling=\"no\"><\/iframe><\/p>\n<blockquote class=\"wp-embedded-content\" data-secret=\"hvYDvvntKd\"><p><a href=\"https:\/\/www.uutispeili.fi\/index.php\/2024\/12\/19\/pentagonin-kenraali-briiffaa-yhdysvaltain-itarannikon-drooneista-ja-syyrian-tilanteesta-suora\/\">Pentagonin kenraali briiffaa Yhdysvaltain it\u00e4rannikon drooneista, ja Syyrian tilanteesta (VIDEO)<\/a><\/p><\/blockquote>\n<p><iframe class=\"wp-embedded-content\" sandbox=\"allow-scripts\" security=\"restricted\" style=\"position: absolute; clip: rect(1px, 1px, 1px, 1px);\" title=\"&#8221;Pentagonin kenraali briiffaa Yhdysvaltain it\u00e4rannikon drooneista, ja Syyrian tilanteesta (VIDEO)&#8221; &#8212; \" src=\"https:\/\/www.uutispeili.fi\/index.php\/2024\/12\/19\/pentagonin-kenraali-briiffaa-yhdysvaltain-itarannikon-drooneista-ja-syyrian-tilanteesta-suora\/embed\/#?secret=DCYlikKRto#?secret=hvYDvvntKd\" data-secret=\"hvYDvvntKd\" width=\"600\" height=\"338\" frameborder=\"0\" marginwidth=\"0\" marginheight=\"0\" scrolling=\"no\"><\/iframe><\/p>\n<blockquote class=\"wp-embedded-content\" data-secret=\"sOnYGFyX6r\"><p><a href=\"https:\/\/www.uutispeili.fi\/index.php\/2024\/12\/19\/huono-uutinen-erdolle-ranska-vaatii-sdfn-ottamista-mukaan-syyrian-poliittiseen-siirtymavaiheeseen-senaattori-john-kennedy-vaati-turkkia-lopettamaan-eskaloimisen-syyriassa\/\">Huono uutinen Erdolle: Ranska vaatii SDF:n ottamista mukaan Syyrian poliittiseen siirtym\u00e4vaiheeseen, senaattori John Kennedy vaati Turkkia lopettamaan eskaloimisen Syyriassa<\/a><\/p><\/blockquote>\n<p><iframe class=\"wp-embedded-content\" sandbox=\"allow-scripts\" security=\"restricted\" style=\"position: absolute; clip: rect(1px, 1px, 1px, 1px);\" title=\"&#8221;Huono uutinen Erdolle: Ranska vaatii SDF:n ottamista mukaan Syyrian poliittiseen siirtym\u00e4vaiheeseen, senaattori John Kennedy vaati Turkkia lopettamaan eskaloimisen Syyriassa&#8221; &#8212; \" src=\"https:\/\/www.uutispeili.fi\/index.php\/2024\/12\/19\/huono-uutinen-erdolle-ranska-vaatii-sdfn-ottamista-mukaan-syyrian-poliittiseen-siirtymavaiheeseen-senaattori-john-kennedy-vaati-turkkia-lopettamaan-eskaloimisen-syyriassa\/embed\/#?secret=sJcRcZKJ8H#?secret=sOnYGFyX6r\" data-secret=\"sOnYGFyX6r\" width=\"600\" height=\"338\" frameborder=\"0\" marginwidth=\"0\" marginheight=\"0\" scrolling=\"no\"><\/iframe><\/p>\n<blockquote class=\"wp-embedded-content\" data-secret=\"sOnYGFyX6r\"><p><a href=\"https:\/\/www.uutispeili.fi\/index.php\/2024\/12\/19\/huono-uutinen-erdolle-ranska-vaatii-sdfn-ottamista-mukaan-syyrian-poliittiseen-siirtymavaiheeseen-senaattori-john-kennedy-vaati-turkkia-lopettamaan-eskaloimisen-syyriassa\/\">Huono uutinen Erdolle: Ranska vaatii SDF:n ottamista mukaan Syyrian poliittiseen siirtym\u00e4vaiheeseen, senaattori John Kennedy vaati Turkkia lopettamaan eskaloimisen Syyriassa<\/a><\/p><\/blockquote>\n<p><iframe class=\"wp-embedded-content\" sandbox=\"allow-scripts\" security=\"restricted\" style=\"position: absolute; clip: rect(1px, 1px, 1px, 1px);\" title=\"&#8221;Huono uutinen Erdolle: Ranska vaatii SDF:n ottamista mukaan Syyrian poliittiseen siirtym\u00e4vaiheeseen, senaattori John Kennedy vaati Turkkia lopettamaan eskaloimisen Syyriassa&#8221; &#8212; \" src=\"https:\/\/www.uutispeili.fi\/index.php\/2024\/12\/19\/huono-uutinen-erdolle-ranska-vaatii-sdfn-ottamista-mukaan-syyrian-poliittiseen-siirtymavaiheeseen-senaattori-john-kennedy-vaati-turkkia-lopettamaan-eskaloimisen-syyriassa\/embed\/#?secret=sJcRcZKJ8H#?secret=sOnYGFyX6r\" data-secret=\"sOnYGFyX6r\" width=\"600\" height=\"338\" frameborder=\"0\" marginwidth=\"0\" marginheight=\"0\" scrolling=\"no\"><\/iframe><\/p>\n<blockquote class=\"wp-embedded-content\" data-secret=\"RaaUdt99Fo\"><p><a href=\"https:\/\/www.uutispeili.fi\/index.php\/2024\/12\/18\/sdfn-komentaja-vaatii-sovintoa-ja-vuoropuhelua-huolimatta-kaikesta-turkin-aggressiosta-kobanea-ja-eufrat-aluetta-vastaan\/\">&#8221;SDF:n komentaja vaatii sovintoa ja vuoropuhelua huolimatta kaikesta Turkin aggressiosta Kobanea ja Eufrat-aluetta vastaan&#8221;<\/a><\/p><\/blockquote>\n<p><iframe class=\"wp-embedded-content\" sandbox=\"allow-scripts\" security=\"restricted\" style=\"position: absolute; clip: rect(1px, 1px, 1px, 1px);\" title=\"&#8221;&#8221;SDF:n komentaja vaatii sovintoa ja vuoropuhelua huolimatta kaikesta Turkin aggressiosta Kobanea ja Eufrat-aluetta vastaan&#8221;&#8221; &#8212; \" src=\"https:\/\/www.uutispeili.fi\/index.php\/2024\/12\/18\/sdfn-komentaja-vaatii-sovintoa-ja-vuoropuhelua-huolimatta-kaikesta-turkin-aggressiosta-kobanea-ja-eufrat-aluetta-vastaan\/embed\/#?secret=a0mEuVKBFE#?secret=RaaUdt99Fo\" data-secret=\"RaaUdt99Fo\" width=\"600\" height=\"338\" frameborder=\"0\" marginwidth=\"0\" marginheight=\"0\" scrolling=\"no\"><\/iframe><\/p>\n<blockquote class=\"wp-embedded-content\" data-secret=\"VcSwjJTqHf\"><p><a href=\"https:\/\/www.uutispeili.fi\/index.php\/2024\/12\/17\/ykn-syyria-erityislahettilas-vaatii-tulitaukoa-ja-osallistavaa-hallintoa\/\">YK:n Syyria-erityisl\u00e4hettil\u00e4s vaatii tulitaukoa ja &#8217;osallistavaa hallintoa&#8217;<\/a><\/p><\/blockquote>\n<p><iframe class=\"wp-embedded-content\" sandbox=\"allow-scripts\" security=\"restricted\" style=\"position: absolute; clip: rect(1px, 1px, 1px, 1px);\" title=\"&#8221;YK:n Syyria-erityisl\u00e4hettil\u00e4s vaatii tulitaukoa ja &#8217;osallistavaa hallintoa&#8217;&#8221; &#8212; \" src=\"https:\/\/www.uutispeili.fi\/index.php\/2024\/12\/17\/ykn-syyria-erityislahettilas-vaatii-tulitaukoa-ja-osallistavaa-hallintoa\/embed\/#?secret=39GFHqqbRp#?secret=VcSwjJTqHf\" data-secret=\"VcSwjJTqHf\" width=\"600\" height=\"338\" frameborder=\"0\" marginwidth=\"0\" marginheight=\"0\" scrolling=\"no\"><\/iframe><\/p>\n<blockquote class=\"wp-embedded-content\" data-secret=\"AB7B8UChpS\"><p><a href=\"https:\/\/www.uutispeili.fi\/index.php\/2024\/12\/16\/syyria-turkki-torjuu-aselevon-manbijissa-kristityt-pelkaavat-hasakahissa-vaarallinen-kaanne\/\">Syyria: Turkki torjuu aselevon Manbijissa, kristityt pelk\u00e4\u00e4v\u00e4t Hasakahissa, -vaarallinen k\u00e4\u00e4nne<\/a><\/p><\/blockquote>\n<p><iframe class=\"wp-embedded-content\" sandbox=\"allow-scripts\" security=\"restricted\" style=\"position: absolute; clip: rect(1px, 1px, 1px, 1px);\" title=\"&#8221;Syyria: Turkki torjuu aselevon Manbijissa, kristityt pelk\u00e4\u00e4v\u00e4t Hasakahissa, -vaarallinen k\u00e4\u00e4nne&#8221; &#8212; \" src=\"https:\/\/www.uutispeili.fi\/index.php\/2024\/12\/16\/syyria-turkki-torjuu-aselevon-manbijissa-kristityt-pelkaavat-hasakahissa-vaarallinen-kaanne\/embed\/#?secret=HBe02dZ7A8#?secret=AB7B8UChpS\" data-secret=\"AB7B8UChpS\" width=\"600\" height=\"338\" frameborder=\"0\" marginwidth=\"0\" marginheight=\"0\" scrolling=\"no\"><\/iframe><\/p>\n","protected":false},"excerpt":{"rendered":"<p>Republikaanipoliitikko Hazem Alghabra kertoi sunnuntaina North Pressille, ett\u00e4 Yhdysvallat jatkaa sitoutumistaan \u200b\u200bSyyriaan eik\u00e4 hylk\u00e4\u00e4 liittolaistaan terrorismin torjunnassa, Syyrian Democratic Forcesia (SDF). &#8221;Yhdysvaltain kongressin j\u00e4senten asenne ja meneill\u00e4\u00e4n oleva pakotelains\u00e4\u00e4d\u00e4nn\u00f6n valmistelu l\u00e4hett\u00e4\u00e4 selke\u00e4n viestin Koillis-Syyriaan. Washington ei hylk\u00e4\u00e4 liittolaisiaan.&#8221; Lokakuussa 2019, Turkin hy\u00f6k\u00e4tess\u00e4 siihen asti Syyrian sis\u00e4llissodasta jo t\u00e4ysin rauhoittuneeseen Pohjois-Syyriaan, Yhdysvallat veti joukkonsa alueelta suurella [&hellip;]<\/p>\n","protected":false},"author":3,"featured_media":4365,"comment_status":"open","ping_status":"open","sticky":false,"template":"","format":"standard","meta":{"footnotes":""},"categories":[31,71,122,123,127],"tags":[],"_links":{"self":[{"href":"https:\/\/www.uutispeili.fi\/index.php\/wp-json\/wp\/v2\/posts\/4361"}],"collection":[{"href":"https:\/\/www.uutispeili.fi\/index.php\/wp-json\/wp\/v2\/posts"}],"about":[{"href":"https:\/\/www.uutispeili.fi\/index.php\/wp-json\/wp\/v2\/types\/post"}],"author":[{"embeddable":true,"href":"https:\/\/www.uutispeili.fi\/index.php\/wp-json\/wp\/v2\/users\/3"}],"replies":[{"embeddable":true,"href":"https:\/\/www.uutispeili.fi\/index.php\/wp-json\/wp\/v2\/comments?post=4361"}],"version-history":[{"count":6,"href":"https:\/\/www.uutispeili.fi\/index.php\/wp-json\/wp\/v2\/posts\/4361\/revisions"}],"predecessor-version":[{"id":4412,"href":"https:\/\/www.uutispeili.fi\/index.php\/wp-json\/wp\/v2\/posts\/4361\/revisions\/4412"}],"wp:featuredmedia":[{"embeddable":true,"href":"https:\/\/www.uutispeili.fi\/index.php\/wp-json\/wp\/v2\/media\/4365"}],"wp:attachment":[{"href":"https:\/\/www.uutispeili.fi\/index.php\/wp-json\/wp\/v2\/media?parent=4361"}],"wp:term":[{"taxonomy":"category","embeddable":true,"href":"https:\/\/www.uutispeili.fi\/index.php\/wp-json\/wp\/v2\/categories?post=4361"},{"taxonomy":"post_tag","embeddable":true,"href":"https:\/\/www.uutispeili.fi\/index.php\/wp-json\/wp\/v2\/tags?post=4361"}],"curies":[{"name":"wp","href":"https:\/\/api.w.org\/{rel}","templated":true}]}}