{"id":4294,"date":"2024-12-18T23:25:31","date_gmt":"2024-12-18T23:25:31","guid":{"rendered":"https:\/\/www.uutispeili.fi\/?p=4294"},"modified":"2024-12-18T23:25:31","modified_gmt":"2024-12-18T23:25:31","slug":"fed-laski-ohjauskorkoa-kolmannen-kerran-syksyn-aikana","status":"publish","type":"post","link":"https:\/\/www.uutispeili.fi\/index.php\/2024\/12\/18\/fed-laski-ohjauskorkoa-kolmannen-kerran-syksyn-aikana\/","title":{"rendered":"Fed laski ohjauskorkoa kolmannen kerran syksyn aikana"},"content":{"rendered":"<p><strong>Yhdysvaltain Federal Reserven johtaja Jerome Powell ilmoitti my\u00f6h\u00e4\u00e4n keskiviikkona, ett\u00e4 Fed laskee viitekorkoaan. Koronlasku on jo kolmas per\u00e4kk\u00e4inen.<\/strong><br \/>\n(Kuva: Fed\/Youtube)<\/p>\n<p>Yhdysvaltain keskuspankki <strong>Federal Reserve<\/strong> ilmoitti 18. joulukuuta, kaksip\u00e4iv\u00e4isen kokouksensa p\u00e4\u00e4tteeksi,\u00a0laskevansa ohjauskorkoja 4,25-4,50 prosenttiin.\u00a0\u00a0Yhdysvaltain keskuspankin puheenjohtaja <strong>Jerome Powell<\/strong> sanoi: &#8221;<em>Yhdysvallat on kaiken kaikkiaan vahva. Ty\u00f6tt\u00f6myysasteen ennuste on t\u00e4n\u00e4 vuonna 4,2 prosenttia ja l\u00e4hivuosina 4,3 prosenttia. Inflaatio on hidastunut merkitt\u00e4v\u00e4sti viimeisen kahden vuoden aikana, mutta on edelleen jonkin verran kohonnut verrattuna 2 prosentin pidemm\u00e4n aikav\u00e4lin tavoitteeseen.<\/em>&#8221;<\/p>\n<p>Markkinat reagoivat koronlaskuilmoitukseen hienoisella laskulla: <strong>Dow Jones<\/strong>in kurssi laski 0,25 prosenttia ja <strong>Nasdaq<\/strong> 0,56 prosenttia. Ennen Fedin p\u00e4\u00e4t\u00f6ksen julkistamista k\u00e4ydyss\u00e4 vilkkaassa kaupank\u00e4ynniss\u00e4 Dow Jones nousi 0,35 prosenttia ja Nasdaq 0,25 prosenttia.<\/p>\n<p>P\u00e4\u00e4t\u00f6s oli jo\u00a0kolmas koronlasku syksyn aikana: Ensimm\u00e4inen syyskuussa ja toinen marraskuussa.\u00a0<img loading=\"lazy\" decoding=\"async\" class=\"alignnone size-full wp-image-144\" src=\"https:\/\/www.uutispeili.fi\/wp-content\/uploads\/2023\/11\/di.gold_.gif\" alt=\"\" width=\"11\" height=\"11\" \/><\/p>\n<p><iframe loading=\"lazy\" title=\"FOMC Press Conference December 18, 2024\" src=\"https:\/\/www.youtube.com\/embed\/0Utdrmm6NpI\" width=\"899\" height=\"480\" frameborder=\"0\" allowfullscreen=\"allowfullscreen\"><\/iframe><\/p>\n<p>Aloittakaa katselu kohdasta 52:22, -Jerome Powell astuu silloin lavalle. (Videointi: Fed.)<\/p>\n<blockquote class=\"wp-embedded-content\" data-secret=\"2YqiwYETEZ\"><p><a href=\"https:\/\/www.uutispeili.fi\/index.php\/2024\/11\/07\/kuinka-paljon-fed-laskee-korkoa-pressi-suorana-2100\/\">Kuinka paljon Fed laskee korkoa? (Pressi suorana 21:00)<\/a><\/p><\/blockquote>\n<p><iframe class=\"wp-embedded-content\" sandbox=\"allow-scripts\" security=\"restricted\" style=\"position: absolute; clip: rect(1px, 1px, 1px, 1px);\" title=\"&#8221;Kuinka paljon Fed laskee korkoa? (Pressi suorana 21:00)&#8221; &#8212; \" src=\"https:\/\/www.uutispeili.fi\/index.php\/2024\/11\/07\/kuinka-paljon-fed-laskee-korkoa-pressi-suorana-2100\/embed\/#?secret=D6hvNBx7kx#?secret=2YqiwYETEZ\" data-secret=\"2YqiwYETEZ\" width=\"600\" height=\"338\" frameborder=\"0\" marginwidth=\"0\" marginheight=\"0\" scrolling=\"no\"><\/iframe><\/p>\n<blockquote class=\"wp-embedded-content\" data-secret=\"DU3m9AW0mc\"><p><a href=\"https:\/\/www.uutispeili.fi\/index.php\/2024\/11\/14\/valtinvarainministeri-osallistui-talousseminaariin\/\">Valtionvarainministeri osallistui talousseminaariin<\/a><\/p><\/blockquote>\n<p><iframe class=\"wp-embedded-content\" sandbox=\"allow-scripts\" security=\"restricted\" style=\"position: absolute; clip: rect(1px, 1px, 1px, 1px);\" title=\"&#8221;Valtionvarainministeri osallistui talousseminaariin&#8221; &#8212; \" src=\"https:\/\/www.uutispeili.fi\/index.php\/2024\/11\/14\/valtinvarainministeri-osallistui-talousseminaariin\/embed\/#?secret=bHAhx1npyr#?secret=DU3m9AW0mc\" data-secret=\"DU3m9AW0mc\" width=\"600\" height=\"338\" frameborder=\"0\" marginwidth=\"0\" marginheight=\"0\" scrolling=\"no\"><\/iframe><\/p>\n","protected":false},"excerpt":{"rendered":"<p>Yhdysvaltain Federal Reserven johtaja Jerome Powell ilmoitti my\u00f6h\u00e4\u00e4n keskiviikkona, ett\u00e4 Fed laskee viitekorkoaan. Koronlasku on jo kolmas per\u00e4kk\u00e4inen. (Kuva: Fed\/Youtube) Yhdysvaltain keskuspankki Federal Reserve ilmoitti 18. joulukuuta, kaksip\u00e4iv\u00e4isen kokouksensa p\u00e4\u00e4tteeksi,\u00a0laskevansa ohjauskorkoja 4,25-4,50 prosenttiin.\u00a0\u00a0Yhdysvaltain keskuspankin puheenjohtaja Jerome Powell sanoi: &#8221;Yhdysvallat on kaiken kaikkiaan vahva. Ty\u00f6tt\u00f6myysasteen ennuste on t\u00e4n\u00e4 vuonna 4,2 prosenttia ja l\u00e4hivuosina 4,3 prosenttia. Inflaatio [&hellip;]<\/p>\n","protected":false},"author":3,"featured_media":4295,"comment_status":"open","ping_status":"open","sticky":false,"template":"","format":"standard","meta":{"footnotes":""},"categories":[22,127],"tags":[],"_links":{"self":[{"href":"https:\/\/www.uutispeili.fi\/index.php\/wp-json\/wp\/v2\/posts\/4294"}],"collection":[{"href":"https:\/\/www.uutispeili.fi\/index.php\/wp-json\/wp\/v2\/posts"}],"about":[{"href":"https:\/\/www.uutispeili.fi\/index.php\/wp-json\/wp\/v2\/types\/post"}],"author":[{"embeddable":true,"href":"https:\/\/www.uutispeili.fi\/index.php\/wp-json\/wp\/v2\/users\/3"}],"replies":[{"embeddable":true,"href":"https:\/\/www.uutispeili.fi\/index.php\/wp-json\/wp\/v2\/comments?post=4294"}],"version-history":[{"count":2,"href":"https:\/\/www.uutispeili.fi\/index.php\/wp-json\/wp\/v2\/posts\/4294\/revisions"}],"predecessor-version":[{"id":4298,"href":"https:\/\/www.uutispeili.fi\/index.php\/wp-json\/wp\/v2\/posts\/4294\/revisions\/4298"}],"wp:featuredmedia":[{"embeddable":true,"href":"https:\/\/www.uutispeili.fi\/index.php\/wp-json\/wp\/v2\/media\/4295"}],"wp:attachment":[{"href":"https:\/\/www.uutispeili.fi\/index.php\/wp-json\/wp\/v2\/media?parent=4294"}],"wp:term":[{"taxonomy":"category","embeddable":true,"href":"https:\/\/www.uutispeili.fi\/index.php\/wp-json\/wp\/v2\/categories?post=4294"},{"taxonomy":"post_tag","embeddable":true,"href":"https:\/\/www.uutispeili.fi\/index.php\/wp-json\/wp\/v2\/tags?post=4294"}],"curies":[{"name":"wp","href":"https:\/\/api.w.org\/{rel}","templated":true}]}}