{"id":4241,"date":"2024-12-16T18:40:53","date_gmt":"2024-12-16T18:40:53","guid":{"rendered":"https:\/\/www.uutispeili.fi\/?p=4241"},"modified":"2024-12-16T18:40:54","modified_gmt":"2024-12-16T18:40:54","slug":"pre-attack-indicators-ja-poliittinen-vakivalta","status":"publish","type":"post","link":"https:\/\/www.uutispeili.fi\/index.php\/2024\/12\/16\/pre-attack-indicators-ja-poliittinen-vakivalta\/","title":{"rendered":"&#8221;Pre attack indicators&#8221;, ja poliittinen v\u00e4kivalta"},"content":{"rendered":"<p><strong>V\u00e4kivalta, -satunnainen tai kohdistettu- voi osua 2000-luvun &#8221;<em>uudessa normaalissa<\/em>&#8221; aivan kehen tahansa, -ja t\u00e4m\u00e4 <em>aggression normalisoituminen<\/em> saattaa k\u00e4tke\u00e4 meilt\u00e4 nousevan poliittisen v\u00e4kivallan. Tarkastelemme.\u00a0<\/strong><\/p>\n<p>Mainion <em>Iltalehden<\/em> (linkki alhaalla)etsim\u00e4 asiantuntija (-tuntee oikeesti asiansa) kertoo meille tolvanoille, ettemme osaa n\u00e4hd\u00e4 v\u00e4kivaltaisen purkauksen ennakkomerkkej\u00e4 (&#8217;<em>pre attack indicators<\/em>&#8217;), joten altistumme v\u00e4kivallalle, jonka voisimme v\u00e4ltt\u00e4\u00e4, -olemalla tarkkaavaisempia. Havainto ja neuvo ovat oikeita, mutta jatkammekin poliittisesta v\u00e4kivallasta.<\/p>\n<p><strong>Eduskunnan sote-valiokunnan<\/strong> puheenjohtajaan <strong>Krista Kiuru<\/strong>un (sosdem.) on parisen viikkoa kohdistunut k\u00e4rkev\u00e4\u00e4 julkista arvostelua -asiasta tai asiatta- mill\u00e4 saattaa olla\u00a0 jokin rooli viime perjantain v\u00e4likohtauksessa. Huomaahan lukija, ett\u00e4 tarkastelen asiaa teoreettisesti, -en tapauskohtaisesti.<\/p>\n<blockquote><p>V\u00e4kivaltaan johtava impulssi kehittyy yleens\u00e4 tekij\u00e4n mieless\u00e4, kokemusten ja akuutin mielentilan, ja opitun k\u00e4ytt\u00e4ytymisen vuorovaikutuksena. -Unohtakaa uhrin syyllist\u00e4minen.<\/p><\/blockquote>\n<p>Krista Kiurun tapauksessa tekij\u00e4, jo kiinniotettu ja tekonsa my\u00f6nt\u00e4nyt &#8217;<em>34-vuorias mies<\/em>&#8221;, on kertonut ly\u00f6nti\u00e4\u00e4n edelt\u00e4neist\u00e4 tapahtumista <strong>Kaisaniemen<\/strong> puistossa, ja tapaus on silt\u00e4 osin (ilmeisesti) selvitetty, mutta yksi kysymys j\u00e4\u00e4: Oliko Krista Kiuruun kohdistunut julkinen kritiikki -tai kritiikiksi naamioitu &#8217;<em>koulukiusaaminen<\/em>&#8217;- antanut tekij\u00e4lle (alitajuntaan j\u00e4\u00e4neen) muistij\u00e4ljen, ett\u00e4 nimenomaan kansanedustaja Kiuru on *<em>yleisesti hyv\u00e4ksytty aggression kohde<\/em>&#8221;?<\/p>\n<p>Kertaan:<\/p>\n<ul>\n<li>V\u00e4kivalta-impulssi syntyy tekij\u00e4n mieless\u00e4, frustraatioiden, traumojen, etc. etc. vaikutuksesta.<\/li>\n<li>Sitten tekij\u00e4 l\u00f6yt\u00e4\u00e4\/tunnistaa *<em>sallitun<\/em>* kohteen, ja<\/li>\n<li>sitten tapahtuu teko.<\/li>\n<\/ul>\n<p>Meid\u00e4n tuleekin kysy\u00e4 itselt\u00e4mme, olemmeko moittineet edustaja Kiurua -tai <em><strong>ket\u00e4 tahansa<\/strong><\/em> (-pit\u00e4k\u00e4\u00e4 t\u00e4m\u00e4 mieless\u00e4!) tavalla, joka on voinut antaa perjantain hy\u00f6kk\u00e4yksen tekij\u00e4lle k\u00e4sityksen, ett\u00e4 juuri t\u00e4m\u00e4n henkil\u00f6n ly\u00f6minen on yleisesti hyv\u00e4ksytty\u00e4, jopa kannustettua? (<em>#dehumanisointi, #demonisointi, #sananvastuu<\/em>.)<\/p>\n<p>Perjantainen pahoinpitely Helsingin Kaisaniemess\u00e4 n\u00e4ytt\u00e4ytyy -t\u00e4m\u00e4n hetken tietojen valossa- mit\u00e4 arkip\u00e4iv\u00e4isemp\u00e4n\u00e4 ja tavanomaisempana &#8217;<em>Kaisiksen juttuna<\/em>&#8217;, mutta <strong>Timo Soini<\/strong>n (PS\/Siniset) ja <strong>Ben Zyskowicz<\/strong>in (Kokoomus) pahoinpitelyt osuvat l\u00e4hemm\u00e4s em. m\u00e4\u00e4ritelm\u00e4\u00e4: Henkil\u00f6\u00e4 on jo pidemm\u00e4n aikaa &#8217;<strong><em>maalitettu<\/em><\/strong>&#8217; jonkun toimesta -suurehkolla median\u00e4kyvyydell\u00e4- ja &#8217;<strong><em>sosiaalinen tilaus<\/em><\/strong>&#8217; (-siis siksi kuviteltu) on l\u00f6yt\u00e4nyt tekij\u00e4ns\u00e4.<\/p>\n<p>Henkil\u00f6\u00f6n kohdistuvasta <strong><em>dehumanisoimis<\/em><\/strong>-kampanjasta hyv\u00e4 esimerkki oli silloiseen p\u00e4\u00e4ministeriin <strong>Sanna<\/strong> <strong>Marin<\/strong>in &#8217;<em>mediamurha<\/em>&#8217; kes\u00e4-hein\u00e4kuussa 2022: Kampanjassa k\u00e4ytettiin sek\u00e4 h\u00e4m\u00e4r\u00e4per\u00e4isi\u00e4 toimijoita, ett\u00e4 ilmeisesti oikeudettomasti levitetty\u00e4 yksityisyyden alaista tietoa, -ja my\u00f6s levitt\u00e4j\u00e4n v\u00e4\u00e4r\u00e4ksi tiet\u00e4mi\u00e4 v\u00e4itteit\u00e4. Asian tekee mielenkiintoiseksi mm. se, ett\u00e4 <strong>poliisi<\/strong> (&#8221;p-lakit&#8221;) saivat jo viimeist\u00e4\u00e4n toukokuussa-22 vihjetiedon er\u00e4\u00e4n h\u00f6rh\u00f6ilevist\u00e4 &#8217;<em>natsi-larppaajista<\/em>&#8217; kootun 3-4:n lahtelaisen miesoletettu-joukon <strong>aseistautumisesta<\/strong> -n\u00e4in kertoo poliisin esitutkinta-aineisto- surmaamis-tarkoituksessa. -Kohteena oli siis po. k\u00f6yh\u00e4n kaveripiirin avattujen viestien mukaan <strong>Suomen p\u00e4\u00e4ministeri<\/strong>.<\/p>\n<p>Toukokuussa-22 oli &#8217;<em>mediamurhaksi<\/em>&#8217; nime\u00e4m\u00e4ni kampanja viel\u00e4 edess\u00e4, SDP:n tilaisuus <strong>Lahden<\/strong> torilla 24.08. 2022 vain harvojen jos kenenk\u00e4\u00e4n tiedossa. -Pojat vaan v\u00e4s\u00e4siv\u00e4t 3D-tulosteista pyssyj\u00e4, &#8217;<em>Mein<\/em> <em>Kamf<\/em>:n lueskelun(?) lomassa. Jotain vuotta my\u00f6hemmin heid\u00e4t tuomittiinkin &#8217;<em>ampuma-aserikoksista<\/em>&#8217; <strong>P\u00e4ij\u00e4t-H\u00e4meen k\u00e4r\u00e4j\u00e4oikeudessa<\/strong>.<\/p>\n<h3><em>&#8217;\u00c4l\u00e4 koskaan tapa poliittista vastustajaa\/kilpailijaa, ennen kuin olet mustannut h\u00e4nen maineensa, tai h\u00e4p\u00e4issyt h\u00e4net&#8217;<\/em><\/h3>\n<p>Er\u00e4\u00e4ss\u00e4 <em>manuaalissa<\/em>, joka levi\u00e4\u00e4 rajoitetusti poliittisissa h\u00e4m\u00e4r\u00e4piireiss\u00e4 (sic!), painotetaan mm: &#8217;\u00c4l\u00e4 koskaan tapa poliittista vastustajaa\/kilpailijaa, ennen kuin olet mustannut h\u00e4nen maineensa, tai h\u00e4p\u00e4issyt h\u00e4net.&#8217; -Ajoitus t\u00e4sm\u00e4\u00e4: Media\/some-kampanjointi (&#8221;<em>jauhojengi<\/em>&#8221;, etc.) hein\u00e4kuussa-22, mahdollinen &#8221;<em>3D-natsien&#8221;<\/em> isku <strong>Lahden torilla<\/strong> 24.08. 2022. -Kun 1. vaihe oli valmis, siirryttiin <em>seuraavalle levellille<\/em>.<\/p>\n<p>&#8221;<em>Tussarien<\/em>&#8221; rakentelu paljastui my\u00f6s <strong>J\u00e4ms\u00e4<\/strong>ss\u00e4 tapahtuneen <strong>Perussuomalaisten<\/strong> Keski-Suomen vaalip\u00e4\u00e4llik\u00f6n murhan yrityksen esitutkinnassa, mutta onneksi t\u00e4ss\u00e4 maassa on niin hyv\u00e4 poliisi, ettei t\u00e4\u00e4ll\u00e4 koskaan tapahdu mit\u00e4\u00e4n. <em>J\u00e4ms\u00e4n-juttua<\/em> tutkittiin kauan ja hartaasti, vankeuttakin k\u00e4ytt\u00e4en, mutta kukaan ei liene t\u00e4t\u00e4 kirjoitettaessa edes ep\u00e4iltyn\u00e4.<\/p>\n<p>L\u00f6ysimme v\u00e4kivaltatilannetta kokeneita -tai nippa-nappa silt\u00e4 v\u00e4lttyneit\u00e4- poliitikkoja useita: Jo mainitut Timo Soini, Ben Zyskowicz, <strong>Juha Sipil\u00e4<\/strong> (Keskusta), &#8230; -N\u00e4iss\u00e4 tapauksissa n\u00e4ytt\u00e4\u00e4 silt\u00e4, ett\u00e4 &#8217;<strong><em>vihapuhe<\/em><\/strong>&#8217; on l\u00f6yt\u00e4nyt toteuttajansa, ja t\u00e4m\u00e4 kohteensa.\u00a0 Sipil\u00e4\u00e4 yritettiin pahoinpidell\u00e4 matkalla Postitalolta <strong>Eduskunnan p\u00e4\u00e4ovelle<\/strong>. Tapahtumapaikka n\u00e4kyy ja j\u00e4\u00e4 videonauhalle, ja Sipil\u00e4n tapaus selvitettiinkin nopeasti, kiitos <strong>eduskuntatalon portaiden<\/strong> suuntaan katsovan Eduskunnan valvontakameran.<\/p>\n<p>T\u00e4ll\u00e4 samalla paikalla tapahtui 06.03. 1982 tragedia: Kansanedustaja <strong>Tellervo M. Koivisto<\/strong> (SDP), &#8221;<em>Tampereen<\/em> <em>Tellervo<\/em>&#8221;, puolueensa radikaalisiivest\u00e4, kaatui j\u00e4isill\u00e4 portailla -kenenk\u00e4\u00e4n n\u00e4kem\u00e4tt\u00e4- ja menehtyi p\u00e4\u00e4n alueelle osuneeseen vammaan. Aikalaiset kuvailivat h\u00e4nt\u00e4 rehelliseksi ja periaatteelliseksi. Sipil\u00e4n ja T.M.Koiviston tapauksilla ei ole muuta yhteist\u00e4, kuin paikka (l\u00e4hes). -T\u00e4m\u00e4 antoi aiheen muisteluun.<\/p>\n<h3>Johdantoni j\u00e4lkeen menen siihen, mit\u00e4 otsikossa lupasin:\u00a0 &#8221;<em>Pre attack indicators<\/em>&#8221;<\/h3>\n<blockquote><p>-Jos osaat tunnistaa uhkaavan tilanteen merkit, voit ehk\u00e4 v\u00e4ltt\u00e4\u00e4 vaaran. Toki, et saa koskaan tiet\u00e4\u00e4, oliko varovaisuutesi aiheellista, mutta luulen ett\u00e4 se ei ole Sinulle kaikkein oleellisin asia? Siteeraan l\u00e4hteit\u00e4, mit\u00e4 *<strong><em>poliittisen murhan<\/em><\/strong>* formaatista tiedet\u00e4\u00e4n:<\/p><\/blockquote>\n<p>Tekij\u00e4ksi poimitaan jostain ammattilainen, -silloinkin kun jokin h\u00e4r\u00f6-osasto on tuotu paikalle (Lahden tori) haittaamaan tutkimuksia. Ammattimies toimii aina <em>professionaalisest<\/em>i:<\/p>\n<ul>\n<li>Ammattimies valitsee ja <em>valmistelee<\/em> AINA <strong>tapahtumapaikan.<\/strong><\/li>\n<li>Siksi h\u00e4nen\/heid\u00e4n on otettava selville Sinun tavanomaiset liikkeesi,<\/li>\n<li>-se ei riit\u00e4: Heill\u00e4 pit\u00e4\u00e4 olla <strong>reaaliaikainen ajoitus<\/strong>: Milloin (tunti:minuutti:sekunti) l\u00e4hdet liikkeelle olinpaikastasi. -Onhan heill\u00e4 jo laskelma, kuinka monta minuuttia\/sekuntia Sinulta kuluu saapumiseen &#8221;<em>treffeille<\/em>&#8221;, joita et ole sopinut. -T\u00e4m\u00e4n tiedon kertoo heille joku, jota et osaa ep\u00e4ill\u00e4.<\/li>\n<\/ul>\n<p>Sitten se <em>indicator<\/em>:<\/p>\n<p>Teet l\u00e4ht\u00f6\u00e4 paikassa, jossa on muitakin (toimisto, tms.), ja lipsautat \u00e4\u00e4neen: &#8221;<em>Menenkin nyt Postitalon<\/em> <em>kahvilaan&#8230;<\/em>&#8221; -Fiktiivinen esimerkki, mutta Helsingin Rautatieaseman Postitalon-puoleisella aukiollahan on sattunut joskus&#8230;?<\/p>\n<p>En halua Sinua osaksi surullista tilastoa, joten simmut auki! -Ehk\u00e4 huomaat huoneessa jonkun, jonka olemuksessa -kehonkieless\u00e4- tapahtuu jokin &#8217;<em>v\u00e4r\u00e4hdys<\/em>&#8217;, kun mainitset matkasi kohteen. Kysy itselt\u00e4si:<\/p>\n<ul>\n<li>&#8221;MIKSI t\u00e4m\u00e4 mit\u00e4t\u00f6n seikka (milloin olet kohteessasi) merkitsee tuolle henkil\u00f6lle?<\/li>\n<\/ul>\n<p>Noniin, Sinulla on avainkysymys, etk\u00e4 vastausta mihink\u00e4\u00e4n tarvitse: Muutat suunnitelmaasi, aikatauluasi. -Et tarvitse syyt\u00e4, reagoit mahdolliseen, pid\u00e4t huolta itsest\u00e4si, &#8211;<em>Sinua tarvitaan viel\u00e4!<\/em><\/p>\n<p>Esimerkkini oli mielivaltaisesti poimittu, mutta jostakin Sinun pit\u00e4\u00e4 aloittaa: Aloitat asennemuutoksesta, -toivotan menestyst\u00e4. <em>Idus Martii, <\/em>maaliskuun (sodanjumalan <strong>Mars<\/strong>in kuukauden) ensimm\u00e4inen t\u00e4ysikuu, j\u00e4i <strong>Rooman<\/strong> historiaan, ja <strong>Brutus<\/strong>kin j\u00e4tti jonkin sloganin kiert\u00e4m\u00e4\u00e4n.<\/p>\n<p>Suomessa ja maailmalla l\u00e4hestyt\u00e4\u00e4n juuri nyt kaikki ristiriidat k\u00e4rjist\u00e4v\u00e4\u00e4 <strong><em>megamultikriisi\u00e4<\/em><\/strong>. -Sellaisina aikoina kynnys k\u00e4ytt\u00e4\u00e4 muulloin ep\u00e4tavallisia keinoja madaltuu.<\/p>\n<p>Kiitos ajank\u00e4yt\u00f6st\u00e4nne!<\/p>\n<p>Pekka Kemppainen<\/p>\n<p>Luettavaa:<\/p>\n<p><a href=\"https:\/\/www.iltalehti.fi\/kotimaa\/a\/67b3eb58-2393-45f8-a321-318f7145af9b\" target=\"_blank\" rel=\"noopener\">Iltalehti<\/a> 16.12. 2014,<\/p>\n","protected":false},"excerpt":{"rendered":"<p>V\u00e4kivalta, -satunnainen tai kohdistettu- voi osua 2000-luvun &#8221;uudessa normaalissa&#8221; aivan kehen tahansa, -ja t\u00e4m\u00e4 aggression normalisoituminen saattaa k\u00e4tke\u00e4 meilt\u00e4 nousevan poliittisen v\u00e4kivallan. Tarkastelemme.\u00a0 Mainion Iltalehden (linkki alhaalla)etsim\u00e4 asiantuntija (-tuntee oikeesti asiansa) kertoo meille tolvanoille, ettemme osaa n\u00e4hd\u00e4 v\u00e4kivaltaisen purkauksen ennakkomerkkej\u00e4 (&#8217;pre attack indicators&#8217;), joten altistumme v\u00e4kivallalle, jonka voisimme v\u00e4ltt\u00e4\u00e4, -olemalla tarkkaavaisempia. Havainto ja neuvo ovat [&hellip;]<\/p>\n","protected":false},"author":3,"featured_media":4245,"comment_status":"open","ping_status":"open","sticky":false,"template":"","format":"standard","meta":{"footnotes":""},"categories":[14],"tags":[],"_links":{"self":[{"href":"https:\/\/www.uutispeili.fi\/index.php\/wp-json\/wp\/v2\/posts\/4241"}],"collection":[{"href":"https:\/\/www.uutispeili.fi\/index.php\/wp-json\/wp\/v2\/posts"}],"about":[{"href":"https:\/\/www.uutispeili.fi\/index.php\/wp-json\/wp\/v2\/types\/post"}],"author":[{"embeddable":true,"href":"https:\/\/www.uutispeili.fi\/index.php\/wp-json\/wp\/v2\/users\/3"}],"replies":[{"embeddable":true,"href":"https:\/\/www.uutispeili.fi\/index.php\/wp-json\/wp\/v2\/comments?post=4241"}],"version-history":[{"count":3,"href":"https:\/\/www.uutispeili.fi\/index.php\/wp-json\/wp\/v2\/posts\/4241\/revisions"}],"predecessor-version":[{"id":4246,"href":"https:\/\/www.uutispeili.fi\/index.php\/wp-json\/wp\/v2\/posts\/4241\/revisions\/4246"}],"wp:featuredmedia":[{"embeddable":true,"href":"https:\/\/www.uutispeili.fi\/index.php\/wp-json\/wp\/v2\/media\/4245"}],"wp:attachment":[{"href":"https:\/\/www.uutispeili.fi\/index.php\/wp-json\/wp\/v2\/media?parent=4241"}],"wp:term":[{"taxonomy":"category","embeddable":true,"href":"https:\/\/www.uutispeili.fi\/index.php\/wp-json\/wp\/v2\/categories?post=4241"},{"taxonomy":"post_tag","embeddable":true,"href":"https:\/\/www.uutispeili.fi\/index.php\/wp-json\/wp\/v2\/tags?post=4241"}],"curies":[{"name":"wp","href":"https:\/\/api.w.org\/{rel}","templated":true}]}}