{"id":4113,"date":"2024-12-07T19:55:58","date_gmt":"2024-12-07T19:55:58","guid":{"rendered":"https:\/\/www.uutispeili.fi\/?p=4113"},"modified":"2024-12-07T22:41:23","modified_gmt":"2024-12-07T22:41:23","slug":"syyrian-kohtalosta-neuvotellaan-tanaan-dohassa-qatarissa","status":"publish","type":"post","link":"https:\/\/www.uutispeili.fi\/index.php\/2024\/12\/07\/syyrian-kohtalosta-neuvotellaan-tanaan-dohassa-qatarissa\/","title":{"rendered":"Syyrian kohtalosta neuvotellaan t\u00e4n\u00e4\u00e4n Dohassa, Qatarissa"},"content":{"rendered":"<p><strong>Qatarin p\u00e4\u00e4kaupungissa Dohassa alkoi t\u00e4n\u00e4\u00e4n Syyrian tulevaisuutta k\u00e4sittelev\u00e4 kokous, johon osallistuvat Irakin, Iranin, Jordanian, ja Egyptin erityisl\u00e4hettil\u00e4\u00e4t, ja\u00a0 YK:n Syyrian erityisl\u00e4hettil\u00e4s.<\/strong><\/p>\n<p>Kokouksen toiseen vaiheeseen osallistuvat my\u00f6s <strong> Qatarin, <\/strong><strong>Ven\u00e4j\u00e4n<\/strong>, <strong>Turkin<\/strong>\u00a0ja <strong>Saudi-Arabian<\/strong> edustajat. kokous pidet\u00e4\u00e4n Qatarin kutsusta. Saudeja edustaa ulkoministeri <strong>Faisal bin Farhan<\/strong>, ja <strong>YK<\/strong>:ta Syyrian erityisl\u00e4hettil\u00e4s <strong>Geir Pedersen<\/strong>.<\/p>\n<p>Keskusteluissa keskityt\u00e4\u00e4n Syyrian siirtym\u00e4kauden hallintoon, ja mahdolliseen uuden hallituksen muodostamiseen. L\u00e4hteet kertovat, ett\u00e4 <strong>Arabiemiirikunnissa<\/strong> k\u00e4yd\u00e4\u00e4n samanaikaisesti ep\u00e4virallisia neuvotteluja Syyrian hallituksen tulevan kokoonpanosta. <img loading=\"lazy\" decoding=\"async\" class=\"alignnone size-full wp-image-144\" src=\"https:\/\/www.uutispeili.fi\/wp-content\/uploads\/2023\/11\/di.gold_.gif\" alt=\"\" width=\"11\" height=\"11\" \/><\/p>\n<ul>\n<li>\u041f\u043e\u0434\u0440\u043e\u0431\u043d\u0435\u0435 \u043d\u0430: <a href=\"https:\/\/avia.pro\/news\/v-stolice-katara-reshayut-sudbu-bashara-asada-kapitulyaciya-mozhet-proizoyti-do-polunochi\" target=\"_blank\" rel=\"noopener\">https:\/\/avia.pro\/news\/v-stolice-katara-reshayut-sudbu-bashara-asada-kapitulyaciya-mozhet-proizoyti-do-polunochi<\/a><\/li>\n<\/ul>\n<p><img loading=\"lazy\" decoding=\"async\" class=\"aligncenter wp-image-4118 size-full\" src=\"https:\/\/www.uutispeili.fi\/wp-content\/uploads\/2024\/12\/astana00000.png\" alt=\"\" width=\"675\" height=\"807\" srcset=\"https:\/\/www.uutispeili.fi\/wp-content\/uploads\/2024\/12\/astana00000.png 675w, https:\/\/www.uutispeili.fi\/wp-content\/uploads\/2024\/12\/astana00000-251x300.png 251w\" sizes=\"(max-width: 675px) 100vw, 675px\" \/><\/p>\n","protected":false},"excerpt":{"rendered":"<p>Qatarin p\u00e4\u00e4kaupungissa Dohassa alkoi t\u00e4n\u00e4\u00e4n Syyrian tulevaisuutta k\u00e4sittelev\u00e4 kokous, johon osallistuvat Irakin, Iranin, Jordanian, ja Egyptin erityisl\u00e4hettil\u00e4\u00e4t, ja\u00a0 YK:n Syyrian erityisl\u00e4hettil\u00e4s. Kokouksen toiseen vaiheeseen osallistuvat my\u00f6s Qatarin, Ven\u00e4j\u00e4n, Turkin\u00a0ja Saudi-Arabian edustajat. kokous pidet\u00e4\u00e4n Qatarin kutsusta. Saudeja edustaa ulkoministeri Faisal bin Farhan, ja YK:ta Syyrian erityisl\u00e4hettil\u00e4s Geir Pedersen. Keskusteluissa keskityt\u00e4\u00e4n Syyrian siirtym\u00e4kauden hallintoon, ja mahdolliseen uuden [&hellip;]<\/p>\n","protected":false},"author":3,"featured_media":4079,"comment_status":"open","ping_status":"open","sticky":false,"template":"","format":"standard","meta":{"footnotes":""},"categories":[77],"tags":[],"_links":{"self":[{"href":"https:\/\/www.uutispeili.fi\/index.php\/wp-json\/wp\/v2\/posts\/4113"}],"collection":[{"href":"https:\/\/www.uutispeili.fi\/index.php\/wp-json\/wp\/v2\/posts"}],"about":[{"href":"https:\/\/www.uutispeili.fi\/index.php\/wp-json\/wp\/v2\/types\/post"}],"author":[{"embeddable":true,"href":"https:\/\/www.uutispeili.fi\/index.php\/wp-json\/wp\/v2\/users\/3"}],"replies":[{"embeddable":true,"href":"https:\/\/www.uutispeili.fi\/index.php\/wp-json\/wp\/v2\/comments?post=4113"}],"version-history":[{"count":3,"href":"https:\/\/www.uutispeili.fi\/index.php\/wp-json\/wp\/v2\/posts\/4113\/revisions"}],"predecessor-version":[{"id":4119,"href":"https:\/\/www.uutispeili.fi\/index.php\/wp-json\/wp\/v2\/posts\/4113\/revisions\/4119"}],"wp:featuredmedia":[{"embeddable":true,"href":"https:\/\/www.uutispeili.fi\/index.php\/wp-json\/wp\/v2\/media\/4079"}],"wp:attachment":[{"href":"https:\/\/www.uutispeili.fi\/index.php\/wp-json\/wp\/v2\/media?parent=4113"}],"wp:term":[{"taxonomy":"category","embeddable":true,"href":"https:\/\/www.uutispeili.fi\/index.php\/wp-json\/wp\/v2\/categories?post=4113"},{"taxonomy":"post_tag","embeddable":true,"href":"https:\/\/www.uutispeili.fi\/index.php\/wp-json\/wp\/v2\/tags?post=4113"}],"curies":[{"name":"wp","href":"https:\/\/api.w.org\/{rel}","templated":true}]}}