{"id":4078,"date":"2024-12-07T15:57:48","date_gmt":"2024-12-07T15:57:48","guid":{"rendered":"https:\/\/www.uutispeili.fi\/?p=4078"},"modified":"2024-12-07T19:35:36","modified_gmt":"2024-12-07T19:35:36","slug":"bashar-al-assadilla-tuli-hannan-alla-damaskossa-paniikki-hallituksen-kannattajien-joukossa","status":"publish","type":"post","link":"https:\/\/www.uutispeili.fi\/index.php\/2024\/12\/07\/bashar-al-assadilla-tuli-hannan-alla-damaskossa-paniikki-hallituksen-kannattajien-joukossa\/","title":{"rendered":"Bashar al-Assadilla &#8221;tuli h\u00e4nn\u00e4n alla&#8221;: Damaskossa paniikki hallituksen kannattajien joukossa"},"content":{"rendered":"<p>Damaskon <strong>Midan<\/strong>in kaupunginosassa mielenosoituksia Assadia vastaan, hallituksen sotilaat poistuneet <strong>Damaskon lentokent\u00e4lt\u00e4<\/strong>. Tuoreen tiedon mukaan Syyrian (hallituksen) armeijan sotilaita pakenee joukoittain <strong>Irak<\/strong>iin.<\/p>\n<p>(Kuvakoosteessa Assad levittelee k\u00e4si\u00e4\u00e4n, Syyrian armeijaa <strong>Qeimin<\/strong>iss\u00e4, Irakin rajalla, -nokka kohti Irakia.)<\/p>\n<p>Turkin tukemat jihadistit, <strong>HTS<\/strong> tai <strong>SNA<\/strong>, ovat 5km p\u00e4\u00e4ss\u00e4 Damaskosta, etel\u00e4ss\u00e4.<\/p>\n<p>Syyrian armeijan (SAA, Syrian Arab Army) 2 000 hallituksen sotilasta on ylitt\u00e4nyt rajan <strong>Irak<\/strong>iin, kertoi Irakin hallituksen tiedottaja <strong>Basim al-Awadi<\/strong> uutistoimisto-<strong>Rudaw<\/strong>ille t\u00e4n\u00e4\u00e4n. <strong>Al-Qainin<\/strong>:in raja-asema on nyt suljettu. -Vain Syyriassa olevat irakilaiset voivat ylitt\u00e4\u00e4 rajan Irakiin.<\/p>\n<p>&#8221;T\u00e4n\u00e4\u00e4n noin 2 000 Syyrian armeijan sotilasta etsi turvaa Irakin rajojen sis\u00e4puolelta ja saapui Irakiin luvallamme&#8221;, Basim al-Awadi sanoi.<\/p>\n<blockquote><p>&#8221;He kaikki ovat syyrialaisia \u200b\u200bja ovat tulleet Irakin maaper\u00e4lle varusteineen Syyrian hallituksen suostumuksella&#8221;, al-Awadi lis\u00e4si.<\/p><\/blockquote>\n<h2>Trump toistaa lokakuun 2019 politiikkaansa<\/h2>\n<p>Yhdysvaltain presidentiksi valittu (president elect)\u00a0 <strong>Donald Trump<\/strong> (rep) otti t\u00e4n\u00e4\u00e4n lauantaina kantaa Syyrian akuuttiin tilanteeseen, toistaen syksyn 2029 ymm\u00e4rt\u00e4m\u00e4tt\u00f6myytens\u00e4 L\u00e4hi-Id\u00e4n tilanteista:<\/p>\n<blockquote>\n<h3><em>&#8221;Syyrian konflikti ei ole Amerikan taistelua, eik\u00e4 sen pit\u00e4isi puuttua asiaan&#8221;<\/em><\/h3>\n<p>&#8221;Joka tapauksessa Syyria on sotku, mutta se ei ole yst\u00e4v\u00e4mme, eik\u00e4 Yhdysvalloilla pit\u00e4isi olla mit\u00e4\u00e4n tekemist\u00e4 sen kanssa. T\u00e4m\u00e4 ei ole meid\u00e4n taistelumme. Anna sen pelata. \u00c4l\u00e4 puutu asiaan\u201d, Trump sanoi viestiss\u00e4\u00e4n omalla some-kanavallaan <strong>Truth Social<\/strong>issa.<\/p><\/blockquote>\n<h3>Daraa kapinoitsijoilla (Turkilla) ja Homs piiritetty, Iran vet\u00e4\u00e4 joukkonsa Syyriasta<\/h3>\n<p data-aa-component=\"paragraph\" data-allow-readmode=\"\">Al-Assadin dynastialla on nyt l\u00e4ht\u00f6laskenta k\u00e4ynniss\u00e4. Hallituksen joukot (SAA) vet\u00e4ytyiv\u00e4t perjantaina (06.12.) uutisen mukaan t\u00e4rke\u00e4st\u00e4 <strong>Daraa<\/strong>:n kaupungista vapaaehtoisesti, saatuaan luvan luikkia Damaskoon.<\/p>\n<p class=\"body-1 paragraph\" data-aa-component=\"paragraph\" data-allow-readmode=\"\">Assadin vahva tukija, <strong>Iran<\/strong>, vet\u00e4\u00e4 diplomaattinsa ja henkil\u00f6ns\u00e4 Syyriasta. Evakuointi alkoi perjantaina. Iranilla on ollut -eiliseen asti- Syyriassa sotilasneuvonantajia ja <strong>vallankumouskaartin<\/strong> (IRGC) iskujoukkoja, <strong>Quds Force<\/strong> -kaartia.<\/p>\n<p class=\"body-1 paragraph\" data-aa-component=\"paragraph\" data-allow-readmode=\"\">Kainoitsijat uhkaavat etel\u00e4st\u00e4 t\u00e4rke\u00e4\u00e4 <strong>valtatie-2<\/strong>:ta, <strong>al-Dumayri<\/strong>n kaupungin kohdalla. <strong>Al-Harrah<\/strong> on ilmeisesti luovutettu, taistelut jatkuvat <strong>al-Hamrath<\/strong>:ssa ja <strong>al-Hamisin<\/strong>:ssa, <strong>ven\u00e4l\u00e4iset<\/strong> l\u00e4htiv\u00e4t t\u00e4n\u00e4\u00e4n puoleltap\u00e4ivin. <strong>Israel<\/strong>in puolustusvoimat (IDF) on edennyt <strong>Golan<\/strong>ilta <strong>Shaddeh<\/strong>iin, jossa ottanut yhteen jihadistien kanssa.<\/p>\n<h3 data-aa-component=\"paragraph\">Ohjuksia ilmassa Syyriassa<\/h3>\n<p data-aa-component=\"paragraph\" data-allow-readmode=\"\">Kurdien <strong>SDF<\/strong> on ampunut ilmaan ohjuksia -2 kpl?- l\u00e4hell\u00e4 Irakin rajaa. (klo. 18:53 Suomen aikaa.)<\/p>\n<p>Tarkistamme tietoja. (lataa sivu uudelleen,) <img loading=\"lazy\" decoding=\"async\" class=\"alignnone size-full wp-image-144\" src=\"https:\/\/www.uutispeili.fi\/wp-content\/uploads\/2023\/11\/di.gold_.gif\" alt=\"\" width=\"11\" height=\"11\" \/><\/p>\n<p>P.S.<\/p>\n<p>Huolimatta Syyrian kireest\u00e4 tilanteesta <strong>Syrianair<\/strong> kuljettaa t\u00e4n\u00e4\u00e4nkin v\u00e4ke\u00e4. (Kuva: <a href=\"https:\/\/www.flightradar24.com\/SYR201\/3843720f\" target=\"_blank\" rel=\"noopener\">Flightradar24<\/a>, 07.12. 2024.)<\/p>\n<p><img loading=\"lazy\" decoding=\"async\" class=\"alignnone wp-image-4099 size-full\" src=\"https:\/\/www.uutispeili.fi\/wp-content\/uploads\/2024\/12\/syrianait789489-07122024.png\" alt=\"\" width=\"789\" height=\"489\" srcset=\"https:\/\/www.uutispeili.fi\/wp-content\/uploads\/2024\/12\/syrianait789489-07122024.png 789w, https:\/\/www.uutispeili.fi\/wp-content\/uploads\/2024\/12\/syrianait789489-07122024-300x186.png 300w, https:\/\/www.uutispeili.fi\/wp-content\/uploads\/2024\/12\/syrianait789489-07122024-768x476.png 768w\" sizes=\"(max-width: 789px) 100vw, 789px\" \/><\/p>\n<p>Luettavaa:<\/p>\n<ul>\n<li><a href=\"https:\/\/www.rudaw.net\/english\/middleeast\/071220241\" target=\"_blank\" rel=\"noopener\">Rudaw<\/a> 07.12. 2024,<\/li>\n<li><a href=\"https:\/\/www.rudaw.net\/english\/middleeast\/syria\/071220245\" target=\"_blank\" rel=\"noopener\">Rudaw<\/a> 07.12. 2024,<\/li>\n<li><a href=\"https:\/\/avia.pro\/news\/siriyskaya-armiya-dezertiruet-k-granice-s-irakom\" target=\"_blank\" rel=\"noopener\">Avia.pro<\/a> \/ven\u00e4j\u00e4nkielinen) 07.12. 2024,<\/li>\n<\/ul>\n<blockquote class=\"wp-embedded-content\" data-secret=\"ElcBJBlSkJ\"><p><a href=\"https:\/\/www.uutispeili.fi\/index.php\/2024\/12\/06\/syyrian-hallitus-menetti-haman-kaupungin-jihadisteille-kurdit-ottivat-deir-ez-zorin\/\">Syyrian hallitus menetti Hama:n kaupungin jihadisteille, kurdit ottivat Deir ez-Zorin<\/a><\/p><\/blockquote>\n<p><iframe class=\"wp-embedded-content\" sandbox=\"allow-scripts\" security=\"restricted\" style=\"position: absolute; clip: rect(1px, 1px, 1px, 1px);\" title=\"&#8221;Syyrian hallitus menetti Hama:n kaupungin jihadisteille, kurdit ottivat Deir ez-Zorin&#8221; &#8212; \" src=\"https:\/\/www.uutispeili.fi\/index.php\/2024\/12\/06\/syyrian-hallitus-menetti-haman-kaupungin-jihadisteille-kurdit-ottivat-deir-ez-zorin\/embed\/#?secret=CnWrAfnpQn#?secret=ElcBJBlSkJ\" data-secret=\"ElcBJBlSkJ\" width=\"600\" height=\"338\" frameborder=\"0\" marginwidth=\"0\" marginheight=\"0\" scrolling=\"no\"><\/iframe><\/p>\n<blockquote class=\"wp-embedded-content\" data-secret=\"At4HW2NsQ6\"><p><a href=\"https:\/\/www.uutispeili.fi\/index.php\/2024\/12\/02\/turkin-proxyt-ajavat-ihmisia-liikkeelle-pohjois-syyriassa-humanitaarisen-katastrofin-uhka\/\">Turkin proxyt ajavat ihmisi\u00e4 liikkeelle, -Pohjois-Syyriassa humanitaarisen katastrofin uhka<\/a><\/p><\/blockquote>\n<p><iframe class=\"wp-embedded-content\" sandbox=\"allow-scripts\" security=\"restricted\" style=\"position: absolute; clip: rect(1px, 1px, 1px, 1px);\" title=\"&#8221;Turkin proxyt ajavat ihmisi\u00e4 liikkeelle, -Pohjois-Syyriassa humanitaarisen katastrofin uhka&#8221; &#8212; \" src=\"https:\/\/www.uutispeili.fi\/index.php\/2024\/12\/02\/turkin-proxyt-ajavat-ihmisia-liikkeelle-pohjois-syyriassa-humanitaarisen-katastrofin-uhka\/embed\/#?secret=DZU0Arh8VI#?secret=At4HW2NsQ6\" data-secret=\"At4HW2NsQ6\" width=\"600\" height=\"338\" frameborder=\"0\" marginwidth=\"0\" marginheight=\"0\" scrolling=\"no\"><\/iframe><\/p>\n<blockquote class=\"wp-embedded-content\" data-secret=\"XFYV2dgcp7\"><p><a href=\"https:\/\/www.uutispeili.fi\/index.php\/2024\/12\/01\/erdoganin-jihadisti-soturit-aloittaneet-jo-isis-meinigin-syyrian-kurdialueella\/\">Erdoganin jihadisti-soturit aloittaneet jo &#8221;ISIS-meinigin&#8221; Syyrian kurdialueella<\/a><\/p><\/blockquote>\n<p><iframe class=\"wp-embedded-content\" sandbox=\"allow-scripts\" security=\"restricted\" style=\"position: absolute; clip: rect(1px, 1px, 1px, 1px);\" title=\"&#8221;Erdoganin jihadisti-soturit aloittaneet jo &#8221;ISIS-meinigin&#8221; Syyrian kurdialueella&#8221; &#8212; \" src=\"https:\/\/www.uutispeili.fi\/index.php\/2024\/12\/01\/erdoganin-jihadisti-soturit-aloittaneet-jo-isis-meinigin-syyrian-kurdialueella\/embed\/#?secret=pSQScecoYy#?secret=XFYV2dgcp7\" data-secret=\"XFYV2dgcp7\" width=\"600\" height=\"338\" frameborder=\"0\" marginwidth=\"0\" marginheight=\"0\" scrolling=\"no\"><\/iframe><\/p>\n<blockquote class=\"wp-embedded-content\" data-secret=\"vPuwk36FL5\"><p><a href=\"https:\/\/www.uutispeili.fi\/index.php\/2024\/12\/01\/turkin-tukemat-jihadistit-valtasivat-syyrian-toiseksi-suurimman-kaupungin\/\">Turkin tukemat jihadistit valtasivat Syyrian toiseksi suurimman kaupungin<\/a><\/p><\/blockquote>\n<p><iframe class=\"wp-embedded-content\" sandbox=\"allow-scripts\" security=\"restricted\" style=\"position: absolute; clip: rect(1px, 1px, 1px, 1px);\" title=\"&#8221;Turkin tukemat jihadistit valtasivat Syyrian toiseksi suurimman kaupungin&#8221; &#8212; \" src=\"https:\/\/www.uutispeili.fi\/index.php\/2024\/12\/01\/turkin-tukemat-jihadistit-valtasivat-syyrian-toiseksi-suurimman-kaupungin\/embed\/#?secret=nY9PpONGIl#?secret=vPuwk36FL5\" data-secret=\"vPuwk36FL5\" width=\"600\" height=\"338\" frameborder=\"0\" marginwidth=\"0\" marginheight=\"0\" scrolling=\"no\"><\/iframe><\/p>\n","protected":false},"excerpt":{"rendered":"<p>Damaskon Midanin kaupunginosassa mielenosoituksia Assadia vastaan, hallituksen sotilaat poistuneet Damaskon lentokent\u00e4lt\u00e4. Tuoreen tiedon mukaan Syyrian (hallituksen) armeijan sotilaita pakenee joukoittain Irakiin. (Kuvakoosteessa Assad levittelee k\u00e4si\u00e4\u00e4n, Syyrian armeijaa Qeiminiss\u00e4, Irakin rajalla, -nokka kohti Irakia.) Turkin tukemat jihadistit, HTS tai SNA, ovat 5km p\u00e4\u00e4ss\u00e4 Damaskosta, etel\u00e4ss\u00e4. Syyrian armeijan (SAA, Syrian Arab Army) 2 000 hallituksen sotilasta on [&hellip;]<\/p>\n","protected":false},"author":3,"featured_media":4097,"comment_status":"open","ping_status":"open","sticky":false,"template":"","format":"standard","meta":{"footnotes":""},"categories":[77],"tags":[],"_links":{"self":[{"href":"https:\/\/www.uutispeili.fi\/index.php\/wp-json\/wp\/v2\/posts\/4078"}],"collection":[{"href":"https:\/\/www.uutispeili.fi\/index.php\/wp-json\/wp\/v2\/posts"}],"about":[{"href":"https:\/\/www.uutispeili.fi\/index.php\/wp-json\/wp\/v2\/types\/post"}],"author":[{"embeddable":true,"href":"https:\/\/www.uutispeili.fi\/index.php\/wp-json\/wp\/v2\/users\/3"}],"replies":[{"embeddable":true,"href":"https:\/\/www.uutispeili.fi\/index.php\/wp-json\/wp\/v2\/comments?post=4078"}],"version-history":[{"count":13,"href":"https:\/\/www.uutispeili.fi\/index.php\/wp-json\/wp\/v2\/posts\/4078\/revisions"}],"predecessor-version":[{"id":4112,"href":"https:\/\/www.uutispeili.fi\/index.php\/wp-json\/wp\/v2\/posts\/4078\/revisions\/4112"}],"wp:featuredmedia":[{"embeddable":true,"href":"https:\/\/www.uutispeili.fi\/index.php\/wp-json\/wp\/v2\/media\/4097"}],"wp:attachment":[{"href":"https:\/\/www.uutispeili.fi\/index.php\/wp-json\/wp\/v2\/media?parent=4078"}],"wp:term":[{"taxonomy":"category","embeddable":true,"href":"https:\/\/www.uutispeili.fi\/index.php\/wp-json\/wp\/v2\/categories?post=4078"},{"taxonomy":"post_tag","embeddable":true,"href":"https:\/\/www.uutispeili.fi\/index.php\/wp-json\/wp\/v2\/tags?post=4078"}],"curies":[{"name":"wp","href":"https:\/\/api.w.org\/{rel}","templated":true}]}}