{"id":403,"date":"2023-12-10T14:47:49","date_gmt":"2023-12-10T14:47:49","guid":{"rendered":"https:\/\/www.uutispeili.fi\/?p=403"},"modified":"2023-12-10T17:42:16","modified_gmt":"2023-12-10T17:42:16","slug":"vangitun-nobel-voittajan-palkinnon-ottivat-vastaan-hanen-lapsensa","status":"publish","type":"post","link":"https:\/\/www.uutispeili.fi\/index.php\/2023\/12\/10\/vangitun-nobel-voittajan-palkinnon-ottivat-vastaan-hanen-lapsensa\/","title":{"rendered":"Vangitun Nobel-voittajan palkinnon ottivat vastaan h\u00e4nen lapsensa"},"content":{"rendered":"<p><strong>Nobelin rauhanpalkinto annettiin t\u00e4n\u00e4 vuonna rohkealle iranilaiselle kansalaisaktivistille. T\u00e4ll\u00e4 hetkell\u00e4 palkittu on vankilassa Teheranissa, -samasta syyst\u00e4 mist\u00e4 Nobel-komitea valitsin h\u00e4net vuoden 2023 palkinnon saajaksi.<\/strong><\/p>\n<p><strong>Nobelin rauhanpalkinto<\/strong> luovutettiin t\u00e4n\u00e4\u00e4n sunnuntaina <strong>Oslon<\/strong> kaupungintalossa <strong>Norjassa<\/strong> Iranilaiselle kansalaisaktivistille <strong>Narges Mohammadi<\/strong>lle, mutta h\u00e4n ei voinut itse olla l\u00e4sn\u00e4 palkintotilaisuudessa. Journalisti, ja naisten oikeuksien puolustaja Mohammadi on t\u00e4t\u00e4 kirjoitettaessa vangittuna Teheranissa, <strong>Evin<\/strong>in vankilassa. Nobel-palkinnon ottivat vastaan h\u00e4nen lapsensa,17-vuotiaat kaksoset <strong>Ali<\/strong> ja <strong>Kiani Rahmani<\/strong>, jotka eiv\u00e4t olleet n\u00e4hneet \u00e4iti\u00e4\u00e4n kahdeksaan vuoteen.<\/p>\n<p>Lastensa kautta v\u00e4litt\u00e4m\u00e4ss\u00e4\u00e4n puheessaan vangittu Nobelin rauhanpalkinnon saaja Narges Mohammadi tuomitsi Iranin &#8221;<em>tyrannimaisen ja naisten vastaisen uskonnollisen hallituksen<\/em>&#8221;. Puhe on salakuljetettu Iranista.<\/p>\n<p>Mohammadi on aloittanut vankilassa n\u00e4lk\u00e4lakon, protestoiden huonoa kohteluaan, ja <em>Bahai<\/em>-v\u00e4hemmist\u00f6n sortamista. H\u00e4nen terveydentilastaan ei huolehdita,<\/p>\n<blockquote class=\"twitter-tweet\" data-width=\"550\" data-dnt=\"true\">\n<p lang=\"de\" dir=\"ltr\">Die Kinder (17 Jahre) von <a href=\"https:\/\/twitter.com\/hashtag\/NargesMohammadi?src=hash&amp;ref_src=twsrc%5Etfw\">#NargesMohammadi<\/a> nehmen in Oslo den <a href=\"https:\/\/twitter.com\/hashtag\/Friedensnobelpreis?src=hash&amp;ref_src=twsrc%5Etfw\">#Friedensnobelpreis<\/a> stellv f\u00fcr ihre inhaftierte Mutter an.Seit 8 Jahren haben sie sie nicht gesehen. Die Journalistin\/Menschenrechtsaktivistin ist heute im <a href=\"https:\/\/twitter.com\/hashtag\/Evin?src=hash&amp;ref_src=twsrc%5Etfw\">#Evin<\/a> Gef\u00e4ngnis in den Hungerstreik getreten<br \/>Standing Ovation <a href=\"https:\/\/t.co\/Qtk8tja6ZR\">pic.twitter.com\/Qtk8tja6ZR<\/a><\/p>\n<p>&mdash; Isabel Schayani (@isabelschayani) <a href=\"https:\/\/twitter.com\/isabelschayani\/status\/1733837747176038701?ref_src=twsrc%5Etfw\">December 10, 2023<\/a><\/p><\/blockquote>\n<p><script async src=\"https:\/\/platform.twitter.com\/widgets.js\" charset=\"utf-8\"><\/script><\/p>\n<p>Mohammadi on arvostellut Iranin pappishallinnon politiikkaa -mm. <em>hijabiin<\/em> pakottamista- ja kuolemanrangaistuksen k\u00e4ytt\u00f6\u00e4. H\u00e4n on joutunut useasti pid\u00e4tetyksi ja saanut tuomioita toiminnastaan, Palkintoa \u00e4itins\u00e4 puolesta\u00a0 vastaanottamassa ollut Ali Rahmani kertoi olevansa &#8221;<em>hyvin, hyvin optimistinen<\/em>&#8221;, ett\u00e4 p\u00e4\u00e4see tapaamaan \u00e4itins\u00e4 jonakin p\u00e4iv\u00e4n\u00e4:<\/p>\n<blockquote><p>&#8221;Emme ole huolestuneita; Olemme eritt\u00e4in ylpeit\u00e4 voidessamme olla \u00e4itimme \u00e4\u00e4ni t\u00e4\u00e4ll\u00e4, ja voidessamme tehd\u00e4 parhaamme vied\u00e4ksemme asiaa eteenp\u00e4in. Palkinto vahvistaa p\u00e4\u00e4tt\u00e4v\u00e4isyytt\u00e4mme taistella loppuun asti.&#8221;<\/p><\/blockquote>\n<p>https:\/\/twitter.com\/AlinejadMasih\/status\/1733846080939266225<\/p>\n<p>Feministisill\u00e4 journalisteilla on toisissa maissa erilaisia ongelma, kuin toisaalla. Uutispeili liittyy Narges Mohammadin onnittelijoihin! <img loading=\"lazy\" decoding=\"async\" class=\"alignnone size-full wp-image-144\" src=\"https:\/\/www.uutispeili.fi\/wp-content\/uploads\/2023\/11\/di.gold_.gif\" alt=\"\" width=\"11\" height=\"11\" \/><\/p>\n<p>Luettavaa:<\/p>\n<ul>\n<li><a href=\"https:\/\/www.wionews.com\/world\/jailed-narges-mohammadi-sends-fiery-message-for-iran-upon-receiving-her-nobel-peace-prize-668205\" target=\"_blank\" rel=\"noopener\">WioNews<\/a> 10.12. 2023,<\/li>\n<li><a href=\"https:\/\/www.aljazeera.com\/news\/2023\/12\/9\/irans-nobel-laureate-narges-mohammadi-to-begin-new-hunger-strike-family\" target=\"_blank\" rel=\"noopener\">Al-Jazeera<\/a> 09.12. 2023,<\/li>\n<li><a href=\"https:\/\/www.bbc.com\/news\/world-middle-east-67675851\" target=\"_blank\" rel=\"noopener\">BBC<\/a> 10.12. 2023,<\/li>\n<\/ul>\n","protected":false},"excerpt":{"rendered":"<p>Nobelin rauhanpalkinto annettiin t\u00e4n\u00e4 vuonna rohkealle iranilaiselle kansalaisaktivistille. T\u00e4ll\u00e4 hetkell\u00e4 palkittu on vankilassa Teheranissa, -samasta syyst\u00e4 mist\u00e4 Nobel-komitea valitsin h\u00e4net vuoden 2023 palkinnon saajaksi. Nobelin rauhanpalkinto luovutettiin t\u00e4n\u00e4\u00e4n sunnuntaina Oslon kaupungintalossa Norjassa Iranilaiselle kansalaisaktivistille Narges Mohammadille, mutta h\u00e4n ei voinut itse olla l\u00e4sn\u00e4 palkintotilaisuudessa. Journalisti, ja naisten oikeuksien puolustaja Mohammadi on t\u00e4t\u00e4 kirjoitettaessa vangittuna Teheranissa, [&hellip;]<\/p>\n","protected":false},"author":3,"featured_media":404,"comment_status":"open","ping_status":"open","sticky":false,"template":"","format":"standard","meta":{"footnotes":""},"categories":[7],"tags":[],"_links":{"self":[{"href":"https:\/\/www.uutispeili.fi\/index.php\/wp-json\/wp\/v2\/posts\/403"}],"collection":[{"href":"https:\/\/www.uutispeili.fi\/index.php\/wp-json\/wp\/v2\/posts"}],"about":[{"href":"https:\/\/www.uutispeili.fi\/index.php\/wp-json\/wp\/v2\/types\/post"}],"author":[{"embeddable":true,"href":"https:\/\/www.uutispeili.fi\/index.php\/wp-json\/wp\/v2\/users\/3"}],"replies":[{"embeddable":true,"href":"https:\/\/www.uutispeili.fi\/index.php\/wp-json\/wp\/v2\/comments?post=403"}],"version-history":[{"count":2,"href":"https:\/\/www.uutispeili.fi\/index.php\/wp-json\/wp\/v2\/posts\/403\/revisions"}],"predecessor-version":[{"id":415,"href":"https:\/\/www.uutispeili.fi\/index.php\/wp-json\/wp\/v2\/posts\/403\/revisions\/415"}],"wp:featuredmedia":[{"embeddable":true,"href":"https:\/\/www.uutispeili.fi\/index.php\/wp-json\/wp\/v2\/media\/404"}],"wp:attachment":[{"href":"https:\/\/www.uutispeili.fi\/index.php\/wp-json\/wp\/v2\/media?parent=403"}],"wp:term":[{"taxonomy":"category","embeddable":true,"href":"https:\/\/www.uutispeili.fi\/index.php\/wp-json\/wp\/v2\/categories?post=403"},{"taxonomy":"post_tag","embeddable":true,"href":"https:\/\/www.uutispeili.fi\/index.php\/wp-json\/wp\/v2\/tags?post=403"}],"curies":[{"name":"wp","href":"https:\/\/api.w.org\/{rel}","templated":true}]}}