{"id":3972,"date":"2024-11-29T20:42:16","date_gmt":"2024-11-29T20:42:16","guid":{"rendered":"https:\/\/www.uutispeili.fi\/?p=3972"},"modified":"2024-11-29T20:42:17","modified_gmt":"2024-11-29T20:42:17","slug":"hamas-valmis-tinkimaan-philadelphi-kaytavasta","status":"publish","type":"post","link":"https:\/\/www.uutispeili.fi\/index.php\/2024\/11\/29\/hamas-valmis-tinkimaan-philadelphi-kaytavasta\/","title":{"rendered":"Hamas valmis tinkim\u00e4\u00e4n &#8217;Philadelphi-k\u00e4yt\u00e4v\u00e4st\u00e4&#8217;"},"content":{"rendered":"<p>Viime vuoden lokakuussa, <strong>Hamas<\/strong>in hy\u00f6kk\u00e4yksest\u00e4 <strong>Israel<\/strong>iin alkaneen, <strong>Gaza<\/strong>n sodan aselepo- ja panttivankineuvottelut ovat olleet jumissa erimielisyydest\u00e4 Israelin vet\u00e4ytymisen ajankohdasta:<\/p>\n<ul>\n<li><strong>Yhdysvallat<\/strong> esitti 31.05. kolmen kohdan rauhansuunnitelman -ns. &#8217;<em>Bidenin suunnitelman<\/em>&#8217;-, jonka mukaan edet\u00e4\u00e4n, -jos edet\u00e4\u00e4n. <span style=\"font-size: revert; color: initial;\">Vet\u00e4ytyyk\u00f6 Israel Gazasta ennen rauhansuunnitelman ensimm\u00e4isen vaiheen aloittamista, vaiko vasta toisessa?\u00a0<\/span><\/li>\n<li>Israelille kynnyskysymys on ollut uusien aseiden (sala)kuljetuksen est\u00e4minen Hamasille, <strong>Egypti<\/strong>n kautta Gazaan. Egyptin-Gazan rajan &#8217;<em>Philadelphi-corridor&#8217;<\/em> (Ph.k\u00e4yt\u00e4v\u00e4) -nimell\u00e4 tunnetun maapl\u00e4ntin hallinta on siksi Israelille t\u00e4rke\u00e4\u00e4. -Kunnes rauhansuunnitelma on edennyt.<\/li>\n<li>Israel ei suostu vet\u00e4m\u00e4\u00e4n joukkojaan &#8217;k\u00e4yt\u00e4v\u00e4st\u00e4&#8217; ennen em. suunnitelman ensimm\u00e4isen vaiheen p\u00e4\u00e4ttymist\u00e4. -Hamas ei ole -viel\u00e4 v\u00e4h\u00e4n aikaa sitten- suostunut aloittamaan ensimm\u00e4ist\u00e4k\u00e4\u00e4n vaihetta, ennen Israelin joukkojen vet\u00e4ytymist\u00e4 Gazasta.<\/li>\n<\/ul>\n<p>T\u00e4m\u00e4n umpikujan purkaminen n\u00e4ytt\u00e4\u00e4 mahdollistuvan, kun Hamasin liittolainen, libanonilainen <strong>Hezbollah<\/strong>, suostui aselepoon Israelin kanssa: Tulitauko tuli voimaan keskiviikkoaamuna (27.11.).<\/p>\n<blockquote><p>Lehti kirjoittaa: Jotkut Hamasin johtajat harkitsevat Gazan panttivanki-tulitaukosopimusta, jossa IDF pysyisi v\u00e4liaikaisesti\u00a0 Gazan alueella,<\/p><\/blockquote>\n<p>New York Times raportoi torstaina, ett\u00e4 osa Hamasin johtoa harkitsee aselepo- ja panttivankien vaihto sopimukseen suostumista, siin\u00e4kin tapauksessa ett\u00e4 Israelin joukot pysyisiv\u00e4t <em>Philadelphi- k\u00e4yt\u00e4v\u00e4ll\u00e4<\/em>. -Israel on jo aiemmin ilmoittanut, ett\u00e4 rauhansuunnitelman toisessa vaiheessa k\u00e4yt\u00e4v\u00e4lt\u00e4 tullaan vet\u00e4ytym\u00e4\u00e4n.<\/p>\n<p><em>Timesin<\/em> mukaan palestiinalaiset ja Yhdysvaltain viranomaisl\u00e4hteet kertoivat, ett\u00e4 Hamasin poliittinen johto oli valmis tekem\u00e4\u00e4n sopimuksen jo j\u00e4rjest\u00f6n johtajan, <strong>Yahya Sinwar<\/strong>in, eliminoinnin j\u00e4lkeen lokakuussa. Hamasin korkean virkamiehen <strong>Osama Hamdan<\/strong>in mukaan Sinwar kannatti sodan pitkitt\u00e4mist\u00e4, uskoen sen johtavan Hamasin menestymiseen: &#8221;<em>Mit\u00e4 kauemmin<\/em> (sota) <em>kest\u00e4\u00e4, sit\u00e4 l\u00e4hemp\u00e4n\u00e4 olemme vapautumista<\/em>&#8221;,<\/p>\n<p><img loading=\"lazy\" decoding=\"async\" class=\"wp-image-3041 size-full aligncenter\" src=\"https:\/\/www.uutispeili.fi\/wp-content\/uploads\/2024\/09\/sinwar-netanyahu-harmagedon-wirgins800450.png\" alt=\"\" width=\"800\" height=\"450\" srcset=\"https:\/\/www.uutispeili.fi\/wp-content\/uploads\/2024\/09\/sinwar-netanyahu-harmagedon-wirgins800450.png 800w, https:\/\/www.uutispeili.fi\/wp-content\/uploads\/2024\/09\/sinwar-netanyahu-harmagedon-wirgins800450-300x169.png 300w, https:\/\/www.uutispeili.fi\/wp-content\/uploads\/2024\/09\/sinwar-netanyahu-harmagedon-wirgins800450-768x432.png 768w\" sizes=\"(max-width: 800px) 100vw, 800px\" \/><\/p>\n<p>Sinwarin kuolema ja Hezbollahin aselepo Israelin kanssa ovat her\u00e4tt\u00e4neet toiveita Gazassa yh\u00e4 olevien n.90 israelilaisen panttivangin omaisissa. Er\u00e4\u00e4t <strong>Benjamin Netanyahu<\/strong>n hallituksen ministerit, ja Knessetin oikeistopuolueiden edustajat ovat ilmaisseet n\u00e4kev\u00e4ns\u00e4 meneill\u00e4\u00e4n olevassa sodassa tilaisuuden &#8221;<em>p\u00e4\u00e4st\u00e4 eroon Hamasista ja Hezbollahista<\/em>&#8221;, -jossakin <em>apokalyptisess\u00e4<\/em> skenaariossa. (T\u00e4n\u00e4\u00e4n Netanyahuun kohdistuu kansainv\u00e4linen pid\u00e4tysm\u00e4\u00e4r\u00e4ys, ja Sinwar on mahdollisesti &#8217;<em>paratiisissa<\/em>&#8217;, laskemassa &#8217;<em>neitsyk\u00e4isi\u00e4<\/em>&#8217;: Onko niit\u00e4 72, vaiko ei yht\u00e4\u00e4n?<\/p>\n<blockquote><p>Jotkut nimett\u00f6m\u00e4t amerikkalaiset viranomaiset kertoivat Timesille , ett\u00e4 Hamas saattaa luopua vaatimuksistaan \u200b\u200bja edet\u00e4 tulitaukosopimuksessa, jos Israelin hallitus sen hyv\u00e4ksyy, Israel ei n\u00e4ytt\u00e4nyt olevan kiinnostunut my\u00f6nnytyksist\u00e4, kirjoittaa lehti.<\/p><\/blockquote>\n<p>&#8221;<em>Olemme ilmoittaneet sovittelijoille Egyptiss\u00e4, Qatarissa ja Turkissa, ett\u00e4 Hamas on valmis tulitaukosopimukseen ja vakavaan sopimukseen vankien vaihtamiseksi<\/em>&#8221;, Hamasin toinen virkamies kertoi AFP:lle perjantaina.<\/p>\n<p>Rauhansuunnitelman kolmannessa vaiheessa Gazassa pit\u00e4\u00e4 valita v\u00e4liaikainen hallinto. Hamasin j\u00e4sen <strong>Salah al-Din al-Awawdeh<\/strong> arvioi Timesille vaaleja vaikeiksi: \u201d<em>On olemassa erilaisia \u200b\u200bryhmittymi\u00e4 ja voimatasapainoja. Kaikki t\u00e4m\u00e4 tekee ennustamisen vaikeaksi<\/em>.&#8221; Gazan v\u00e4liaikaisen (tulevan) hallinnon suurin este on poistunut &#8217;<strong>L\u00e4nsirannan<\/strong>&#8217; Palestiinalaishallinnon (PA) johtavan elementin <strong>PLO<\/strong>:n ja Hamasin selvitetty\u00e4 v\u00e4lins\u00e4 syksyn aikana -mm. <strong>Peking<\/strong>iss\u00e4 k\u00e4ydyiss\u00e4 neuvotteluissa.<\/p>\n<p>Hamasin ja PA:n v\u00e4lill\u00e4 k\u00e4ytiin Gazassa v.2007 sis\u00e4llissota, jossa Hamasin uskonsoturit tappoivat kaikki Gazassa olevat PA:n virkailijat (-ja hyppiv\u00e4t kaduilla ruumiiden p\u00e4\u00e4ll\u00e4). -T\u00e4n\u00e4\u00e4n niill\u00e4 on yhteisty\u00f6soppari, joten 31.05. -suunnitelma on mahdollista toteuttaa.<\/p>\n<h3>Viel\u00e4 yksi este &#8230;<\/h3>\n<p>Israelin p\u00e4\u00e4ministeri Netanyahu on ilmoittanut t\u00e4n\u00e4\u00e4n<span> hyv\u00e4ksyv\u00e4ns\u00e4 tauon Gazan sodassa: &#8221;<em>Kun ajattelemme, ett\u00e4 voimme saavuttaa panttivankien vapautumisen. &#8212;<\/em><\/span><span><em>Olen valmis tulitaukoon milloin tahansa<\/em>&#8221;, sanoi Israelin PMi, mutta korosti ettei &#8217;<em>hyv\u00e4ksy sodan <\/em>(pysyv\u00e4\u00e4)<em> lopettamista<\/em>&#8217;. -Joka on Hamasin ydinvaatimus.<\/span><\/p>\n<p>Politiikan tarkkailijat arvelevat, ett\u00e4 Netanyahun kanta tarkentuu, kunhan Yhdysvaltain presidentiksi valittu <strong>Donald Trump<\/strong> aloittaa tammikuussa virassaan.\u00a0<img loading=\"lazy\" decoding=\"async\" class=\"alignnone size-full wp-image-144\" src=\"https:\/\/www.uutispeili.fi\/wp-content\/uploads\/2023\/11\/di.gold_.gif\" alt=\"\" width=\"11\" height=\"11\" \/><\/p>\n<p>Luettavaa:<\/p>\n<ul>\n<li><a href=\"https:\/\/www.jpost.com\/breaking-news\/article-831179\" target=\"_blank\" rel=\"noopener\">The Jerusalem Post<\/a> 29.11. 2024,<\/li>\n<li><a href=\"https:\/\/www.timesofisrael.com\/increasingly-flexible-hamas-said-open-to-temporary-idf-presence-at-gaza-egypt-border\/\" target=\"_blank\" rel=\"noopener\">The Times of Israel<\/a> 29.11. 2024,<\/li>\n<li><a href=\"https:\/\/www.timesofisrael.com\/pm-threatens-intensive-war-if-truce-breached-as-restrictions-end-in-much-of-israel\/\" target=\"_blank\" rel=\"noopener\">The Times of Israel<\/a> 29.11. 2024,<\/li>\n<li><a href=\"https:\/\/english.alarabiya.net\/News\/middle-east\/2024\/11\/29\/hamas-delegation-to-arrive-in-cairo-on-saturday-official-says-\" target=\"_blank\" rel=\"noopener\">Al-Arabiya<\/a> 29.11. 2024,<\/li>\n<\/ul>\n<p><blockquote class=\"wp-embedded-content\" data-secret=\"tglm4EjuUs\"><a href=\"https:\/\/www.uutispeili.fi\/index.php\/2024\/11\/26\/israel-nayttaa-suostuvan-tulitaukoon-libanonissa\/\">Israel n\u00e4ytt\u00e4\u00e4 suostuvan tulitaukoon Libanonissa<\/a><\/blockquote><iframe class=\"wp-embedded-content\" sandbox=\"allow-scripts\" security=\"restricted\" style=\"position: absolute; clip: rect(1px, 1px, 1px, 1px);\" title=\"&#8221;Israel n\u00e4ytt\u00e4\u00e4 suostuvan tulitaukoon Libanonissa&#8221; &#8212; \" src=\"https:\/\/www.uutispeili.fi\/index.php\/2024\/11\/26\/israel-nayttaa-suostuvan-tulitaukoon-libanonissa\/embed\/#?secret=KktfRTUH31#?secret=tglm4EjuUs\" data-secret=\"tglm4EjuUs\" width=\"600\" height=\"338\" frameborder=\"0\" marginwidth=\"0\" marginheight=\"0\" scrolling=\"no\"><\/iframe><\/p>\n<p><blockquote class=\"wp-embedded-content\" data-secret=\"3N7pzm2ktS\"><a href=\"https:\/\/www.uutispeili.fi\/index.php\/2024\/09\/05\/netanyahu-israel-voi-poistua-philadelphi-corridorista-pysyvan-tulitauon-toisessa-vaiheessa\/\">Netanyahu: Israel voi poistua &#8217;Philadelphi Corridorista&#8217; pysyv\u00e4n tulitauon toisessa vaiheessa<\/a><\/blockquote><iframe class=\"wp-embedded-content\" sandbox=\"allow-scripts\" security=\"restricted\" style=\"position: absolute; clip: rect(1px, 1px, 1px, 1px);\" title=\"&#8221;Netanyahu: Israel voi poistua &#8217;Philadelphi Corridorista&#8217; pysyv\u00e4n tulitauon toisessa vaiheessa&#8221; &#8212; \" src=\"https:\/\/www.uutispeili.fi\/index.php\/2024\/09\/05\/netanyahu-israel-voi-poistua-philadelphi-corridorista-pysyvan-tulitauon-toisessa-vaiheessa\/embed\/#?secret=6rYFW5rbqf#?secret=3N7pzm2ktS\" data-secret=\"3N7pzm2ktS\" width=\"600\" height=\"338\" frameborder=\"0\" marginwidth=\"0\" marginheight=\"0\" scrolling=\"no\"><\/iframe><\/p>\n<p><blockquote class=\"wp-embedded-content\" data-secret=\"IMR5hFEb4F\"><a href=\"https:\/\/www.uutispeili.fi\/index.php\/2024\/11\/15\/muslimi-aanestajien-pettymys-trumpiin-tuleeko-rauha-gazaan\/\">Muslimi-\u00e4\u00e4nest\u00e4jien pettymys Trumpiin: Tuleeko rauha Gazaan?<\/a><\/blockquote><iframe class=\"wp-embedded-content\" sandbox=\"allow-scripts\" security=\"restricted\" style=\"position: absolute; clip: rect(1px, 1px, 1px, 1px);\" title=\"&#8221;Muslimi-\u00e4\u00e4nest\u00e4jien pettymys Trumpiin: Tuleeko rauha Gazaan?&#8221; &#8212; \" src=\"https:\/\/www.uutispeili.fi\/index.php\/2024\/11\/15\/muslimi-aanestajien-pettymys-trumpiin-tuleeko-rauha-gazaan\/embed\/#?secret=rQxOenvGQP#?secret=IMR5hFEb4F\" data-secret=\"IMR5hFEb4F\" width=\"600\" height=\"338\" frameborder=\"0\" marginwidth=\"0\" marginheight=\"0\" scrolling=\"no\"><\/iframe><\/p>\n<p><blockquote class=\"wp-embedded-content\" data-secret=\"ei2QY8NSFQ\"><a href=\"https:\/\/www.uutispeili.fi\/index.php\/2024\/07\/16\/hamas-ei-torju-bidenin-rauhansuunnitelmaa-sanoo-jarjeston-johtaja\/\">Hamas ei torju Bidenin rauhansuunnitelmaa, sanoo j\u00e4rjest\u00f6n johtaja<\/a><\/blockquote><iframe class=\"wp-embedded-content\" sandbox=\"allow-scripts\" security=\"restricted\" style=\"position: absolute; clip: rect(1px, 1px, 1px, 1px);\" title=\"&#8221;Hamas ei torju Bidenin rauhansuunnitelmaa, sanoo j\u00e4rjest\u00f6n johtaja&#8221; &#8212; \" src=\"https:\/\/www.uutispeili.fi\/index.php\/2024\/07\/16\/hamas-ei-torju-bidenin-rauhansuunnitelmaa-sanoo-jarjeston-johtaja\/embed\/#?secret=QXuxSGzgLm#?secret=ei2QY8NSFQ\" data-secret=\"ei2QY8NSFQ\" width=\"600\" height=\"338\" frameborder=\"0\" marginwidth=\"0\" marginheight=\"0\" scrolling=\"no\"><\/iframe><\/p>\n\n\n<figure class=\"wp-block-embed is-type-wp-embed is-provider-upota wp-block-embed-upota\"><div class=\"wp-block-embed__wrapper\">\n<blockquote class=\"wp-embedded-content\" data-secret=\"QpbNx27MII\"><a href=\"https:\/\/www.uutispeili.fi\/index.php\/2024\/08\/10\/mika-oli-hamasin-ja-lavrovin-keskustelunaihe-moskovassa-12-9-2022-ja-kenen-varpaille-haniyeh-talloi\/\">Mik\u00e4 oli Hamasin ja Lavrovin keskustelunaihe Moskovassa 12.9. 2022, -ja kenen varpaille Haniyeh talloi?<\/a><\/blockquote><iframe class=\"wp-embedded-content\" sandbox=\"allow-scripts\" security=\"restricted\" style=\"position: absolute; clip: rect(1px, 1px, 1px, 1px);\" title=\"&#8221;Mik\u00e4 oli Hamasin ja Lavrovin keskustelunaihe Moskovassa 12.9. 2022, -ja kenen varpaille Haniyeh talloi?&#8221; &#8212; \" src=\"https:\/\/www.uutispeili.fi\/index.php\/2024\/08\/10\/mika-oli-hamasin-ja-lavrovin-keskustelunaihe-moskovassa-12-9-2022-ja-kenen-varpaille-haniyeh-talloi\/embed\/#?secret=31OcQzUgIV#?secret=QpbNx27MII\" data-secret=\"QpbNx27MII\" width=\"600\" height=\"338\" frameborder=\"0\" marginwidth=\"0\" marginheight=\"0\" scrolling=\"no\"><\/iframe>\n<\/div><\/figure>\n","protected":false},"excerpt":{"rendered":"<p>Viime vuoden lokakuussa, Hamasin hy\u00f6kk\u00e4yksest\u00e4 Israeliin alkaneen, Gazan sodan aselepo- ja panttivankineuvottelut ovat olleet jumissa erimielisyydest\u00e4 Israelin vet\u00e4ytymisen ajankohdasta: Yhdysvallat esitti 31.05. kolmen kohdan rauhansuunnitelman -ns. &#8217;Bidenin suunnitelman&#8217;-, jonka mukaan edet\u00e4\u00e4n, -jos edet\u00e4\u00e4n. Vet\u00e4ytyyk\u00f6 Israel Gazasta ennen rauhansuunnitelman ensimm\u00e4isen vaiheen aloittamista, vaiko vasta toisessa?\u00a0 Israelille kynnyskysymys on ollut uusien aseiden (sala)kuljetuksen est\u00e4minen Hamasille, Egyptin kautta [&hellip;]<\/p>\n","protected":false},"author":3,"featured_media":1366,"comment_status":"open","ping_status":"open","sticky":false,"template":"","format":"standard","meta":{"footnotes":""},"categories":[71,7],"tags":[],"_links":{"self":[{"href":"https:\/\/www.uutispeili.fi\/index.php\/wp-json\/wp\/v2\/posts\/3972"}],"collection":[{"href":"https:\/\/www.uutispeili.fi\/index.php\/wp-json\/wp\/v2\/posts"}],"about":[{"href":"https:\/\/www.uutispeili.fi\/index.php\/wp-json\/wp\/v2\/types\/post"}],"author":[{"embeddable":true,"href":"https:\/\/www.uutispeili.fi\/index.php\/wp-json\/wp\/v2\/users\/3"}],"replies":[{"embeddable":true,"href":"https:\/\/www.uutispeili.fi\/index.php\/wp-json\/wp\/v2\/comments?post=3972"}],"version-history":[{"count":3,"href":"https:\/\/www.uutispeili.fi\/index.php\/wp-json\/wp\/v2\/posts\/3972\/revisions"}],"predecessor-version":[{"id":3977,"href":"https:\/\/www.uutispeili.fi\/index.php\/wp-json\/wp\/v2\/posts\/3972\/revisions\/3977"}],"wp:featuredmedia":[{"embeddable":true,"href":"https:\/\/www.uutispeili.fi\/index.php\/wp-json\/wp\/v2\/media\/1366"}],"wp:attachment":[{"href":"https:\/\/www.uutispeili.fi\/index.php\/wp-json\/wp\/v2\/media?parent=3972"}],"wp:term":[{"taxonomy":"category","embeddable":true,"href":"https:\/\/www.uutispeili.fi\/index.php\/wp-json\/wp\/v2\/categories?post=3972"},{"taxonomy":"post_tag","embeddable":true,"href":"https:\/\/www.uutispeili.fi\/index.php\/wp-json\/wp\/v2\/tags?post=3972"}],"curies":[{"name":"wp","href":"https:\/\/api.w.org\/{rel}","templated":true}]}}