{"id":3969,"date":"2024-11-29T17:05:22","date_gmt":"2024-11-29T17:05:22","guid":{"rendered":"https:\/\/www.uutispeili.fi\/?p=3969"},"modified":"2024-11-29T17:05:22","modified_gmt":"2024-11-29T17:05:22","slug":"vasemmiston-minja-koskela-kiistaa-tyoministeri-arto-satosen-vaitteet-yt-lain-uudistamisesta-virheellisina","status":"publish","type":"post","link":"https:\/\/www.uutispeili.fi\/index.php\/2024\/11\/29\/vasemmiston-minja-koskela-kiistaa-tyoministeri-arto-satosen-vaitteet-yt-lain-uudistamisesta-virheellisina\/","title":{"rendered":"Vasemmiston Minja Koskela kiist\u00e4\u00e4 Ty\u00f6ministeri Arto Satosen v\u00e4itteet YT-lain uudistamisesta virheellisin\u00e4"},"content":{"rendered":"<p><strong>Vasemmistoliiton puheenjohtaja Minja Koskela pit\u00e4\u00e4 ty\u00f6ministeri Arto Satosen eduskunnan kyselytunnilla esitt\u00e4mi\u00e4 v\u00e4itteit\u00e4 YT-lain uudistamisesta virheellisin\u00e4: Koskelan mukaan YT-lain heikent\u00e4minen leikkaa 24 miljoonalla eurolla ty\u00f6ntekij\u00f6iden palkkoja.<\/strong><\/p>\n<p>(Arkistokuva, kuval\u00e4hde: Eduskunta.)<\/p>\n<p><strong>Ty\u00f6ministeri Arto Satosen<\/strong> mukaan -hallinnollisen taakan kevent\u00e4minen- uuden lain my\u00f6t\u00e4 s\u00e4\u00e4st\u00e4\u00e4 33 miljoonaa euroa yrityksilt\u00e4. Koskela on hyvin eri mielt\u00e4.<\/p>\n<p>Jatkossa <strong>YT-lakia<\/strong> ei en\u00e4\u00e4 sovellettaisi alle 50 henke\u00e4 ty\u00f6llist\u00e4viss\u00e4 yrityksiss\u00e4, mik\u00e4 heikent\u00e4isi sek\u00e4 ty\u00f6suhdeturvaa ett\u00e4 my\u00f6s laajemmin henkil\u00f6st\u00f6n asemaa.<\/p>\n<blockquote><p>\u2013 Hallituksen esitt\u00e4m\u00e4ss\u00e4 <strong>yhteistoimintalain<\/strong> muutoksessa ei ole kyse ensisijaisesti &#8221;<em>hallinnollisen taakan kevent\u00e4misest\u00e4<\/em>&#8221;, vaan irtisanottavien ty\u00f6ntekij\u00f6iden palkkojen leikkaamisesta noin 24 miljoonalla eurolla. Satosen v\u00e4ite 33 miljoonan s\u00e4\u00e4st\u00f6ist\u00e4 perustuu siis suurimmaksi osaksi ty\u00f6voimakustannuksien polkemiseen, Koskela sanoo.<\/p><\/blockquote>\n<p>Hallitus antoi torstaina (28.11.) eduskunnalle esityksen, jossa yhteistoimintalain soveltamisalarajaa nostetaan ja muutosneuvotteluiden kestoa lyhennet\u00e4\u00e4n, mik\u00e4 tarkoittaa k\u00e4yt\u00e4nn\u00f6ss\u00e4 irtisanomisen nopeuttamista.<\/p>\n<blockquote><p>\u2013 Hallituksen ainoa l\u00e4\u00e4ke surkeaan ty\u00f6llisyyskehitykseen ja konkurssiaaltoon n\u00e4ytt\u00e4\u00e4 olevan ty\u00f6ntekij\u00f6iden aseman ja toimeentulon heikent\u00e4minen kaikilla mahdollisilla keinoilla. YT-lain heikent\u00e4mist\u00e4 ja muutosneuvotteluiden nopeuttamista perustellaan hallinnollisella taakalla, mutta todellisuudessa esityksell\u00e4 leikataan 24 miljoonaa euroa vuodessa ty\u00f6ntekij\u00f6iden palkoista, Koskela sanoo.<\/p><\/blockquote>\n<p>Koskela huomauttaa, ett\u00e4 hallitus on aiemmin lis\u00e4nnyt muun muassa <strong>ty\u00f6tt\u00f6myysturvan omavastuup\u00e4ivi\u00e4<\/strong> ja toteuttanut monia muita ty\u00f6tt\u00f6myysturvan leikkauksia, jotka heikent\u00e4v\u00e4t ty\u00f6tt\u00f6m\u00e4ksi j\u00e4\u00e4vien toimeentuloa.<\/p>\n<blockquote><p>\u2013 Oikeistohallituksen uusin ty\u00f6el\u00e4m\u00e4heikennys vie irtisanottavilta ty\u00f6ntekij\u00f6ilt\u00e4 jopa tuhansia euroja, kun palkanmaksu voidaan lopettaa l\u00e4hes sein\u00e4\u00e4n. T\u00e4m\u00e4 tulee lis\u00e4\u00e4m\u00e4\u00e4n irtisanottujen ja heid\u00e4n perheidens\u00e4 taloudellista ahdinkoa kohtuuttomalla tavalla ja ilman mit\u00e4\u00e4n kansantaloudellisia hy\u00f6tyj\u00e4,\u00a0sanoo Koskela.\u00a0<img loading=\"lazy\" decoding=\"async\" class=\"alignnone size-full wp-image-144\" src=\"https:\/\/www.uutispeili.fi\/wp-content\/uploads\/2023\/11\/di.gold_.gif\" alt=\"\" width=\"11\" height=\"11\" \/><\/p><\/blockquote>\n","protected":false},"excerpt":{"rendered":"<p>Vasemmistoliiton puheenjohtaja Minja Koskela pit\u00e4\u00e4 ty\u00f6ministeri Arto Satosen eduskunnan kyselytunnilla esitt\u00e4mi\u00e4 v\u00e4itteit\u00e4 YT-lain uudistamisesta virheellisin\u00e4: Koskelan mukaan YT-lain heikent\u00e4minen leikkaa 24 miljoonalla eurolla ty\u00f6ntekij\u00f6iden palkkoja. (Arkistokuva, kuval\u00e4hde: Eduskunta.) Ty\u00f6ministeri Arto Satosen mukaan -hallinnollisen taakan kevent\u00e4minen- uuden lain my\u00f6t\u00e4 s\u00e4\u00e4st\u00e4\u00e4 33 miljoonaa euroa yrityksilt\u00e4. Koskela on hyvin eri mielt\u00e4. Jatkossa YT-lakia ei en\u00e4\u00e4 sovellettaisi alle 50 [&hellip;]<\/p>\n","protected":false},"author":3,"featured_media":3970,"comment_status":"open","ping_status":"open","sticky":false,"template":"","format":"standard","meta":{"footnotes":""},"categories":[49,25,50],"tags":[],"_links":{"self":[{"href":"https:\/\/www.uutispeili.fi\/index.php\/wp-json\/wp\/v2\/posts\/3969"}],"collection":[{"href":"https:\/\/www.uutispeili.fi\/index.php\/wp-json\/wp\/v2\/posts"}],"about":[{"href":"https:\/\/www.uutispeili.fi\/index.php\/wp-json\/wp\/v2\/types\/post"}],"author":[{"embeddable":true,"href":"https:\/\/www.uutispeili.fi\/index.php\/wp-json\/wp\/v2\/users\/3"}],"replies":[{"embeddable":true,"href":"https:\/\/www.uutispeili.fi\/index.php\/wp-json\/wp\/v2\/comments?post=3969"}],"version-history":[{"count":1,"href":"https:\/\/www.uutispeili.fi\/index.php\/wp-json\/wp\/v2\/posts\/3969\/revisions"}],"predecessor-version":[{"id":3971,"href":"https:\/\/www.uutispeili.fi\/index.php\/wp-json\/wp\/v2\/posts\/3969\/revisions\/3971"}],"wp:featuredmedia":[{"embeddable":true,"href":"https:\/\/www.uutispeili.fi\/index.php\/wp-json\/wp\/v2\/media\/3970"}],"wp:attachment":[{"href":"https:\/\/www.uutispeili.fi\/index.php\/wp-json\/wp\/v2\/media?parent=3969"}],"wp:term":[{"taxonomy":"category","embeddable":true,"href":"https:\/\/www.uutispeili.fi\/index.php\/wp-json\/wp\/v2\/categories?post=3969"},{"taxonomy":"post_tag","embeddable":true,"href":"https:\/\/www.uutispeili.fi\/index.php\/wp-json\/wp\/v2\/tags?post=3969"}],"curies":[{"name":"wp","href":"https:\/\/api.w.org\/{rel}","templated":true}]}}