{"id":3927,"date":"2024-11-26T21:18:59","date_gmt":"2024-11-26T21:18:59","guid":{"rendered":"https:\/\/www.uutispeili.fi\/?p=3927"},"modified":"2024-11-26T21:19:00","modified_gmt":"2024-11-26T21:19:00","slug":"taaskaan-itse-asiaan-ei-otettu-kantaa-kaikki-eivat-halua-kotoutua","status":"publish","type":"post","link":"https:\/\/www.uutispeili.fi\/index.php\/2024\/11\/26\/taaskaan-itse-asiaan-ei-otettu-kantaa-kaikki-eivat-halua-kotoutua\/","title":{"rendered":"Taaskaan itse asiaan ei otettu kantaa: Kaikki eiv\u00e4t halua kotoutua"},"content":{"rendered":"<p><strong>Eduskunnan tiistaisessa keskustelussa p\u00e4\u00e4aiheena oli kotouttamis-velvoitteiden siirt\u00e4minen valtiolta osin kuntien maksettavaksi, mit\u00e4 ne ovat tietenkin olleet osin t\u00e4h\u00e4nkin saakka. Mutta nyt suhteelliset ja m\u00e4\u00e4r\u00e4llisetkin summat ovat kasvamassa.<\/strong><\/p>\n<h3>Kunnilla my\u00f6s aikatauluongelma<\/h3>\n<p>Ja tottahan se on, sill\u00e4 monet kunnat ovat ly\u00f6neet budjetit kiinni, ja nyt hallitus edellytt\u00e4\u00e4 ett\u00e4 kunnilta on ensi vuoden alusta l\u00f6ydytt\u00e4v\u00e4 lis\u00e4\u00e4 rahaa kotouttamiseen. Mutta ei se nyt ihan p\u00e4iv\u00e4n p\u00e4\u00e4lle ole: tied\u00e4n, kun olen kahteen kertaan vet\u00e4nyt <strong>Espoon<\/strong> kaupungin budjettineuvottelut: joskus tulee yll\u00e4tt\u00e4vi\u00e4 muutoksia ja menoja ja niist\u00e4kin on selvitt\u00e4v\u00e4..<\/p>\n<h3>Sis\u00e4ministeri Mari Rantanen: Toimeentulotuen v\u00e4heneminen ei voi olla kotiutumisen este<\/h3>\n<p>Opposition puheista tuli sellainen vaikutelma -kielt\u00e4m\u00e4tt\u00e4- ett\u00e4 ellei maahanmuuttajille tarjota mahdollisimman paljon toimeentulotukea, niin kotouttaminen ep\u00e4onnistuu. On kyll\u00e4 totta, ett\u00e4 helposti ja varmaan syyst\u00e4kin saa sen vaikutelman, ett\u00e4 tuo &#8221;<em>toimeentulotuki<\/em>&#8221; on keskeinen syy valtavan monen t\u00e4nne tulleen maahanmuuton takana.<\/p>\n<p>No, esimerkiksi <strong>Espanjassa<\/strong> -mik\u00e4 muuten ei ole hyv\u00e4 esimerkki mihink\u00e4\u00e4n- on kuitenkin tiukka linja, eli 3 kk toimeentulotukea ja sen j\u00e4lkeen on tultava toimeen omillaan, -tai poistuttava maasta. Meill\u00e4h\u00e4n ei esimerkiksi joukkoraiskareita ole saatu karkotettua, kun vihervasemmiston mielest\u00e4 se loukkaa turvapaikanhakijoiden &#8221;<em>ihmisoikeuksia<\/em>&#8221;. T\u00e4m\u00e4h\u00e4n <em>de facto<\/em> tarkoittaa, ett\u00e4 suomalaistyt\u00f6ille ei vihervasemmiston mielest\u00e4 kuulu samat ihmisoikeudet kuin em. pedoille.<\/p>\n<h3>Suuri joukko tulijoita ei haluakaan kotoutua<\/h3>\n<p>Joka ikinen kansalainen n\u00e4kee t\u00e4m\u00e4n arjessaan, ja varsinkin suurimmissa keskuksissa. Etenkin nuorten l\u00e4hi-it\u00e4l\u00e4isten ja Afrikan Sarvesta tulleiden nuorten miesten joukkiot sananmukaisesti vetelehtiv\u00e4t kauppakeskuksissa ymp\u00e4ri maata.<\/p>\n<blockquote><p>Meill\u00e4 on siis em. joukon toimesta tapahtunut joukkoraiskauksia vuosina 2018 ja 2022. <strong>Oulun<\/strong> seudulla ja my\u00f6s <strong>p\u00e4\u00e4kaupunkiseudulla<\/strong>, <strong>Tampereella<\/strong> ja <strong>Turussa<\/strong>\u00a0ovat riehuneet viime vuosina niin sanotut <em>jengit,<\/em> jotka koostuvat 12-24 vuotiaista tuhansien kilometrien p\u00e4\u00e4st\u00e4 tulleista nuorista miehist\u00e4.<\/p><\/blockquote>\n<p>On jotensakin surullista kuinka edellisen hallituksen sis\u00e4ministeri <strong>Krista Mikkonen<\/strong> koitti intt\u00e4\u00e4 viel\u00e4 2023 kev\u00e4\u00e4ll\u00e4 -vastoin poliisi korkeakoulun yksiselitteist\u00e4 tutkimustietoa, ett\u00e4 noissa jengeiss\u00e4 olisi mukana my\u00f6s suomalaisnuoria. Poliisin mukaan ne koostuivat nimenomaan irakilaisista, somaleista, syyrialaisista ja muista silt\u00e4 ilmansuunnalta tulleista.<\/p>\n<p>Suomessa olevat <em>imaamit<\/em> my\u00f6s tekev\u00e4t kaikkensa, ett\u00e4 muslimistinen el\u00e4m\u00e4ntapa s\u00e4ilyisi, ellei per\u00e4ti voimistui maahanmuuttajien keskuudessa. Onhan meill\u00e4 rampannut t\u00e4\u00e4ll\u00e4 muualta tulleita <em>Sharia<\/em>-lain saarnaajiakin, ja jopa sellaisia jotka eiv\u00e4t voi harjoittaa myrkynkylv\u00f6\u00e4\u00e4n muissa Euroopan maissa.<\/p>\n<p>Kotouttamisen ainoa vaihtoehto on <em>kotiuttaminen<\/em> ja siihen tulee panostaa kertakaikkisen voimallisesti. On esimerkiksi k\u00e4sitt\u00e4m\u00e4t\u00f6nt\u00e4, ett\u00e4 meill\u00e4 on en\u00e4\u00e4 yht\u00e4\u00e4n ainoaa somalia t\u00e4ss\u00e4 maassa, koska siell\u00e4 on sota loppunut jo 2010, ja <strong>Somalian<\/strong> presidentit ja ulkoministerit ovat maailmanlaajuisesti vedonneet muualle menneisiin kanslalaisineen, ett\u00e4 &#8221;<em>tulkaa perheinenne kotiin rakentamaan is\u00e4nmaatanne<\/em>&#8221;.<\/p>\n<blockquote><p>Kyll\u00e4h\u00e4n somalit ovat Somaliaan menneet jo kymmenen vuotta lomille ja\/tai ymp\u00e4rileikkauttamaan murrosik\u00e4iset tytt\u00e4rens\u00e4, mutta eip\u00e4 monikaan ole oikeasti mennyt antamaan ammattitaitoaan ja ty\u00f6panostaan is\u00e4nmaansa hyv\u00e4ksi.<\/p><\/blockquote>\n<p>Mutta tuo imaamien huseeraaminen meill\u00e4 ja erityisesti esim. <strong>Ruotsissa<\/strong>, <strong>Ranskassa<\/strong> ja varsinkin <strong>Isossa<\/strong> <strong>Britanniassa<\/strong> on aiheuttanut valtavia yhteenottoja paikallisten ja maahanmuuttajien kesken. -ja tilannne vain pahenee p\u00e4iv\u00e4 p\u00e4iv\u00e4lt\u00e4. T\u00e4t\u00e4 suomalaiset eiv\u00e4t halua, eiv\u00e4t edes vihervasemmiston \u00e4\u00e4nest\u00e4j\u00e4t. Vain heid\u00e4n yh\u00e4 vain pime\u00e4mm\u00e4ksi k\u00e4yv\u00e4t johtajat, jotka surkuttelevat ett\u00e4 &#8221;<em>mit\u00e4 meist\u00e4 nyt muualla ajatellaan&#8221;.<\/em><\/p>\n<p>.Aivan sama mit\u00e4 ajattelee joku saksalainen <em>Antifan<\/em> kannattaja, tai joku vihre\u00e4 ulkoministeri, joka on tehnyt kolmen vuoden aikana noin 500 rikosilmoitusta siit\u00e4 kuinka h\u00e4nt\u00e4 on arvosteltu netiss\u00e4. -Siis ihan oikeasti: v\u00e4it\u00e4n, ett\u00e4 99 %:lle suomalaisista on herttasen yhdentekev\u00e4\u00e4 mit\u00e4 tuollaiset ihmiset ajattelevat siit\u00e4 miten me puolustamme t\u00e4t\u00e4 maata, ja pid\u00e4mme maahanmuuttopolitiikamme tolkullisissa k\u00e4siss\u00e4 ja rajoissa.<\/p>\n<p>Seppo Huhta<\/p>\n","protected":false},"excerpt":{"rendered":"<p>Eduskunnan tiistaisessa keskustelussa p\u00e4\u00e4aiheena oli kotouttamis-velvoitteiden siirt\u00e4minen valtiolta osin kuntien maksettavaksi, mit\u00e4 ne ovat tietenkin olleet osin t\u00e4h\u00e4nkin saakka. Mutta nyt suhteelliset ja m\u00e4\u00e4r\u00e4llisetkin summat ovat kasvamassa. Kunnilla my\u00f6s aikatauluongelma Ja tottahan se on, sill\u00e4 monet kunnat ovat ly\u00f6neet budjetit kiinni, ja nyt hallitus edellytt\u00e4\u00e4 ett\u00e4 kunnilta on ensi vuoden alusta l\u00f6ydytt\u00e4v\u00e4 lis\u00e4\u00e4 rahaa kotouttamiseen. [&hellip;]<\/p>\n","protected":false},"author":5,"featured_media":1929,"comment_status":"open","ping_status":"open","sticky":false,"template":"","format":"standard","meta":{"footnotes":""},"categories":[21],"tags":[],"_links":{"self":[{"href":"https:\/\/www.uutispeili.fi\/index.php\/wp-json\/wp\/v2\/posts\/3927"}],"collection":[{"href":"https:\/\/www.uutispeili.fi\/index.php\/wp-json\/wp\/v2\/posts"}],"about":[{"href":"https:\/\/www.uutispeili.fi\/index.php\/wp-json\/wp\/v2\/types\/post"}],"author":[{"embeddable":true,"href":"https:\/\/www.uutispeili.fi\/index.php\/wp-json\/wp\/v2\/users\/5"}],"replies":[{"embeddable":true,"href":"https:\/\/www.uutispeili.fi\/index.php\/wp-json\/wp\/v2\/comments?post=3927"}],"version-history":[{"count":1,"href":"https:\/\/www.uutispeili.fi\/index.php\/wp-json\/wp\/v2\/posts\/3927\/revisions"}],"predecessor-version":[{"id":3928,"href":"https:\/\/www.uutispeili.fi\/index.php\/wp-json\/wp\/v2\/posts\/3927\/revisions\/3928"}],"wp:featuredmedia":[{"embeddable":true,"href":"https:\/\/www.uutispeili.fi\/index.php\/wp-json\/wp\/v2\/media\/1929"}],"wp:attachment":[{"href":"https:\/\/www.uutispeili.fi\/index.php\/wp-json\/wp\/v2\/media?parent=3927"}],"wp:term":[{"taxonomy":"category","embeddable":true,"href":"https:\/\/www.uutispeili.fi\/index.php\/wp-json\/wp\/v2\/categories?post=3927"},{"taxonomy":"post_tag","embeddable":true,"href":"https:\/\/www.uutispeili.fi\/index.php\/wp-json\/wp\/v2\/tags?post=3927"}],"curies":[{"name":"wp","href":"https:\/\/api.w.org\/{rel}","templated":true}]}}