{"id":3917,"date":"2024-11-26T10:58:42","date_gmt":"2024-11-26T10:58:42","guid":{"rendered":"https:\/\/www.uutispeili.fi\/?p=3917"},"modified":"2024-11-26T10:58:42","modified_gmt":"2024-11-26T10:58:42","slug":"keskustan-kansanedustaja-naton-parlamentaariseen-elimeen","status":"publish","type":"post","link":"https:\/\/www.uutispeili.fi\/index.php\/2024\/11\/26\/keskustan-kansanedustaja-naton-parlamentaariseen-elimeen\/","title":{"rendered":"Keskustan kansanedustaja NATO:n parlamentaariseen elimeen"},"content":{"rendered":"<p><strong>Keskustan kansanedustaja Mikko Savola Naton parlamentaarisen yleiskokouksen syysistunnossa Montrealissa sen puheenjohtajistoon.<\/strong><\/p>\n<p>(Kuvan aineisto; NATO.)<\/p>\n<p><strong>Naton parlamentaarisen yleiskokouksen<\/strong> (Nato PA) syysistunto j\u00e4rjestettiin 22.\u201325.11.2024 <strong>Montreal<\/strong>issa Kanadassa. Kokouksessa oli edustettuna 209 parlamentaarikkoa natomaista ja rauhankumppanimaista.<\/p>\n<p>Vuodesta 2011 saakka Nato PA:han kuulunut \u00e4ht\u00e4ril\u00e4inen kansanedustaja Mikko Savola(kesk.) valittiin parlamentaarisen yleiskokouksen varapuheenjohtajistoon. Kokouksen puheenjohtajistoon nousemisen lis\u00e4ksi Savola jatkaa my\u00f6s talous- ja turvallisuuskomitean alaisen transatlanttisia suhteita k\u00e4sittelev\u00e4n alakomitean varapuheenjohtajana.<\/p>\n<blockquote><p>Teht\u00e4v\u00e4 on merkityksellinen ja Nato PA:n teht\u00e4v\u00e4kent\u00e4n ytimess\u00e4. Olen puheenjohtajiston ainut pohjoismaalainen. Tulen nostamaan erityisesti t\u00e4m\u00e4n alueen intressej\u00e4 esiin Nato PA:n toiminnan ohjaamisessa ja p\u00e4\u00e4t\u00f6ksenteossa, kertoi Savola.<\/p><\/blockquote>\n<p>Savola kokee, ett\u00e4 pitk\u00e4j\u00e4nteinen ty\u00f6 ja verkottuminen n\u00e4kyy, ja nyt ollaan keskeisill\u00e4 luottamuspaikoilla, josta on etua Suomen n\u00e4k\u00f6kulman esiin tuomisessa.<\/p>\n<p>Teht\u00e4v\u00e4 on kaksivuotinen. Puheenjohtaja on <strong>Portugalista<\/strong> ja muut varapuheenjohtajat <strong>Isosta-Britanniasta<\/strong>, <strong>Saksasta<\/strong>, <strong>Unkarista<\/strong> ja <strong>Kanadasta<\/strong>. Valinta oli yksimielinen.<\/p>\n<p>Kokouksessa puhuessaan Savola korosti Suomen asemaa liittokunnassa ja <strong>Ukrainan<\/strong> tukena.<\/p>\n<blockquote><p>Alusta alkaen oli selv\u00e4\u00e4, ett\u00e4 haluamme ottaa vastuuta omasta turvallisuudestamme, edist\u00e4\u00e4 yhteist\u00e4 turvallisuutta ja olla hyv\u00e4 liittolainen. K\u00e4yt\u00e4mme noin 2,5 % bruttokansan- tuotteestamme puolustukseen ja aiomme s\u00e4ilytt\u00e4\u00e4 t\u00e4m\u00e4n tason ja jopa nostaa sit\u00e4, jos saamme Naton yhteisymm\u00e4rrykseen asiasta, Savola summasi sek\u00e4 kysyi, miten Suomen ja <strong>Ruotsin<\/strong> liittyminen ja integroituminen on onnistunut.<\/p><\/blockquote>\n<p>Suomea kokouksessa Savolan lis\u00e4ksi edustivat valtuuskunnan puheenjohtaja <strong>Tomi Immonen<\/strong> (ps.) sek\u00e4 j\u00e4senet <strong>Mika Kari<\/strong> (sd.), <strong>Jukka Kopra<\/strong> (kok.), <strong>Jarno Limnell<\/strong> (kok.). Yleiskokous valitsi Immosen puolustus- ja turvallisuuskomitean alakomitean varapuheenjohtajaksi ja Limnellin johtamaan tiede- ja teknologiakomitean alakomiteaa, joka keskittyy teknologian trendeihin ja turvallisuuteen. <img loading=\"lazy\" decoding=\"async\" class=\"alignnone size-full wp-image-144\" src=\"https:\/\/www.uutispeili.fi\/wp-content\/uploads\/2023\/11\/di.gold_.gif\" alt=\"\" width=\"11\" height=\"11\" \/><\/p>\n<ul>\n<li>Naton parlamentaarinen yleiskokous, -englanniksi: <em>Nato Parliamentary Assembly<\/em>, ranskaksi: <em>Assembl\u00e9e<\/em> parlementaire <em>de l\u2019OTAN<\/em>, on puolustusliitto Naton j\u00e4senmaiden parlamenttien foorumi, joka vahvistaa transatlanttisia suhteita ja atlanttisia arvoja. N\u00e4iksi arvoiksi on m\u00e4\u00e4ritelty <em>parlamentaarinen demokratia, yksil\u00f6nvapaudet, ihmisoikeudet<\/em> ja <em>laillisuusperiaate<\/em>. Parlamentaarinen yleiskokous on Natosta erillinen instituutio, joka toimii linkkin\u00e4 Naton ja sen liittolaismaiden parlamenttien v\u00e4lill\u00e4. Yleiskokous pit\u00e4\u00e4 t\u00e4ysistunnon kaksi kertaa vuodessa. (<a href=\"https:\/\/fi.wikipedia.org\/wiki\/Naton_parlamentaarinen_yleiskokous\" target=\"_blank\" rel=\"noopener\">Wiki<\/a>)<\/li>\n<\/ul>\n","protected":false},"excerpt":{"rendered":"<p>Keskustan kansanedustaja Mikko Savola Naton parlamentaarisen yleiskokouksen syysistunnossa Montrealissa sen puheenjohtajistoon. (Kuvan aineisto; NATO.) Naton parlamentaarisen yleiskokouksen (Nato PA) syysistunto j\u00e4rjestettiin 22.\u201325.11.2024 Montrealissa Kanadassa. Kokouksessa oli edustettuna 209 parlamentaarikkoa natomaista ja rauhankumppanimaista. Vuodesta 2011 saakka Nato PA:han kuulunut \u00e4ht\u00e4ril\u00e4inen kansanedustaja Mikko Savola(kesk.) valittiin parlamentaarisen yleiskokouksen varapuheenjohtajistoon. Kokouksen puheenjohtajistoon nousemisen lis\u00e4ksi Savola jatkaa my\u00f6s talous- ja [&hellip;]<\/p>\n","protected":false},"author":3,"featured_media":3919,"comment_status":"open","ping_status":"open","sticky":false,"template":"","format":"standard","meta":{"footnotes":""},"categories":[49,73,50],"tags":[],"_links":{"self":[{"href":"https:\/\/www.uutispeili.fi\/index.php\/wp-json\/wp\/v2\/posts\/3917"}],"collection":[{"href":"https:\/\/www.uutispeili.fi\/index.php\/wp-json\/wp\/v2\/posts"}],"about":[{"href":"https:\/\/www.uutispeili.fi\/index.php\/wp-json\/wp\/v2\/types\/post"}],"author":[{"embeddable":true,"href":"https:\/\/www.uutispeili.fi\/index.php\/wp-json\/wp\/v2\/users\/3"}],"replies":[{"embeddable":true,"href":"https:\/\/www.uutispeili.fi\/index.php\/wp-json\/wp\/v2\/comments?post=3917"}],"version-history":[{"count":1,"href":"https:\/\/www.uutispeili.fi\/index.php\/wp-json\/wp\/v2\/posts\/3917\/revisions"}],"predecessor-version":[{"id":3920,"href":"https:\/\/www.uutispeili.fi\/index.php\/wp-json\/wp\/v2\/posts\/3917\/revisions\/3920"}],"wp:featuredmedia":[{"embeddable":true,"href":"https:\/\/www.uutispeili.fi\/index.php\/wp-json\/wp\/v2\/media\/3919"}],"wp:attachment":[{"href":"https:\/\/www.uutispeili.fi\/index.php\/wp-json\/wp\/v2\/media?parent=3917"}],"wp:term":[{"taxonomy":"category","embeddable":true,"href":"https:\/\/www.uutispeili.fi\/index.php\/wp-json\/wp\/v2\/categories?post=3917"},{"taxonomy":"post_tag","embeddable":true,"href":"https:\/\/www.uutispeili.fi\/index.php\/wp-json\/wp\/v2\/tags?post=3917"}],"curies":[{"name":"wp","href":"https:\/\/api.w.org\/{rel}","templated":true}]}}