{"id":3911,"date":"2024-11-25T13:13:34","date_gmt":"2024-11-25T13:13:34","guid":{"rendered":"https:\/\/www.uutispeili.fi\/?p=3911"},"modified":"2024-11-25T13:13:34","modified_gmt":"2024-11-25T13:13:34","slug":"sahkojen-palautuminen-rautavaaran-kirkonkylaan-viivastyy-vika-korjattu-2100-mennessa","status":"publish","type":"post","link":"https:\/\/www.uutispeili.fi\/index.php\/2024\/11\/25\/sahkojen-palautuminen-rautavaaran-kirkonkylaan-viivastyy-vika-korjattu-2100-mennessa\/","title":{"rendered":"S\u00e4hk\u00f6jen palautuminen Rautavaaran kirkonkyl\u00e4\u00e4n viiv\u00e4styy, -vika korjattu 21:00 menness\u00e4"},"content":{"rendered":"<p><strong>Muuntajapalo vei varhain t\u00e4n\u00e4\u00e4n aamulla s\u00e4hk\u00f6t Rautavaaran kirkonkyl\u00e4st\u00e4.<\/strong><\/p>\n<p><strong>Rautavaaralla<\/strong> aamup\u00e4iv\u00e4ll\u00e4 tapahtuneen <strong>Savon Voiman<\/strong> muuntamopalon<br \/>\nseurauksena aiheutuneet s\u00e4hk\u00f6njakelun h\u00e4iri\u00f6t jatkuvat kirkonkyl\u00e4ll\u00e4 ja<br \/>\ns\u00e4hk\u00f6jen palautuminen viiv\u00e4styy aiemmin arvioidusta.<\/p>\n<p>Rautavaaran kunta toimii my\u00f6s edelleen varayhteyksien varassa ja<br \/>\ntietoj\u00e4rjestelm\u00e4t ovat matalana. S\u00e4hk\u00f6t saadaan palautettua kaikille<br \/>\nasiakkaille uuden arvion mukaisesti ennen kello yhdeks\u00e4\u00e4.<\/p>\n<h3>Palanut muuntaja uusitaan<\/h3>\n<p>Syyn\u00e4 viiv\u00e4stykseen on korjaussuunnitelman muutos, jossa palanut<br \/>\nmuuntaja pyrit\u00e4\u00e4n uusimaan kerralla paikan p\u00e4\u00e4ll\u00e4, eik\u00e4 erillisi\u00e4<br \/>\nohitust\u00f6it\u00e4 suoriteta.<\/p>\n<ul>\n<li>Evakuoinneille ei edelleenk\u00e4\u00e4n ole tarvetta.<\/li>\n<li>Kunta kehottaa l\u00e4mm\u00f6njakelussa s\u00e4hk\u00f6n varassa olevia kuntalaisia<br \/>\nhakeutumaan tarvittaessa l\u00e4mpim\u00e4\u00e4n ja olemaan yhteydess\u00e4 viranomaisiin,<br \/>\nmik\u00e4li tilanne olisi muodostumassa kriittiseksi. <img loading=\"lazy\" decoding=\"async\" class=\"alignnone size-full wp-image-144\" src=\"https:\/\/www.uutispeili.fi\/wp-content\/uploads\/2023\/11\/di.gold_.gif\" alt=\"\" width=\"11\" height=\"11\" \/><\/li>\n<\/ul>\n","protected":false},"excerpt":{"rendered":"<p>Muuntajapalo vei varhain t\u00e4n\u00e4\u00e4n aamulla s\u00e4hk\u00f6t Rautavaaran kirkonkyl\u00e4st\u00e4. Rautavaaralla aamup\u00e4iv\u00e4ll\u00e4 tapahtuneen Savon Voiman muuntamopalon seurauksena aiheutuneet s\u00e4hk\u00f6njakelun h\u00e4iri\u00f6t jatkuvat kirkonkyl\u00e4ll\u00e4 ja s\u00e4hk\u00f6jen palautuminen viiv\u00e4styy aiemmin arvioidusta. Rautavaaran kunta toimii my\u00f6s edelleen varayhteyksien varassa ja tietoj\u00e4rjestelm\u00e4t ovat matalana. S\u00e4hk\u00f6t saadaan palautettua kaikille asiakkaille uuden arvion mukaisesti ennen kello yhdeks\u00e4\u00e4. Palanut muuntaja uusitaan Syyn\u00e4 viiv\u00e4stykseen on korjaussuunnitelman [&hellip;]<\/p>\n","protected":false},"author":1,"featured_media":3912,"comment_status":"open","ping_status":"open","sticky":false,"template":"","format":"standard","meta":{"footnotes":""},"categories":[59,58,6],"tags":[],"_links":{"self":[{"href":"https:\/\/www.uutispeili.fi\/index.php\/wp-json\/wp\/v2\/posts\/3911"}],"collection":[{"href":"https:\/\/www.uutispeili.fi\/index.php\/wp-json\/wp\/v2\/posts"}],"about":[{"href":"https:\/\/www.uutispeili.fi\/index.php\/wp-json\/wp\/v2\/types\/post"}],"author":[{"embeddable":true,"href":"https:\/\/www.uutispeili.fi\/index.php\/wp-json\/wp\/v2\/users\/1"}],"replies":[{"embeddable":true,"href":"https:\/\/www.uutispeili.fi\/index.php\/wp-json\/wp\/v2\/comments?post=3911"}],"version-history":[{"count":1,"href":"https:\/\/www.uutispeili.fi\/index.php\/wp-json\/wp\/v2\/posts\/3911\/revisions"}],"predecessor-version":[{"id":3913,"href":"https:\/\/www.uutispeili.fi\/index.php\/wp-json\/wp\/v2\/posts\/3911\/revisions\/3913"}],"wp:featuredmedia":[{"embeddable":true,"href":"https:\/\/www.uutispeili.fi\/index.php\/wp-json\/wp\/v2\/media\/3912"}],"wp:attachment":[{"href":"https:\/\/www.uutispeili.fi\/index.php\/wp-json\/wp\/v2\/media?parent=3911"}],"wp:term":[{"taxonomy":"category","embeddable":true,"href":"https:\/\/www.uutispeili.fi\/index.php\/wp-json\/wp\/v2\/categories?post=3911"},{"taxonomy":"post_tag","embeddable":true,"href":"https:\/\/www.uutispeili.fi\/index.php\/wp-json\/wp\/v2\/tags?post=3911"}],"curies":[{"name":"wp","href":"https:\/\/api.w.org\/{rel}","templated":true}]}}