{"id":3884,"date":"2024-11-22T15:26:51","date_gmt":"2024-11-22T15:26:51","guid":{"rendered":"https:\/\/www.uutispeili.fi\/?p=3884"},"modified":"2024-11-22T15:33:39","modified_gmt":"2024-11-22T15:33:39","slug":"pakolaiskiintion-kohdennus-uuteen-kasittelyyn-naisia-lapsia-ja-kristittyja-ei-saa-suosia","status":"publish","type":"post","link":"https:\/\/www.uutispeili.fi\/index.php\/2024\/11\/22\/pakolaiskiintion-kohdennus-uuteen-kasittelyyn-naisia-lapsia-ja-kristittyja-ei-saa-suosia\/","title":{"rendered":"Pakolaiskiinti\u00f6n kohdennus uuteen k\u00e4sittelyyn, -naisia, lapsia ja kristittyj\u00e4 ei saa suosia"},"content":{"rendered":"<p><strong>P\u00e4\u00e4ministeri Petteri Orpon pyynn\u00f6st\u00e4 sis\u00e4ministeri\u00f6 k\u00e4ynnist\u00e4\u00e4 uuden nopeutetun valmistelun pakolaiskiinti\u00f6n kohdennusp\u00e4\u00e4t\u00f6ksest\u00e4. Syyn\u00e4 on aiempaa valmistelua kohtaan esitetty ep\u00e4luottamus.<\/strong><\/p>\n<p>(Kuvan aineisto: Valtioneuvosto.)<\/p>\n<blockquote><p><strong>Sis\u00e4ministeri\u00f6<\/strong> valmistelee pikaisesti <strong>ulkoministeri\u00f6n<\/strong> ja ty\u00f6- ja <strong>elinkeinoministeri\u00f6n<\/strong> kanssa esityksen pakolaiskiinti\u00f6n alueellisesta kohdentamisesta. My\u00f6s <strong>Maahanmuuttovirastoa<\/strong> ja <strong>suojelupoliisia<\/strong> kuullaan valmistelussa. Esityksen pohjana on <strong>YK<\/strong>:n pakolaisj\u00e4rjest\u00f6n <strong>UNHCR<\/strong>:n uusi esitys Suomelle pakolaiskiinti\u00f6n kohdentamisesta. Asiassa tehd\u00e4\u00e4n kansallinen harkinta ja ratkaisu.<\/p><\/blockquote>\n<p>Aiemmasta k\u00e4yt\u00e4nn\u00f6st\u00e4 poiketen uudelleen valmisteltu esitys kohdentamisp\u00e4\u00e4t\u00f6kseksi vied\u00e4\u00e4n <em><strong>valtioneuvoston yleisistuntoon<\/strong><\/em>, ei sis\u00e4isen turvallisuuden ja oikeudenhoidon ministerity\u00f6ryhm\u00e4n kokoukseen.<\/p>\n<p>Kiinti\u00f6ist\u00e4 ja kohdennuksista p\u00e4\u00e4tet\u00e4\u00e4n eduskunnassa joulukuussa, valtion vuoden 2025 talousarvion hyv\u00e4ksymisen yhteydess\u00e4. &#8217;<em>P\u00e4\u00e4t\u00f6s kohdentamisesta ja siin\u00e4 linjatuista painopisteist\u00e4 annetaan tiedoksi UNHCR:lle.&#8217;<\/em><\/p>\n<blockquote><p>Hallitusohjelman mukaisesti kiinti\u00f6pakolaisia otetaan Suomeen vuosittain 500. Pakolaiskiinti\u00f6n kohdentamisessa m\u00e4\u00e4ritell\u00e4\u00e4n, mist\u00e4 eri pakolaisryhmist\u00e4 seuraavan vuoden pakolaiskiinti\u00f6 koostuu ja kuinka paljon paikkoja kullekin ryhm\u00e4lle varataan.<\/p><\/blockquote>\n<p>Valmistellun esityksen teksti\u00e4:<\/p>\n<p><img loading=\"lazy\" decoding=\"async\" class=\"alignnone size-full wp-image-3886\" src=\"https:\/\/www.uutispeili.fi\/wp-content\/uploads\/2024\/11\/mari.rantanen-preferenssit0000.png\" alt=\"\" width=\"800\" height=\"404\" srcset=\"https:\/\/www.uutispeili.fi\/wp-content\/uploads\/2024\/11\/mari.rantanen-preferenssit0000.png 800w, https:\/\/www.uutispeili.fi\/wp-content\/uploads\/2024\/11\/mari.rantanen-preferenssit0000-300x152.png 300w, https:\/\/www.uutispeili.fi\/wp-content\/uploads\/2024\/11\/mari.rantanen-preferenssit0000-768x388.png 768w\" sizes=\"(max-width: 800px) 100vw, 800px\" \/><\/p>\n<p><em>Poliittisen johdon preferenssej\u00e4<\/em><br \/>\n<em>\u2022 Tavoite: 90 % pakolaisista naisia ja tytt\u00f6j\u00e4. UNHCR todennut, ett\u00e4 noin 2\/3 taso on korkein<\/em><br \/>\n<em>mahdollinen, noin 60-65 % kiinti\u00f6st\u00e4<\/em><br \/>\n<em>\u2022 Luovutaan h\u00e4t\u00e4tapauskiinti\u00f6st\u00e4 ja ETM-valinnoista, tilalle pakolaisia Venezuelasta<\/em><br \/>\n<em>\u2022 Painotetaan erityisesti sellaisia kansalaisuuksia, jotka saadaan tarvittaessa palautettua<\/em><br \/>\n<em>takaisin kotimaihinsa<\/em><br \/>\n<em>\u2022 Kristittyj\u00e4<\/em><br \/>\n<em>\u2022 Terveydenhuollon kantokyky huomioitava<\/em><\/p>\n<p><strong>Yhdenvertaisuusvaltuutettu<\/strong> ryhtyi lokakuussa kenenk\u00e4\u00e4n k\u00e4skem\u00e4tt\u00e4 tonkimaan nyt p\u00e4\u00e4ministerin p\u00e4\u00e4t\u00f6ksell\u00e4 valmisteluun palautettua esityst\u00e4 pakolaiskiinti\u00f6n kohdentamiseksi. Sis\u00e4ministeri\u00f6 on antanut valtuutetulle t\u00e4m\u00e4n pyyt\u00e4m\u00e4n selvityksen.<\/p>\n<h2>Esityksess\u00e4 mainitut kristityt Syyrian v\u00e4hemmist\u00f6-uskonnoista<\/h2>\n<p>Esitystekstin kirjaus kristityist\u00e4 koski syyrialaisia v\u00e4hemmist\u00f6uskontojen edustajia, liittyen <strong>hallitusohjelmassa<\/strong> mainittuun tavoitteeseen kristittyjen yms. ottamisesta mukaan pakolaiskiinti\u00f6den kautta Suomeen saapuviin.<\/p>\n<blockquote><p>Viime vuonna tehdyn kohdentamisp\u00e4\u00e4t\u00f6ksen mukaan syyrialaisia pakolaisia valittaessa painotetaan perheiden valintaa sek\u00e4 ryhm\u00e4n sis\u00e4isten v\u00e4hemmist\u00f6uskontojen asemaa. T\u00e4m\u00e4n vuoksi UNHCR:\u00e4\u00e4 pyydettiin esitt\u00e4m\u00e4\u00e4n Suomen pakolaiskiinti\u00f6\u00f6n v\u00e4hemmist\u00f6uskontojen edustajia, kuten <strong>jesidej\u00e4<\/strong> ja kristittyj\u00e4. My\u00f6hemmin k\u00e4vi kuitenkin ilmi, ett\u00e4 <strong>Turkissa<\/strong> olevien pakolaisten joukossa on hyvin v\u00e4h\u00e4n n\u00e4ihin ryhmiin kuuluvia pakolaisia.<\/p><\/blockquote>\n<h3>&#8221;<em>My\u00f6s syyrialaisten pakolaisten osalta pyritt\u00e4isiin painottamaan v\u00e4hemmist\u00f6uskontojen asemaa<\/em>&#8217;<\/h3>\n<blockquote><p>Pakolaiskiinti\u00f6n 2025 kohdentamisp\u00e4\u00e4t\u00f6st\u00e4 valmisteltaessa sis\u00e4ministeri\u00f6n virkakunta ja poliittinen johto ovat k\u00e4yneet keskustelua Turkista valittavien syyrialaisten kohdentamisesta. Poliittinen johto linjasi ministerity\u00f6ryhm\u00e4lle 29.10. valmisteltuun esitykseen saakka, ett\u00e4 my\u00f6s vuonna 2025 syyrialaisten pakolaisten osalta pyritt\u00e4isiin painottamaan ryhm\u00e4n sis\u00e4isten v\u00e4hemmist\u00f6uskontojen asemaa. T\u00e4m\u00e4 on se kristittyihin liittyv\u00e4 ohjaus, joka poliittiselta johdolta on tullut asiaa valmistelleelle virkahenkil\u00f6lle.<\/p><\/blockquote>\n<p>.Suuressa turvapaikanhakijoiden vy\u00f6ryss\u00e4 syksyll\u00e4 2015 Suomeen saapui poikkeuksellisen suurelta osin asevelvollisuusik\u00e4isi\u00e4 nuoriamiehi\u00e4.<\/p>\n<p>Luettavaa:<\/p>\n<ul>\n<li><a href=\"https:\/\/intermin.fi\/-\/sisaministerio-kaynnistaa-uudestaan-pakolaiskiintion-valmistelun\" target=\"_blank\" rel=\"noopener\"><strong>Intermin,f<\/strong><\/a>i: 22.11. 2024: Sis\u00e4ministeri\u00f6 k\u00e4ynnist\u00e4\u00e4 uudestaan pakolaiskiinti\u00f6n valmistelun,<\/li>\n<li><a href=\"https:\/\/intermin.fi\/documents\/1410869\/4024872\/YVV+-+Pakolaiskiinti%C3%B6virkamiesty%C3%B6ryhm%C3%A4n+kokous+20.8.2024+ppt.pdf\/c65ee44e-8ef0-a667-453c-161cf5f1f66b\/YVV+-+Pakolaiskiinti%C3%B6virkamiesty%C3%B6ryhm%C3%A4n+kokous+20.8.2024+ppt.pdf?t=1732273944493\" target=\"_blank\" rel=\"noopener\">Pakolaisvirkamiesty\u00f6ryhm\u00e4n kokous 20.08. 2024<\/a>, pgf,<\/li>\n<\/ul>\n","protected":false},"excerpt":{"rendered":"<p>P\u00e4\u00e4ministeri Petteri Orpon pyynn\u00f6st\u00e4 sis\u00e4ministeri\u00f6 k\u00e4ynnist\u00e4\u00e4 uuden nopeutetun valmistelun pakolaiskiinti\u00f6n kohdennusp\u00e4\u00e4t\u00f6ksest\u00e4. Syyn\u00e4 on aiempaa valmistelua kohtaan esitetty ep\u00e4luottamus. (Kuvan aineisto: Valtioneuvosto.) Sis\u00e4ministeri\u00f6 valmistelee pikaisesti ulkoministeri\u00f6n ja ty\u00f6- ja elinkeinoministeri\u00f6n kanssa esityksen pakolaiskiinti\u00f6n alueellisesta kohdentamisesta. My\u00f6s Maahanmuuttovirastoa ja suojelupoliisia kuullaan valmistelussa. Esityksen pohjana on YK:n pakolaisj\u00e4rjest\u00f6n UNHCR:n uusi esitys Suomelle pakolaiskiinti\u00f6n kohdentamisesta. Asiassa tehd\u00e4\u00e4n kansallinen harkinta [&hellip;]<\/p>\n","protected":false},"author":1,"featured_media":3885,"comment_status":"open","ping_status":"open","sticky":false,"template":"","format":"standard","meta":{"footnotes":""},"categories":[25,50],"tags":[],"_links":{"self":[{"href":"https:\/\/www.uutispeili.fi\/index.php\/wp-json\/wp\/v2\/posts\/3884"}],"collection":[{"href":"https:\/\/www.uutispeili.fi\/index.php\/wp-json\/wp\/v2\/posts"}],"about":[{"href":"https:\/\/www.uutispeili.fi\/index.php\/wp-json\/wp\/v2\/types\/post"}],"author":[{"embeddable":true,"href":"https:\/\/www.uutispeili.fi\/index.php\/wp-json\/wp\/v2\/users\/1"}],"replies":[{"embeddable":true,"href":"https:\/\/www.uutispeili.fi\/index.php\/wp-json\/wp\/v2\/comments?post=3884"}],"version-history":[{"count":3,"href":"https:\/\/www.uutispeili.fi\/index.php\/wp-json\/wp\/v2\/posts\/3884\/revisions"}],"predecessor-version":[{"id":3889,"href":"https:\/\/www.uutispeili.fi\/index.php\/wp-json\/wp\/v2\/posts\/3884\/revisions\/3889"}],"wp:featuredmedia":[{"embeddable":true,"href":"https:\/\/www.uutispeili.fi\/index.php\/wp-json\/wp\/v2\/media\/3885"}],"wp:attachment":[{"href":"https:\/\/www.uutispeili.fi\/index.php\/wp-json\/wp\/v2\/media?parent=3884"}],"wp:term":[{"taxonomy":"category","embeddable":true,"href":"https:\/\/www.uutispeili.fi\/index.php\/wp-json\/wp\/v2\/categories?post=3884"},{"taxonomy":"post_tag","embeddable":true,"href":"https:\/\/www.uutispeili.fi\/index.php\/wp-json\/wp\/v2\/tags?post=3884"}],"curies":[{"name":"wp","href":"https:\/\/api.w.org\/{rel}","templated":true}]}}