{"id":3761,"date":"2024-11-12T14:52:24","date_gmt":"2024-11-12T14:52:24","guid":{"rendered":"https:\/\/www.uutispeili.fi\/?p=3761"},"modified":"2024-11-12T14:52:24","modified_gmt":"2024-11-12T14:52:24","slug":"kasvojen-peittaminen-ei-kuulu-tai-sovellu-yhteiskuntaamme-sanoo-ari-koponen","status":"publish","type":"post","link":"https:\/\/www.uutispeili.fi\/index.php\/2024\/11\/12\/kasvojen-peittaminen-ei-kuulu-tai-sovellu-yhteiskuntaamme-sanoo-ari-koponen\/","title":{"rendered":"&#8221;Kasvojen peitt\u00e4minen ei kuulu tai sovellu yhteiskuntaamme&#8221;, sanoo Ari Koponen"},"content":{"rendered":"<p><strong>Perussuomalaisyen kansanedustaja Ari Koponen haluaa Suomeen burkakiellon. &#8211;<em>Naisia alistavalle kulttuurille ei Suomessa ole sijaa. Maassa maan tavalla tai maasta ulos<\/em>, sanoo Koponen.<\/strong><\/p>\n<p>Perussuomalaisten kansanedustaja <strong>Ari Koponen<\/strong> on j\u00e4tt\u00e4nyt eduskunnassa yhdess\u00e4 kolmentoista muun allekirjoittaneen kanssa toimenpidealoitteen, jonka tarkoituksen on kielt\u00e4\u00e4 kasvojen peitt\u00e4minen julkisissa tiloissa.<\/p>\n<p>Kyse on kansankielisesti burkakiellosta, joka on k\u00e4yt\u00f6ss\u00e4 useassa Euroopan maassa. Aloitteessa mainitaan, ett\u00e4 muun muassa <strong>Ranska<\/strong>, <strong>Tanska<\/strong>, <strong>Hollanti<\/strong>, <strong>It\u00e4valta<\/strong> ja vastik\u00e4\u00e4n lakimuutoksen tehnyt <strong>Sveitsi<\/strong> on kielt\u00e4nyt kasvojen peitt\u00e4misen julkisilla paikoilla jossain muodossa.<\/p>\n<blockquote><p>&#8211; Tietenkin lains\u00e4\u00e4d\u00e4nn\u00f6ss\u00e4 tulee ottaa huomioon poikkeustilanteet, kuten kasvojen suojaaminen s\u00e4\u00e4olosuhteiden vuoksi tai terveydellisist\u00e4 syist\u00e4 maskin k\u00e4ytt\u00f6. N\u00e4in on toimittu my\u00f6s esimerkiksi Sveitsiss\u00e4, Koponen avaa.<\/p><\/blockquote>\n<p>Aloitetta perustellaan turvallisuudella ja kulttuurin s\u00e4ilytt\u00e4misell\u00e4. Kasvojen peitt\u00e4minen, kuten burkan tai niqabin k\u00e4ytt\u00f6, tuo mukanaan sellaisia yhteiskunnallisia tapoja ja normeja, jotka eiv\u00e4t kuulu tai sovellu meid\u00e4n yhteiskuntaamme, aloitteessa sanotaan.<\/p>\n<blockquote><p>&#8211; Aloite edist\u00e4\u00e4 tytt\u00f6jen ja naisten oikeuksia. Suomessa olemme tottuneet siihen, ett\u00e4 ihmiset kohtaavat toisensa kasvoista kasvoihin tasa-arvoisina sukupuolesta riippumatta. N\u00e4in on syyt\u00e4 olla jatkossakin, Koponen korostaa.<\/p><\/blockquote>\n<p>Aloitteen on allekirjoittanut yhteens\u00e4 14 kansanedustajaa. Ari Koposen lis\u00e4ksi allekirjoittajina ovat: <strong>Teemu<\/strong> <strong>Keskisarja<\/strong> (ps.), <strong>Onni Rostila<\/strong> (ps.), <strong>Miko Bergbom<\/strong> (ps.), <strong>Antti Kangas<\/strong> (ps.), <strong>Juho Eerola<\/strong> (ps.), <strong>Juha<\/strong> <strong>M\u00e4enp\u00e4\u00e4<\/strong> (ps.), <strong>Tomi Immonen<\/strong> (ps.), <strong>Merja Rasinkangas<\/strong> (ps.), <strong>Rami Lehtinen<\/strong> (ps.), <strong>Sanna Antikainen<\/strong> (ps.), <strong>Mikko Lund\u00e9n<\/strong> (ps.), <strong>Mauri Peltokangas<\/strong> (ps.) ja <strong>Laura Huhtasaari<\/strong> (ps.). <img loading=\"lazy\" decoding=\"async\" class=\"alignnone size-full wp-image-144\" src=\"https:\/\/www.uutispeili.fi\/wp-content\/uploads\/2023\/11\/di.gold_.gif\" alt=\"\" width=\"11\" height=\"11\" \/><\/p>\n","protected":false},"excerpt":{"rendered":"<p>Perussuomalaisyen kansanedustaja Ari Koponen haluaa Suomeen burkakiellon. &#8211;Naisia alistavalle kulttuurille ei Suomessa ole sijaa. Maassa maan tavalla tai maasta ulos, sanoo Koponen. Perussuomalaisten kansanedustaja Ari Koponen on j\u00e4tt\u00e4nyt eduskunnassa yhdess\u00e4 kolmentoista muun allekirjoittaneen kanssa toimenpidealoitteen, jonka tarkoituksen on kielt\u00e4\u00e4 kasvojen peitt\u00e4minen julkisissa tiloissa. Kyse on kansankielisesti burkakiellosta, joka on k\u00e4yt\u00f6ss\u00e4 useassa Euroopan maassa. Aloitteessa mainitaan, [&hellip;]<\/p>\n","protected":false},"author":1,"featured_media":3762,"comment_status":"open","ping_status":"open","sticky":false,"template":"","format":"standard","meta":{"footnotes":""},"categories":[49,111,50],"tags":[],"_links":{"self":[{"href":"https:\/\/www.uutispeili.fi\/index.php\/wp-json\/wp\/v2\/posts\/3761"}],"collection":[{"href":"https:\/\/www.uutispeili.fi\/index.php\/wp-json\/wp\/v2\/posts"}],"about":[{"href":"https:\/\/www.uutispeili.fi\/index.php\/wp-json\/wp\/v2\/types\/post"}],"author":[{"embeddable":true,"href":"https:\/\/www.uutispeili.fi\/index.php\/wp-json\/wp\/v2\/users\/1"}],"replies":[{"embeddable":true,"href":"https:\/\/www.uutispeili.fi\/index.php\/wp-json\/wp\/v2\/comments?post=3761"}],"version-history":[{"count":1,"href":"https:\/\/www.uutispeili.fi\/index.php\/wp-json\/wp\/v2\/posts\/3761\/revisions"}],"predecessor-version":[{"id":3763,"href":"https:\/\/www.uutispeili.fi\/index.php\/wp-json\/wp\/v2\/posts\/3761\/revisions\/3763"}],"wp:featuredmedia":[{"embeddable":true,"href":"https:\/\/www.uutispeili.fi\/index.php\/wp-json\/wp\/v2\/media\/3762"}],"wp:attachment":[{"href":"https:\/\/www.uutispeili.fi\/index.php\/wp-json\/wp\/v2\/media?parent=3761"}],"wp:term":[{"taxonomy":"category","embeddable":true,"href":"https:\/\/www.uutispeili.fi\/index.php\/wp-json\/wp\/v2\/categories?post=3761"},{"taxonomy":"post_tag","embeddable":true,"href":"https:\/\/www.uutispeili.fi\/index.php\/wp-json\/wp\/v2\/tags?post=3761"}],"curies":[{"name":"wp","href":"https:\/\/api.w.org\/{rel}","templated":true}]}}