{"id":3735,"date":"2024-11-11T11:44:37","date_gmt":"2024-11-11T11:44:37","guid":{"rendered":"https:\/\/www.uutispeili.fi\/?p=3735"},"modified":"2024-11-11T16:38:54","modified_gmt":"2024-11-11T16:38:54","slug":"unrwan-entinen-virkailija-amsterdamin-juutalaisvastaisen-mellakan-taustalla","status":"publish","type":"post","link":"https:\/\/www.uutispeili.fi\/index.php\/2024\/11\/11\/unrwan-entinen-virkailija-amsterdamin-juutalaisvastaisen-mellakan-taustalla\/","title":{"rendered":"UNRWA:n entinen virkailija Amsterdamin juutalaisvastaisen mellakan taustalla"},"content":{"rendered":"<p><strong>Antisemiittist\u00e4 vihaa levitt\u00e4v\u00e4 YK-j\u00e4rjest\u00f6 kasvatti Gazan lapset vihaamaan juutalaisia ja &#8217;v\u00e4\u00e4r\u00e4uskoisia&#8217;, ja lehden mukaan j\u00e4rjest\u00f6 liittyy my\u00f6s juutalaisvastaiseen mellakkaan Amsterdamissa viime torstaina.<\/strong><\/p>\n<p>Israelilais-lehden mukaan <strong>YK<\/strong>:n <strong>Gaza<\/strong>ssa toimivassa pakolaistenauttamisj\u00e4rjest\u00f6ss\u00e4, <strong>UNRWA<\/strong>:ssa pakolaislasten opettajana toiminut mies oli taustavaikuttajana torstaina (07.11.) <strong>Amsterdam<\/strong>issa puhjenneessa antisemitistisess\u00e4 mellakassa, jonka seurauksena <strong>Israel<\/strong> l\u00e4hetti erikoiskoneen hakemaan turvaan israelilaiset jalkapallofanit.<\/p>\n<p>Amsterdam sai n\u00e4hd\u00e4 torstai-iltana ensimm\u00e4iset antisemitistiset katumellakat, sitten 1930-luvun, -jos Amsterdamissa oli mellakoitu silloinkaan. -Viime viikolla v\u00e4kivaltainen juutalaisviha kohdistui israelilaisiin jalkapallo-ottelun katsojiin, jotka olivat matkustaneet paikalle kannustamaan <strong>Maccabi-TelAviv<\/strong>-seuraa. Alankomaissa toimiva terroristij\u00e4rjest\u00f6\u00a0 <strong>Hamas<\/strong>iin verkostoitunut &#8221;<em>solidaarisuusj\u00e4rjest\u00f6<\/em>&#8221; <strong>PGNL<\/strong> osoittautui Amsterdamin\u00a0 juutalaisvastaisen mielenosoituksen p\u00e4\u00e4j\u00e4rjest\u00e4j\u00e4ksi.<\/p>\n<p>Tapahtuma j\u00e4rkytti Eurooppaa, ja lis\u00e4\u00e4 mietitt\u00e4v\u00e4\u00e4 saatiin, kun paljastui yhteys Gazassa toimivaan <strong>YK<\/strong>:n avustusj\u00e4rjest\u00f6\u00f6n <strong>UNRWA<\/strong>:han.<\/p>\n<p><a href=\"https:\/\/x.com\/AvivaKlompas\/status\/1855749546162479544\" target=\"_blank\" rel=\"noopener\"><img loading=\"lazy\" decoding=\"async\" class=\"alignnone size-full wp-image-3736\" src=\"https:\/\/www.uutispeili.fi\/wp-content\/uploads\/2024\/11\/unrwa-pogrom000x.png\" alt=\"\" width=\"441\" height=\"507\" srcset=\"https:\/\/www.uutispeili.fi\/wp-content\/uploads\/2024\/11\/unrwa-pogrom000x.png 441w, https:\/\/www.uutispeili.fi\/wp-content\/uploads\/2024\/11\/unrwa-pogrom000x-261x300.png 261w\" sizes=\"(max-width: 441px) 100vw, 441px\" \/><\/a><\/p>\n<ul>\n<li><a href=\"https:\/\/x.com\/AvivaKlompas\/status\/1855749546162479544\" target=\"_blank\" rel=\"noopener\">https:\/\/x.com\/AvivaKlompas\/status\/1855749546162479544<\/a><\/li>\n<\/ul>\n<p>Terroristij\u00e4rjest\u00f6jen Hamasin ja &#8217;<strong>Palestiinan islamilainen jihaadin<\/strong>&#8217; hy\u00f6k\u00e4tty\u00e4 Israeliin 7. lokakuuta 2023 l\u00f6ydettiin vaarattomiksi tehdyilt\u00e4 terroristeilta -ainakin yhdelt\u00e4- UNRWA:n my\u00f6nt\u00e4m\u00e4 henkil\u00f6kortti: H\u00e4nen teht\u00e4v\u00e4ns\u00e4 YK-j\u00e4rjest\u00f6ss\u00e4 oli &#8230; &#8211;<em><strong>opettaja<\/strong><\/em>.<\/p>\n<p>Seuraavassa oppilas itse kertoo, mit\u00e4 oppia YK on jakanut Gazan lapsille:<\/p>\n<p><img loading=\"lazy\" decoding=\"async\" class=\"alignnone size-full wp-image-3737\" src=\"https:\/\/www.uutispeili.fi\/wp-content\/uploads\/2024\/11\/unrwa-lapset000X.png\" alt=\"\" width=\"444\" height=\"408\" srcset=\"https:\/\/www.uutispeili.fi\/wp-content\/uploads\/2024\/11\/unrwa-lapset000X.png 444w, https:\/\/www.uutispeili.fi\/wp-content\/uploads\/2024\/11\/unrwa-lapset000X-300x276.png 300w\" sizes=\"(max-width: 444px) 100vw, 444px\" \/><\/p>\n<blockquote><p><span class=\"css-1jxf684 r-bcqeeo r-1ttztb7 r-qvutc0 r-poiln3\">Liza Rosen 29.10. 2024: <\/span><span style=\"color: initial;\">Watch: this Palestinian girl in <strong>UNRWA summer school<\/strong> wants to fight and kill the Jews. As you can see in this video she explains that \u201cJews are Christians and infidels\u201d who don\u2019t worship Allah (god of Islam). This is what the UN-sponsored education system has been teaching Palestinian children for the past decade. By sending billions of dollars as foreign aid to the U.N. and UNRWA, Western countries promote war and terrorism in the Middle East! Please share this video if you support Israel\u2019s decision to outlaw UNRWA!<\/span><\/p><\/blockquote>\n<ul>\n<li><a href=\"https:\/\/x.com\/LizaRosen0000\/status\/1851220768274653258\" target=\"_blank\" rel=\"noopener\">https:\/\/x.com\/LizaRosen0000\/status\/1851220768274653258<\/a><\/li>\n<\/ul>\n<p>Lapsi-ressukka kertoo, mit\u00e4 h\u00e4n on oppinut juutalaisista YK:n tuottamassa ja mm. <strong>Suomen<\/strong> sponssaamassa kooluopetuksessa. Emme siis yll\u00e4ty, kun sama asenne ja vihapuhe l\u00f6ytyv\u00e4t Amsterdamin &#8217;pogromin&#8217; taustalta: Mielenosoitukset 7. lokakuuta Maccabin ja <strong>Ajax FC<\/strong>:n ottelun yhteyteen j\u00e4rjest\u00e4neelt\u00e4 &#8221;<em>solidaarisuusj\u00e4rjest\u00f6<\/em>&#8221; <strong>PGNL<\/strong>:lta l\u00f6ytyy Hamas-tausta,\u00a0 -ja entinen UNRWA:n rekister\u00f6ity opettaja <strong>Ayman Naimeh<\/strong>.<\/p>\n<p>Hollannin viranomaisten ev\u00e4tty\u00e4 &#8217;<em>Palestiinan tukijoilta<\/em>&#8217; mielenosoitusluvan, j\u00e4rjest\u00e4j\u00e4t kutsuivat kannattajiaan pahaenteisell\u00e4 viestill\u00e4:<\/p>\n<blockquote><p>Viestiss\u00e4 kehotettiin &#8221;saapumaan pieniss\u00e4 ryhmiss\u00e4, k\u00e4tkem\u00e4\u00e4n Kufiyehit (ns. palestiinahuivit) ja Palestiinan liput. &#8221;<em>T\u00e4m\u00e4 on suora yhteenotto vihollisemme<\/em> (IOF ja Mossad) <em>kanssa<\/em>&#8221;, julisti j\u00e4rjest\u00e4j\u00e4, ja kehotti osallistuvia &#8221;<em>valmistautumaan kohtaamaan vakavaa v\u00e4kivaltaa<\/em>&#8221;. -Toisinsanoen: Kohdistamaan v\u00e4kivaltaa muihin.<\/p><\/blockquote>\n<p>Lehden tietojen mukaan &#8217;<em>PGNL on osa Hamasin verkostoa Alankomaissa ja Euroopassa<\/em>&#8217;. PGNL:n johtaja <strong>Amin Abou Rashed<\/strong> pid\u00e4tettiin v.2023 ep\u00e4iltyn\u00e4 tahojen siirt\u00e4misest\u00e4 Hamasille. -Rashedin v\u00e4litt\u00e4mille rahoille olikin k\u00e4ytt\u00f6\u00e4 07.11. 2023.<\/p>\n<p>Rashedin pid\u00e4tyksen j\u00e4lkeen PGNL:\u00e4\u00e4 on johtanut <strong>Ayman Nejmeh<\/strong>,\u00a0 Syyriassa syntynyt entinen UNRWA:n opettaja. -H\u00e4nen opetuksensa sis\u00e4ll\u00f6st\u00e4 tied\u00e4mmekin jo jotakin, -ja <strong>Negev<\/strong>in alueen rauhalliset israelilaiset asukkaat saivat siit\u00e4 kokemusta viimevuoden lokakuussa.<\/p>\n<p>Israelilaiset Maccabi-fanit selvisiv\u00e4t torstaina v\u00e4hemm\u00e4ll\u00e4, kuin Negevin kibbutshien asukkaat ja <strong>Nova<\/strong>-festivaaliin kokoontuneet teknomusiikin kuuntelijat lokakuussa 2023. Lehden haastattelema Maccabin kannattajana Amsterdamiin matkustanut &#8217;<em>Elad&#8217;<\/em> muisteli, ett\u00e4 Amsterdamin mellakoijien &#8221;<em>toimintatavat olivat samanlaisia \u200b\u200btai ainakin inspiroituneita Hamasin toimintatavoista lokakuun 7. p\u00e4iv\u00e4n joukkomurhan aikana, mukaan lukien uhrien n\u00f6yryytt\u00e4minen ja v\u00e4kivallan live-dokumentaatio<\/em>&#8221;.<\/p>\n<blockquote><p>&#8221;Koimme pogromin ja joukkomurhayrityksen, joilla ei ollut mit\u00e4\u00e4n tekemist\u00e4 jalkapallo-ottelun kanssa. N\u00e4m\u00e4 tapahtumat j\u00e4rjestettiin hyviss\u00e4 ajoin, ja ne olisi voitu est\u00e4\u00e4\u201d, Elad sanoi lehdelle.<\/p><\/blockquote>\n<p>Kuvaus Eladin kokemuksista <em>Jerusalem Postissa<\/em> (linkki alempana).<\/p>\n<p>Hamasin eurooppalainen verkosto ei ole <strong>Muslimiveljeskunnan<\/strong> (Muslim Brotherhood) ainoa v\u00e4line <strong>Euroopan Unionin<\/strong> alueella: <strong>Hizb ut Tahrir<\/strong> on verkostoinut eurooppalaiseen establishmentiin, esiintyy mm. <strong>EU:n komission<\/strong> kuultavana, &#8221;<em>asiantuntijana<\/em>&#8221;, ja pystyy vaikuttamaan sek\u00e4 mediaan ett\u00e4 lains\u00e4\u00e4d\u00e4nt\u00f6\u00f6n. HuT on jopa terroristij\u00e4rjest\u00f6j\u00e4 vaarallisempi. J\u00e4rjest\u00f6n johtaja, <strong>Tariq Ramadan<\/strong>, on ainakin kerran vieraillut <strong>Suomessa<\/strong>. Ramadan on Muslimiveljeskunnan perustajan, <strong>Hassan Al-Banna<\/strong>n, pojanpoika, <img loading=\"lazy\" decoding=\"async\" class=\"alignnone size-full wp-image-144\" src=\"https:\/\/www.uutispeili.fi\/wp-content\/uploads\/2023\/11\/di.gold_.gif\" alt=\"\" width=\"11\" height=\"11\" \/><\/p>\n<p>Luettavaa:<\/p>\n<ul>\n<li><a href=\"https:\/\/www.jpost.com\/international\/article-828450\" target=\"_blank\" rel=\"noopener\">The Jerusalem Post<\/a> 11.11. 2024,<\/li>\n<li><a href=\"https:\/\/x.com\/DahliaKurtz\/status\/1854926136800600086\" target=\"_blank\" rel=\"noopener\">https:\/\/x.com\/DahliaKurtz\/status\/1854926136800600086<\/a>.<\/li>\n<li>\n<p class=\"style-scope ytd-watch-metadata\"><a href=\"https:\/\/www.youtube.com\/watch?v=aKf3c2r5pG4\" target=\"_blank\" rel=\"noopener\">The Sun<\/a> (Video): Israeli football fans &#8217;hunted&#8217; by anti-Semitic mob in Amsterdam at Ajax v Maccabi Tel-Aviv match.<\/p>\n<\/li>\n<\/ul>\n<blockquote class=\"wp-embedded-content\" data-secret=\"MtOvLuLmbu\"><p><a href=\"https:\/\/www.uutispeili.fi\/index.php\/2024\/01\/28\/jihadistien-suosimisesta-syytetty-yk-jarjesto-oli-pekka-haaviston-suosikki\/\">Jihadistien suosimisesta syytetty YK-j\u00e4rjest\u00f6 oli Pekka Haaviston suosikki<\/a><\/p><\/blockquote>\n<p><iframe class=\"wp-embedded-content\" sandbox=\"allow-scripts\" security=\"restricted\" style=\"position: absolute; clip: rect(1px, 1px, 1px, 1px);\" title=\"&#8221;Jihadistien suosimisesta syytetty YK-j\u00e4rjest\u00f6 oli Pekka Haaviston suosikki&#8221; &#8212; \" src=\"https:\/\/www.uutispeili.fi\/index.php\/2024\/01\/28\/jihadistien-suosimisesta-syytetty-yk-jarjesto-oli-pekka-haaviston-suosikki\/embed\/#?secret=oH0OVP8BOJ#?secret=MtOvLuLmbu\" data-secret=\"MtOvLuLmbu\" width=\"600\" height=\"338\" frameborder=\"0\" marginwidth=\"0\" marginheight=\"0\" scrolling=\"no\"><\/iframe><\/p>\n<blockquote class=\"wp-embedded-content\" data-secret=\"buMLBA6029\"><p><a href=\"https:\/\/www.uutispeili.fi\/index.php\/2024\/10\/24\/ykta-paivaa-miten-on-mennyt-rauhan-turvaaminen-niinkuin-omasta-mielesta\/\">YK:ta p\u00e4iv\u00e4\u00e4! -Miten on mennyt rauhan-turvaaminen, niinkuin omasta mielest\u00e4?<\/a><\/p><\/blockquote>\n<p><iframe class=\"wp-embedded-content\" sandbox=\"allow-scripts\" security=\"restricted\" style=\"position: absolute; clip: rect(1px, 1px, 1px, 1px);\" title=\"&#8221;YK:ta p\u00e4iv\u00e4\u00e4! -Miten on mennyt rauhan-turvaaminen, niinkuin omasta mielest\u00e4?&#8221; &#8212; \" src=\"https:\/\/www.uutispeili.fi\/index.php\/2024\/10\/24\/ykta-paivaa-miten-on-mennyt-rauhan-turvaaminen-niinkuin-omasta-mielesta\/embed\/#?secret=HUd5Y6z3TK#?secret=buMLBA6029\" data-secret=\"buMLBA6029\" width=\"600\" height=\"338\" frameborder=\"0\" marginwidth=\"0\" marginheight=\"0\" scrolling=\"no\"><\/iframe><\/p>\n","protected":false},"excerpt":{"rendered":"<p>Antisemiittist\u00e4 vihaa levitt\u00e4v\u00e4 YK-j\u00e4rjest\u00f6 kasvatti Gazan lapset vihaamaan juutalaisia ja &#8217;v\u00e4\u00e4r\u00e4uskoisia&#8217;, ja lehden mukaan j\u00e4rjest\u00f6 liittyy my\u00f6s juutalaisvastaiseen mellakkaan Amsterdamissa viime torstaina. Israelilais-lehden mukaan YK:n Gazassa toimivassa pakolaistenauttamisj\u00e4rjest\u00f6ss\u00e4, UNRWA:ssa pakolaislasten opettajana toiminut mies oli taustavaikuttajana torstaina (07.11.) Amsterdamissa puhjenneessa antisemitistisess\u00e4 mellakassa, jonka seurauksena Israel l\u00e4hetti erikoiskoneen hakemaan turvaan israelilaiset jalkapallofanit. Amsterdam sai n\u00e4hd\u00e4 torstai-iltana ensimm\u00e4iset [&hellip;]<\/p>\n","protected":false},"author":3,"featured_media":3739,"comment_status":"open","ping_status":"open","sticky":false,"template":"","format":"standard","meta":{"footnotes":""},"categories":[117,71,80],"tags":[],"_links":{"self":[{"href":"https:\/\/www.uutispeili.fi\/index.php\/wp-json\/wp\/v2\/posts\/3735"}],"collection":[{"href":"https:\/\/www.uutispeili.fi\/index.php\/wp-json\/wp\/v2\/posts"}],"about":[{"href":"https:\/\/www.uutispeili.fi\/index.php\/wp-json\/wp\/v2\/types\/post"}],"author":[{"embeddable":true,"href":"https:\/\/www.uutispeili.fi\/index.php\/wp-json\/wp\/v2\/users\/3"}],"replies":[{"embeddable":true,"href":"https:\/\/www.uutispeili.fi\/index.php\/wp-json\/wp\/v2\/comments?post=3735"}],"version-history":[{"count":3,"href":"https:\/\/www.uutispeili.fi\/index.php\/wp-json\/wp\/v2\/posts\/3735\/revisions"}],"predecessor-version":[{"id":3751,"href":"https:\/\/www.uutispeili.fi\/index.php\/wp-json\/wp\/v2\/posts\/3735\/revisions\/3751"}],"wp:featuredmedia":[{"embeddable":true,"href":"https:\/\/www.uutispeili.fi\/index.php\/wp-json\/wp\/v2\/media\/3739"}],"wp:attachment":[{"href":"https:\/\/www.uutispeili.fi\/index.php\/wp-json\/wp\/v2\/media?parent=3735"}],"wp:term":[{"taxonomy":"category","embeddable":true,"href":"https:\/\/www.uutispeili.fi\/index.php\/wp-json\/wp\/v2\/categories?post=3735"},{"taxonomy":"post_tag","embeddable":true,"href":"https:\/\/www.uutispeili.fi\/index.php\/wp-json\/wp\/v2\/tags?post=3735"}],"curies":[{"name":"wp","href":"https:\/\/api.w.org\/{rel}","templated":true}]}}