{"id":3672,"date":"2024-11-05T19:44:50","date_gmt":"2024-11-05T19:44:50","guid":{"rendered":"https:\/\/www.uutispeili.fi\/?p=3672"},"modified":"2024-11-05T21:01:35","modified_gmt":"2024-11-05T21:01:35","slug":"aselepoa-vastustava-israel-katz-puolustusministeriksi-kansalaisjarjestot-kutsuvat-israelilaisia-mielenilmaisuihin","status":"publish","type":"post","link":"https:\/\/www.uutispeili.fi\/index.php\/2024\/11\/05\/aselepoa-vastustava-israel-katz-puolustusministeriksi-kansalaisjarjestot-kutsuvat-israelilaisia-mielenilmaisuihin\/","title":{"rendered":"Aselepoa vastustava Israel Katz puolustusministeriksi, kansalaisj\u00e4rjest\u00f6t kutsuvat israelilaisia mielenilmaisuihin (Suora l\u00e4hetys Tel Aviv:sta)"},"content":{"rendered":"<p><strong>Israelin p\u00e4\u00e4ministeri Benjamin Netanyahu erotti t\u00e4n\u00e4\u00e4n tiistaina puolustusministerins\u00e4 Yoav Gallantin. Ulkoministerin\u00e4 t\u00e4h\u00e4n asti toiminut Israel Katz on uusi puolustusministeri.<\/strong><\/p>\n<p>(Kuvaan k\u00e4ytetty mm. kuvia Gazan raunioista, ja siell\u00e4 olevista panttivangeista.)<\/p>\n<p>Puolustusministeri <strong>Yoav Gallant<\/strong> (Likud-puolue) on aiemmin ilmaissut peitetty\u00e4 kritiikki\u00e4 p\u00e4\u00e4ministeri <strong>Benjamin<\/strong> <strong>Netanyahu<\/strong>n (Likud) tapaan hoitaa <strong>Gaza<\/strong>n sotaa. Gallantin mukaan &#8221;<em>Israel ei voi voittaa ainoastaan sotilaallisill<\/em>a <em>toimilla<\/em>&#8221;.\u00a0 Gallantin ja h\u00e4nen seuraajansa, <strong>Israel Katz<\/strong>in n\u00e4kemyserot heijastavat Israelin poliittisia linja-eroja, ja my\u00f6s strategisia vaihtoehtoja <strong>7. lokakuuta 2023<\/strong> terroristien hy\u00f6kk\u00e4yksest\u00e4 alkaneessa sodassa <strong>Hamas<\/strong>ia vastaan.<\/p>\n<p>Gallantin mukaan Israelin sodank\u00e4ynnilt\u00e4 puuttuu selke\u00e4 tavoite, kun taas Netanyahu on sitoutunut kantaansa, ett\u00e4 &#8217;<em>taistelut eiv\u00e4t voi loppua ennen kuin Hamas on pyyhitty pois Gazasta hallitsevana kokonaisuutena ja sotilaallisena voimana<\/em>&#8217;.<\/p>\n<blockquote><p>Eli Afriat\ud83c\uddee\ud83c\uddf1\ud83c\udf97klo. 20:55, 05.11. 2024: Mielenosoitukset alkoivat <strong>Tel Aviv<\/strong>in syd\u00e4mess\u00e4.<\/p><\/blockquote>\n<p><a href=\"https:\/\/x.com\/EliAfriatISR\/status\/1853873872443187212\" target=\"_blank\" rel=\"noopener\"><img loading=\"lazy\" decoding=\"async\" class=\"alignnone size-full wp-image-3680\" src=\"https:\/\/www.uutispeili.fi\/wp-content\/uploads\/2024\/11\/gallant-demo000x.png\" alt=\"\" width=\"449\" height=\"358\" srcset=\"https:\/\/www.uutispeili.fi\/wp-content\/uploads\/2024\/11\/gallant-demo000x.png 449w, https:\/\/www.uutispeili.fi\/wp-content\/uploads\/2024\/11\/gallant-demo000x-300x239.png 300w\" sizes=\"(max-width: 449px) 100vw, 449px\" \/><\/a><\/p>\n<ul>\n<li><a href=\"https:\/\/x.com\/EliAfriatISR\/status\/1853873872443187212\" target=\"_blank\" rel=\"noopener\">https:\/\/x.com\/EliAfriatISR\/status\/1853873872443187212<\/a><\/li>\n<\/ul>\n<p>Ulkoministeri -nyt puolustusministeri- Israel Katz on jyrkimpi\u00e4 aselevon vastustajia: H\u00e4nen puolueensa on jopa uhannut l\u00e4hte\u00e4 hallituksesta, jos Netanyahu allekirjoittaa aselevon. Hallitukseen kuuluvilla \u00e4\u00e4ripuolueilla on 13 paikkaa <strong>Knesset<\/strong>iss\u00e4. Oppositiojohtaja <strong>Yair Lapid<\/strong> lupasi kes\u00e4ll\u00e4 julkisesti, ett\u00e4 jos hallituksen \u00e4\u00e4ripuolueet eroavat aselevon takia, -uhkauksensa mukaisesti- h\u00e4nen puolueensa Knesset-edustajat (24) \u00e4\u00e4nest\u00e4v\u00e4t tarvittaessa hallituksen luottamuksen puolesta.<\/p>\n<p>Gazaan kaapattujen panttivankien omaisia, ja satojatuhansia israelilaisia, on osallistunut pikaista aselepoa vaativiin mielenilmaisuihin Israelissa. T\u00e4n\u00e4\u00e4n israelilaiset kansalaisj\u00e4rjest\u00f6t ovat kutsuneet mielenosoituksiin t\u00e4ksi illaksi puolustusministeri Gallantin erottamista vastaan, kertoo <strong>Jerusalem Post<\/strong>.<\/p>\n<p>Mielenosoituksia kutsuttiin koolle <strong>Jerusalem<\/strong>iin, <strong>Tel Aviv<\/strong>iin , <strong>Haifa<\/strong>an ja <strong>Kesarea<\/strong>an.<\/p>\n<p>Mielenosoituskutsu on nimetty &#8221;Gallant Night 2:ksi&#8221;, muistuttaen mieleen valtavat mielenosoitukset, kun Netanyahu erotti Gallantin edellisen kerran. -Silloin ministerin erottaminen peruutettiin,<\/p>\n<blockquote><p>Protestij\u00e4rjest\u00f6 Brothers and Sisters in Arms kehotti israelilaisia \u200b\u200bprotestoimaan tiistaina sanoen, ett\u00e4 &#8221;t\u00e4m\u00e4 on toinen kerta, kun p\u00e4\u00e4ministeri yritt\u00e4\u00e4 erottaa maan turvallisuutta vartioivan puolustusministerin ruumiillaan &#8211; nyt keskell\u00e4 sotaa&#8221;.<\/p><\/blockquote>\n<p>Vieraillessaan kes\u00e4ll\u00e4 <strong>Washington<\/strong>issa, Netanyahu sai kannustusta ainoastaan presidenttiehdokas <strong>Donald<\/strong> <strong>Trump<\/strong>ilta. Israelin PMi tapasi vierailullaan, edell\u00e4mainitun lis\u00e4ksi, ainakin presidentti <strong>Joe Biden<\/strong>in ja silloisen varapresidentin <strong>Kamala Harris<\/strong>in. Yhdysvallat on viime vuoden lokakuussa alkaneen Gazan-sodan aikana painostanut Israelia v\u00e4ltt\u00e4m\u00e4\u00e4n sodan eskaloitumiseen mahdollisesti johtavia tekoja.<\/p>\n<p>Lienee monenkin mieless\u00e4 kysymys: Ennakoiko t\u00e4n\u00e4\u00e4n tapahtunut ministerinvaihdos Israelissa suhtautumisen -mahdollista- muutosta <strong>Yhdysvalloissa<\/strong>? <img loading=\"lazy\" decoding=\"async\" class=\"alignnone size-full wp-image-144\" src=\"https:\/\/www.uutispeili.fi\/wp-content\/uploads\/2023\/11\/di.gold_.gif\" alt=\"\" width=\"11\" height=\"11\" \/><\/p>\n<p>Videointi: Cyprus DD.<\/p>\n<p><iframe loading=\"lazy\" title=\"Israeli protesters gather in Tel Aviv after Gallant fired\" src=\"https:\/\/www.youtube.com\/embed\/x7sLCoP5pa0\" width=\"899\" height=\"480\" frameborder=\"0\" allowfullscreen=\"allowfullscreen\"><\/iframe><\/p>\n<p>Luettavaa:<\/p>\n<ul>\n<li><a href=\"https:\/\/www.jpost.com\/israel-news\/article-827727\" target=\"_blank\" rel=\"noopener\">The Jerusalem Post<\/a> 05.11. 2024,<\/li>\n<li><a href=\"https:\/\/english.alarabiya.net\/News\/middle-east\/2024\/11\/05\/israel-s-netanyahu-fires-defense-minister-gallant\" target=\"_blank\" rel=\"noopener\">Al-Arabiya<\/a> 05.11. 2024,<\/li>\n<\/ul>\n<blockquote class=\"wp-embedded-content\" data-secret=\"FJ3ZQE25Gm\"><p><a href=\"https:\/\/www.uutispeili.fi\/index.php\/2024\/07\/08\/oppositiopuolue-lupaa-tukea-netanyahua-jos-jyrkanlinjan-puolueet-eroavat-hallituksesta-aselevon-takia\/\">Oppositiopuolue lupaa tukea Netanyahua, jos jyrk\u00e4nlinjan puolueet eroavat hallituksesta aselevon takia<\/a><\/p><\/blockquote>\n<p><iframe class=\"wp-embedded-content\" sandbox=\"allow-scripts\" security=\"restricted\" style=\"position: absolute; clip: rect(1px, 1px, 1px, 1px);\" title=\"&#8221;Oppositiopuolue lupaa tukea Netanyahua, jos jyrk\u00e4nlinjan puolueet eroavat hallituksesta aselevon takia&#8221; &#8212; \" src=\"https:\/\/www.uutispeili.fi\/index.php\/2024\/07\/08\/oppositiopuolue-lupaa-tukea-netanyahua-jos-jyrkanlinjan-puolueet-eroavat-hallituksesta-aselevon-takia\/embed\/#?secret=Qn9qlp63Vj#?secret=FJ3ZQE25Gm\" data-secret=\"FJ3ZQE25Gm\" width=\"600\" height=\"338\" frameborder=\"0\" marginwidth=\"0\" marginheight=\"0\" scrolling=\"no\"><\/iframe><\/p>\n","protected":false},"excerpt":{"rendered":"<p>Israelin p\u00e4\u00e4ministeri Benjamin Netanyahu erotti t\u00e4n\u00e4\u00e4n tiistaina puolustusministerins\u00e4 Yoav Gallantin. Ulkoministerin\u00e4 t\u00e4h\u00e4n asti toiminut Israel Katz on uusi puolustusministeri. (Kuvaan k\u00e4ytetty mm. kuvia Gazan raunioista, ja siell\u00e4 olevista panttivangeista.) Puolustusministeri Yoav Gallant (Likud-puolue) on aiemmin ilmaissut peitetty\u00e4 kritiikki\u00e4 p\u00e4\u00e4ministeri Benjamin Netanyahun (Likud) tapaan hoitaa Gazan sotaa. Gallantin mukaan &#8221;Israel ei voi voittaa ainoastaan sotilaallisilla toimilla&#8221;.\u00a0 [&hellip;]<\/p>\n","protected":false},"author":1,"featured_media":3674,"comment_status":"open","ping_status":"open","sticky":false,"template":"","format":"standard","meta":{"footnotes":""},"categories":[71],"tags":[],"_links":{"self":[{"href":"https:\/\/www.uutispeili.fi\/index.php\/wp-json\/wp\/v2\/posts\/3672"}],"collection":[{"href":"https:\/\/www.uutispeili.fi\/index.php\/wp-json\/wp\/v2\/posts"}],"about":[{"href":"https:\/\/www.uutispeili.fi\/index.php\/wp-json\/wp\/v2\/types\/post"}],"author":[{"embeddable":true,"href":"https:\/\/www.uutispeili.fi\/index.php\/wp-json\/wp\/v2\/users\/1"}],"replies":[{"embeddable":true,"href":"https:\/\/www.uutispeili.fi\/index.php\/wp-json\/wp\/v2\/comments?post=3672"}],"version-history":[{"count":9,"href":"https:\/\/www.uutispeili.fi\/index.php\/wp-json\/wp\/v2\/posts\/3672\/revisions"}],"predecessor-version":[{"id":3686,"href":"https:\/\/www.uutispeili.fi\/index.php\/wp-json\/wp\/v2\/posts\/3672\/revisions\/3686"}],"wp:featuredmedia":[{"embeddable":true,"href":"https:\/\/www.uutispeili.fi\/index.php\/wp-json\/wp\/v2\/media\/3674"}],"wp:attachment":[{"href":"https:\/\/www.uutispeili.fi\/index.php\/wp-json\/wp\/v2\/media?parent=3672"}],"wp:term":[{"taxonomy":"category","embeddable":true,"href":"https:\/\/www.uutispeili.fi\/index.php\/wp-json\/wp\/v2\/categories?post=3672"},{"taxonomy":"post_tag","embeddable":true,"href":"https:\/\/www.uutispeili.fi\/index.php\/wp-json\/wp\/v2\/tags?post=3672"}],"curies":[{"name":"wp","href":"https:\/\/api.w.org\/{rel}","templated":true}]}}