{"id":3473,"date":"2024-10-20T14:17:06","date_gmt":"2024-10-20T14:17:06","guid":{"rendered":"https:\/\/www.uutispeili.fi\/?p=3473"},"modified":"2024-11-03T12:27:18","modified_gmt":"2024-11-03T12:27:18","slug":"nakeeko-vasemmisto-hyvinvointivaltion-olevan-vaarassa-vai-jatkaako-vanha-jakopolitiikkaansa","status":"publish","type":"post","link":"https:\/\/www.uutispeili.fi\/index.php\/2024\/10\/20\/nakeeko-vasemmisto-hyvinvointivaltion-olevan-vaarassa-vai-jatkaako-vanha-jakopolitiikkaansa\/","title":{"rendered":"N\u00e4keek\u00f6 Vasemmisto hyvinvointivaltion olevan vaarassa, -vai jatkaako vanha jakopolitiikkaansa"},"content":{"rendered":"<p><strong>Vasemmiston teht\u00e4v\u00e4ns\u00e4 seuraajalleen j\u00e4tt\u00e4nyt puheenjohtaja Li Andersson on tehnyt paljon puolueensa vapauttamiseksi erin\u00e4isist\u00e4 menneisyyden painolasteista, mutta onko p\u00e4ivitt\u00e4minen 2020-luvulle yh\u00e4 kesken? -T\u00e4m\u00e4 kysymys nousee p\u00e4\u00e4llimm\u00e4iseksi viikonlopun puheita kuunnellessa.<\/strong><\/p>\n<p><strong>Suomi<\/strong> on n\u00e4ill\u00e4 leveysasteilla harvinainen hyvinvointivaltio, ja yh\u00e4 nykyisess\u00e4kin maailmassa poikkeuksellisen tasa-arvoinen yhteiskunta. Vasemmistopuolueiden -ja ammattiyhdistysliikkeiden- ansiota t\u00e4m\u00e4n olotilan saavuttamiseen ei voi sivuuttaa, vaikka hyvinvointiuudistuksia -mm. <strong>lapsilis\u00e4\u00e4<\/strong>&#8211; vastustaneet eiv\u00e4t en\u00e4\u00e4 yleens\u00e4 ylpeile silloisella kannallaan. -Toki: Me annamme kunnian sille jolle kunnia kuuluu (<strong>Hertta Kuusiselle<\/strong>).<\/p>\n<p>Idean <strong>hyvinvointivaltio<\/strong>sta, -ett\u00e4 verovaroin kustannetaan kaikkien terveydenhoito etc., ja koulutetaan kaikki niin pitk\u00e4lle kuin p\u00e4\u00e4 kest\u00e4\u00e4- ensimm\u00e4isen\u00e4 kirjallisena hahmottelijana pidet\u00e4\u00e4n ruotsalaista <strong>Gunnar<\/strong> <strong>Myrdal<\/strong>ia. H\u00e4n oivalsi jo 1930-luvulla, ett\u00e4 yhteisesti yll\u00e4pidetty hyvinvointi on, paitsi hy\u00f6dyllist\u00e4 ja oikeudenmukaista, my\u00f6s mahdollista. -Ja kansantalouden kannalta tarkoituksenmukaista.<\/p>\n<p>Kesti suhteellisen kauan, ett\u00e4 ideaa kopioitiin k\u00e4yt\u00e4nt\u00f6\u00f6n. Palkallinen vuosiloma taidettiin s\u00e4\u00e4t\u00e4\u00e4 ensimm\u00e4isen\u00e4 -jo samalla vuosikymmenell\u00e4- <em>vasemmistolaisen kansanrintamahallituksen<\/em> johtamassa <strong>Ranska<\/strong>ssa, ja er\u00e4\u00e4ss\u00e4 toisessa paikassa, jota ei yleens\u00e4 mainita t\u00e4ss\u00e4 yhteydess\u00e4. <strong>Suomi<\/strong> sai lain <strong>kansanel\u00e4kkeest\u00e4<\/strong> v.1937.<\/p>\n<h2>&#8221;<em>Suomi j\u00e4lleenrakennettiin el\u00e4kerahalla<\/em>&#8221;<\/h2>\n<blockquote><p><span style=\"font-size: revert; color: initial;\">El\u00e4kkeiden hoitoa varten perustettiin uusi organisaatio: <\/span><strong style=\"font-size: revert; color: initial;\">Kansanel\u00e4kelaitos<\/strong><span style=\"font-size: revert; color: initial;\"> eli Kela. Kukin t\u00e4ysik\u00e4inen suomalainen maksoi ker\u00e4si Kelassa olevalle tililleen <\/span><strong style=\"font-size: revert; color: initial;\">vakuutusmaksua<\/strong><span style=\"font-size: revert; color: initial;\">, joista oli tarkoitus maksaa aikanaan el\u00e4kkeet. <\/span><strong style=\"font-size: revert; color: initial;\">El\u00e4kkeen suuruus riippui siit\u00e4, paljonko s\u00e4\u00e4st\u00f6j\u00e4 ja tuottoa oli kertynyt<\/strong><span style=\"font-size: revert; color: initial;\">.<\/span><\/p>\n<p>El\u00e4kerahastoon kertyi suuri m\u00e4\u00e4r\u00e4 varoja, ja niiden merkitys Suomen kansantaloudelle oli suuri. 1940-luvun lopussa rahoja tarvittiinkin kipe\u00e4sti: niit\u00e4 k\u00e4ytettiin maan j\u00e4lleenrakentamiseen sotien j\u00e4ljilt\u00e4. (Lainaus: Kela, -linkki alempana.)<\/p><\/blockquote>\n<p>Kansanel\u00e4kekin oli siis aluksi <strong><em>s\u00e4\u00e4st\u00f6perustaista<\/em><\/strong>: Tuleva el\u00e4kkeensaaja maksoi\u00a0<strong>Kela<\/strong>an el\u00e4kemaksuja ty\u00f6el\u00e4m\u00e4ss\u00e4 ollessaan, ja h\u00e4nen\u00a0<em>henkil\u00f6kohtaiselle el\u00e4ketililleen<\/em>\u00a0kertyi *s\u00e4\u00e4st\u00f6\u00e4*, josta Kela maksoi h\u00e4nen tulevan el\u00e4kkeens\u00e4.<\/p>\n<blockquote>\n<h3><em>Ensimm\u00e4iset t\u00e4ydet el\u00e4kkeet olisivat<\/em> <em>tulleet maksettaviksi vasta 40 vuoden kuluttua<\/em> (1937:st\u00e4)<\/h3>\n<p>Aluksi el\u00e4kkeet olivat hyvin pieni\u00e4: 1950-luvun alussa kuukauden el\u00e4kkeell\u00e4 sai vain noin kolme kiloa kahvia. Ensimm\u00e4iset t\u00e4ydet el\u00e4kkeet olisivat tulleet maksettaviksi vasta 40 vuoden kuluttua. Ensimm\u00e4isen\u00e4 vuonna kansanel\u00e4kett\u00e4 sai vain 221 henkil\u00f6\u00e4, ja monet eiv\u00e4t edes tienneet oikeudesta el\u00e4kkeeseen. (Lainaus: Kela, -linkki alempana.)<\/p><\/blockquote>\n<p>Tulevan el\u00e4kkeensaajan varat siis kertyiv\u00e4t h\u00e4nen ty\u00f6vuosiensa aikana maksamistaan maksuista, ja odottivat <strong>Kela<\/strong>ssa -h\u00e4nelle nimetyll\u00e4 <em>el\u00e4ketilill\u00e4<\/em>&#8211; omistajansa el\u00e4k\u00f6itymist\u00e4, -kunnes perustettiin <strong>ty\u00f6el\u00e4kej\u00e4rjestelm\u00e4<\/strong>, ja kansanel\u00e4ke muutettiin maksuperustaiseksi.<\/p>\n<h3>El\u00e4kerahatilit lopetettiin ty\u00f6el\u00e4kej\u00e4rjestelm\u00e4\u00e4 perustettaessa<\/h3>\n<p>1962 Suomeen luotiin yksityisten <strong>el\u00e4kevakuutusyhti\u00f6iden<\/strong> kautta toteutuva ty\u00f6el\u00e4kej\u00e4rjestelm\u00e4, jossa siin\u00e4kin tulevat el\u00e4kkeensaajat maksavat my\u00f6hemm\u00e4t etuisuutensa itse ty\u00f6uransa aikana maksamillaan maksuilla, mutta niiden hallinnointi ja s\u00e4ilytys on <strong><em>yksityistetty<\/em><\/strong>.<\/p>\n<p>Ty\u00f6el\u00e4kkeiden kattamiseksi pid\u00e4tettiin palkasta joku osuus, rahastoitavaksi. El\u00e4kevarojen -siis\u00a0<em>el\u00e4ke<strong>s\u00e4\u00e4st\u00f6jen<\/strong><\/em>\u2013 hallinnoiminen ja s\u00e4ilytt\u00e4minen uskottiin <strong>ty\u00f6el\u00e4keyhti\u00f6ille<\/strong>, jotka sijoittivat (muiden ihmisten) varat \u2019<em>luotettavalla tavalla<\/em>\u2019.<\/p>\n<blockquote><p>Samalla Kelan maksama kansanel\u00e4ke <strong>uudistettiin<\/strong>. -Jo silloin kuultiin tulevilta el\u00e4kkeensaajilta skeptisi\u00e4 kysymyksi\u00e4, liittyen <strong>henkil\u00f6kohtaisten el\u00e4ketilien lakkauttamiseen<\/strong> Kelassa.<\/p><\/blockquote>\n<p>Jos 50 vuotta sitten huolestuttiin henk.koht.el\u00e4ketilien katoamisesta, t\u00e4n\u00e4\u00e4n huolenaihe on, mist\u00e4 saamme ty\u00f6ss\u00e4k\u00e4yvi\u00e4 maksamaan meid\u00e4n <em>&#8217;suurten ik\u00e4luokkien<\/em>&#8217; el\u00e4kkeet? Mihin meid\u00e4n palkoistamme maksamamme el\u00e4kemaksut ovat menneet, -se ei ole kiinnostuksen kohteena. -Niist\u00e4h\u00e4n ei maksettu &#8221;<em>edellisten sukupolvien el\u00e4kkeit\u00e4<\/em>&#8221;, koska heh\u00e4n eiv\u00e4t mit\u00e4\u00e4n saaneetkaan. (No, ne kolme kahvipakettia&#8230;)<\/p>\n<h3>&#8217;<em>Hyvinvointivaltio<\/em>&#8217; on Vasemmiston lippulaiva ja kunnia<\/h3>\n<p>-Ja hyvinvoinnin kantava pylv\u00e4s on toimiva el\u00e4kej\u00e4rjestelm\u00e4. (Pysyittek\u00f6 k\u00e4rryill\u00e4?) <em><strong>Vanhuusk\u00f6yhyyden<\/strong><\/em> olemme onnistuneet poistamaan, kansantaloutta rasittamatta ja valtion &amp; kuntien budjettia kaatamatta, -kiitos viisaiden p\u00e4\u00e4tt\u00e4jien.<\/p>\n<p>Muistan hyvin, kuinka vuosikymmeni\u00e4 sitten -optimististen tulevaisuusodotusten vallitessa- kuulin vasemmistoa arvosteltavan: &#8221;<em>Kommarit vaatii viel\u00e4 *leip\u00e4\u00e4 lapsille!<\/em>*&#8221; -Kuinka meit\u00e4 nauratti niin! Voiko joku el\u00e4\u00e4 viel\u00e4 100:n vuoden takaista tajuntaa, kun <em>huutolaisuus<\/em> ja &#8221;<em>mieron tie<\/em>&#8221; olivat menneisyytt\u00e4? -Meill\u00e4h\u00e4n on toimivat j\u00e4rjestelm\u00e4t, on el\u00e4kkeet ja tulonsiirrotkin.<\/p>\n<p>Vaan meill\u00e4 oli yh\u00e4 my\u00f6s <em>nollasummapeli\u00e4<\/em> pelaavat oikeistokonservatiivit, jotka kaipailivat viel\u00e4 manttaalin mukaan \u00e4\u00e4nest\u00e4mist\u00e4 kunnallislakiin. Eip\u00e4 huolta: Heille oli vastavoimana vasemmisto, jonka parlamentaarisella voimalla hyvinvoinnin jakaminen kaikille oli saavutettu.<\/p>\n<p>Sanoinko &#8217;<em>jakaminen<\/em>&#8217;? -Seh\u00e4n ei loppunut siihen, kun k\u00f6yhien sairaiden ja vanhusten asia oli kohtuudella hoidettu: L\u00f6ydettiin <em>kulttuuri<\/em>, yhdistykset ja viimeisimp\u00e4n\u00e4 &#8221;kolmas sektori&#8221; l. <em>voittoatuottamattomat<\/em> <em>yhteis\u00f6t<\/em>. -Ja kaikkiin n\u00e4ihin paalutettiin heti <em><strong>reviiri<\/strong><\/em>t, ja porteille <em>gatekeeperit<\/em> tarkistamaan j\u00e4senkirjat.<\/p>\n<p>Pankinjohtaja yms. (jonka poliittista menneisyytt\u00e4 en muistele) <strong>Bj\u00f6rn &#8221;<em>Nalle<\/em>&#8221; Wahlroos<\/strong> totesi joskus ironisesti, ett\u00e4 <em>&#8217;jos jaettavaan *(<\/em>sosiaalituet yms<em>.) sis\u00e4llytett\u00e4isiin my\u00f6s jakamisen kustannukset, meill\u00e4 olisi about 5:n tonnin per kuukausi kansalaispalkka kaikilla.<\/em>&#8217; (Sitaatti muistinvarainen.)<\/p>\n<p>&#8221;Nalle&#8221;, jonka ei tarvitse piitata, mit\u00e4 h\u00e4nest\u00e4 ajatellaan, sanoi totuuden. Puolalainen runilija <strong>Adam Wazyk<\/strong> sanoi sen jo 70 vuotta sitten (Huomatkaa: <em>Kommunismin<\/em> aikana!):<\/p>\n<blockquote><p>&#8221;Sirkkojen maassa,<br \/>\nkeskitetyss\u00e4,<br \/>\ntoimii kaikki,&#8217;<br \/>\nkuin kellokoneisto.<br \/>\nViisisataa enkeli\u00e4,<br \/>\nnuppineulan p\u00e4\u00e4ss\u00e4<br \/>\npuhaltaa j\u00e4hmettyneiden sanojen trumpettia,<br \/>\ns\u00e4dekehiss\u00e4\u00e4n bysanttilaista kultaa.<br \/>\nKaavakkeiden Niagara.<br \/>\nJokaista sokerijuurikasta kohti,<br \/>\nkaksi virkamiest\u00e4.<br \/>\nHallinto maksaa yht\u00e4 paljon kuin tuotanto.&#8221;<\/p><\/blockquote>\n<p>Teh\u00e4n pid\u00e4tte <em>kulttuurista<\/em>? -Saitte. Kiitosta en kaipaa.<\/p>\n<p>Hyvinvointitulonsiirtojen jakaminenkin saattaa maksaa jotain, -Vaikkapa yht\u00e4 paljon, kuin jaettava.<\/p>\n<p>Mit\u00e4 maksaa tulevien el\u00e4kkeensaajien el\u00e4kes\u00e4\u00e4st\u00f6jen hallinnoiminen ja s\u00e4il\u00f6minen <em>luotettavalla tavalla<\/em>? Min\u00e4 en maallikkona sit\u00e4 tied\u00e4, mutta olen VARMA ett\u00e4 el\u00e4kevakuutusjohtaja <strong>Risto Murto<\/strong> osaisi vastata?<\/p>\n<h3>Kuka turvaa hyvinvointivaltion?<\/h3>\n<p>Arvoisat vasemmistolaiset: Teit\u00e4 v\u00e4h\u00e4n kurmootin, mutta lohdutan: Ovat siell\u00e4 k\u00e4yneet porvaritkin &#8211;<em>kuormasta sy\u00f6m\u00e4ss\u00e4<\/em>&#8211; joten en syyllisyyden taakkaa (yksin) teille s\u00e4lyt\u00e4. Sen sijaan esit\u00e4n ultimaatumin vastuunkantamiseen: Tehk\u00e4\u00e4 nyt ihmeess\u00e4 jotakin! -Kukaan muu ei tee.<\/p>\n<p><em>Ne puheet, ne puheet&#8230;<\/em><\/p>\n<p>Surullisena kuuntelin viikonlopun puheet. Ilmasto muistettiin, maahanmuuttokin, ja <strong>rajalaki<\/strong>. \u00c4\u00e4rioikeistokin tuli huomatuksi, ja puhuteltiin yleis\u00f6\u00e4 &#8221;<em>tovereiksi<\/em>&#8221;.<\/p>\n<p>Vaan yksi teilt\u00e4 puuttui, -ja sen mukana kaikki: Ette ole huomanneet, ett\u00e4 vasemmiston sukupolvinen saavutus, hyvinvointivaltio, on vaarassa tuhoutua meid\u00e4n aikanamme. Sen upottaa liika turha kuorma, joka ei tue hyvinvointivaltion teht\u00e4v\u00e4n t\u00e4ytt\u00e4mist\u00e4. Teill\u00e4 on ansio hyvinvointitakuun rakentamisesta, mutta -jos ette pian her\u00e4\u00e4- my\u00f6s sen upottamisesta.<\/p>\n<p>Ette tosissanne halua taas huutaa &#8221;<em>leip\u00e4\u00e4 lapsille!<\/em>&#8221;, -t\u00e4ll\u00e4 kertaa aiheesta.<\/p>\n<p>Vasemmisto-p\u00f6lh\u00f6populismin -huutokilpailun kuka lupaa eniten k\u00f6yhille, syrjityille, v\u00e4hemmist\u00f6ille ja ulkomaille- on loputtava, mielell\u00e4\u00e4n heti. Hyvinvointivaltion haudankaivajat ovat jo ly\u00f6neet lapionsa ty\u00f6el\u00e4kes\u00e4\u00e4st\u00f6ihin, -ettek\u00f6 ole huomanneet?<\/p>\n<p>Oletteko tulleet ajatelleeksi, millainen on suomalainen yhteiskunta, jos\/kun ty\u00f6el\u00e4kevarannot todetaan kadonneiksi &#8217;taivaan tuuliin&#8217;? -Mik\u00e4 on yhteiskuntarauhan tila silloin, miss\u00e4 poliittisessa ilmastossa joudutte toimimaan?<\/p>\n<p>Puoluekokouspuheistanne p\u00e4\u00e4tellen ette ole.<\/p>\n<p>Anteeksi, ett\u00e4 pilasin p\u00e4iv\u00e4nne.<\/p>\n<p>Pekka Kemppainen<\/p>\n<p>Luettavaa\/katsottavaa:<\/p>\n<ul>\n<li><a href=\"https:\/\/www.iltalehti.fi\/politiikka\/a\/74b57ee6-e8ec-4ece-91bd-43524013af49\" target=\"_blank\" rel=\"noopener\">Iltalehti<\/a> 20.10. 2024: <strong>Li Andersson<\/strong>in &#8217;j\u00e4\u00e4hyv\u00e4ispuhe&#8217;,<\/li>\n<li><a href=\"https:\/\/vasemmisto.fi\/minja-koskelan-ensimmainen-linjapuhe-politiikassa-on-aina-vaihtoehtoja\/\" target=\"_blank\" rel=\"noopener\">Vasemmistoliitto<\/a> 19.10. 2024: <strong>Minja Koskela<\/strong>n &#8217;linjapuhe&#8217;,<\/li>\n<li><strong><a href=\"https:\/\/tietotarjotin.fi\/tutkimusblogi\/726538\/kansanelake-nosti-vanhukset-koyhyydesta\" target=\"_blank\" rel=\"noopener\">Kela<\/a><\/strong>,<\/li>\n<li>Lis\u00e4\u00e4 kauhu-skenaarioita:\u00a0<a href=\"https:\/\/www.hs.fi\/talous\/art-2000010442399.html\" target=\"_blank\" rel=\"noopener\"><strong>Helsingin Sanomat<\/strong><\/a>\u00a026.-27.05.,<\/li>\n<li><a href=\"https:\/\/tietotarjotin.fi\/tutkimusblogi\/726538\/kansanelake-nosti-vanhukset-koyhyydesta\" target=\"_blank\" rel=\"noopener\">Kansanel\u00e4ke nosti vanhukset k\u00f6yhyydest\u00e4<\/a>,<\/li>\n<li><a href=\"https:\/\/www.talouselama.fi\/uutiset\/valtion-porssisalkusta-on-haihtunut-liki-20-miljardia-euroa-nain-varman-risto-murto-kommentoi-fortumin-ja-nesteen-tilannetta\/bc8c1e0a-e776-4203-9785-e72e55ce099f\" target=\"_blank\" rel=\"noopener\"><strong>Talousel\u00e4m\u00e4<\/strong><\/a>\u00a023.05. 2024:\u00a0<a href=\"https:\/\/www.talouselama.fi\/uutiset\/valtion-porssisalkusta-on-haihtunut-liki-20-miljardia-euroa-nain-varman-risto-murto-kommentoi-fortumin-ja-nesteen-tilannetta\/bc8c1e0a-e776-4203-9785-e72e55ce099f\" target=\"_blank\" rel=\"noopener\">Valtion p\u00f6rssisalkusta on haihtunut liki 20 miljardia euroa \u2013 N\u00e4in\u00a0<strong>Varma<\/strong>n\u00a0<strong>Risto Murto<\/strong>\u00a0kommentoi\u00a0<strong>Fortum<\/strong>in ja Nesteen tilannetta;<\/a>\u00a0Valtion p\u00f6rssiomistusten arvo on l\u00e4hes puolittunut vuodesta 2021.\u00a0<strong>Petteri Orpo<\/strong>n (kok) hallitukselta odotetaan pian valtion omistajapolitiikkaa ohjaavaa uutta periaatep\u00e4\u00e4t\u00f6st\u00e4.,<\/li>\n<li><a href=\"https:\/\/www.ekl.fi\/edunvalvonta\/elakkeet\/elakejarjestelma\/historiaa-lyhyesti\/\" target=\"_blank\" rel=\"noopener\">El\u00e4kkeensaajien keskusliitto<\/a>,<\/li>\n<li><a href=\"https:\/\/www.kauppalehti.fi\/uutiset\/risto-murto-varoittaa-mario-draghin-raportista-aki-kangasharju-vie-kohti-liittovaltiota\/1751b4de-38f6-4cfb-9ee7-0f24a7706c31\" target=\"_blank\" rel=\"noopener\"><strong>Kauppalehti<\/strong><\/a>\u00a011.09. 2024:\u00a0<a href=\"https:\/\/www.kauppalehti.fi\/uutiset\/risto-murto-varoittaa-mario-draghin-raportista-aki-kangasharju-vie-kohti-liittovaltiota\/1751b4de-38f6-4cfb-9ee7-0f24a7706c31\" target=\"_blank\" rel=\"noopener\"><strong>Risto Murto<\/strong>\u00a0varoittaa\u00a0<strong>Mario Dragh<\/strong>in raportista \u2013\u00a0<strong>Aki Kangasharju<\/strong>: Vie kohti liittovaltiota<\/a>; Risto Murron mukaan Mario Draghin raportissa on Suomen n\u00e4k\u00f6kulmasta vaikeita kohtia. Aki Kangasharju arvioi raportin toteuttamisen olevan kova pala pirstaleiselle Euroopalle.<\/li>\n<\/ul>\n<blockquote class=\"wp-embedded-content\" data-secret=\"jZEDDCBOGG\"><p><a href=\"https:\/\/www.uutispeili.fi\/index.php\/2024\/08\/18\/hyvinvointivaltio-todellisessa-vaarassa-hallinto-pohottyy-hoidoista-leikataan\/\">Hyvinvointivaltio todellisessa vaarassa, -hallinto p\u00f6h\u00f6ttyy, hoidoista leikataan<\/a><\/p><\/blockquote>\n<p><iframe class=\"wp-embedded-content\" sandbox=\"allow-scripts\" security=\"restricted\" style=\"position: absolute; clip: rect(1px, 1px, 1px, 1px);\" title=\"&#8221;Hyvinvointivaltio todellisessa vaarassa, -hallinto p\u00f6h\u00f6ttyy, hoidoista leikataan&#8221; &#8212; \" src=\"https:\/\/www.uutispeili.fi\/index.php\/2024\/08\/18\/hyvinvointivaltio-todellisessa-vaarassa-hallinto-pohottyy-hoidoista-leikataan\/embed\/#?secret=IfICdXZvZT#?secret=jZEDDCBOGG\" data-secret=\"jZEDDCBOGG\" width=\"600\" height=\"338\" frameborder=\"0\" marginwidth=\"0\" marginheight=\"0\" scrolling=\"no\"><\/iframe><\/p>\n<blockquote class=\"wp-embedded-content\" data-secret=\"92CIqEO1du\"><p><a href=\"https:\/\/www.uutispeili.fi\/index.php\/2024\/09\/23\/elakesaastot-sulaa-mita-hyvinvointivaltion-jalkeen\/\">El\u00e4kes\u00e4\u00e4st\u00f6t sulaa, -mit\u00e4 hyvinvointivaltion j\u00e4lkeen<\/a><\/p><\/blockquote>\n<p><iframe class=\"wp-embedded-content\" sandbox=\"allow-scripts\" security=\"restricted\" style=\"position: absolute; clip: rect(1px, 1px, 1px, 1px);\" title=\"&#8221;El\u00e4kes\u00e4\u00e4st\u00f6t sulaa, -mit\u00e4 hyvinvointivaltion j\u00e4lkeen&#8221; &#8212; \" src=\"https:\/\/www.uutispeili.fi\/index.php\/2024\/09\/23\/elakesaastot-sulaa-mita-hyvinvointivaltion-jalkeen\/embed\/#?secret=XnG4zWoDEB#?secret=92CIqEO1du\" data-secret=\"92CIqEO1du\" width=\"600\" height=\"338\" frameborder=\"0\" marginwidth=\"0\" marginheight=\"0\" scrolling=\"no\"><\/iframe><\/p>\n<blockquote class=\"wp-embedded-content\" data-secret=\"tEoJgfsz52\"><p><a href=\"https:\/\/www.uutispeili.fi\/index.php\/2024\/11\/03\/minja-koskela-suomen-hallitus-jatkaa-vastuutonta-pakittelua-ykn-luontokokous-pettymys\/\">Minja Koskela: &#8217;Suomen hallitus jatkaa vastuutonta pakittelua&#8217;, YK:n luontokokous   pettymys<\/a><\/p><\/blockquote>\n<p><iframe class=\"wp-embedded-content\" sandbox=\"allow-scripts\" security=\"restricted\" style=\"position: absolute; clip: rect(1px, 1px, 1px, 1px);\" title=\"&#8221;Minja Koskela: &#8217;Suomen hallitus jatkaa vastuutonta pakittelua&#8217;, YK:n luontokokous   pettymys&#8221; &#8212; \" src=\"https:\/\/www.uutispeili.fi\/index.php\/2024\/11\/03\/minja-koskela-suomen-hallitus-jatkaa-vastuutonta-pakittelua-ykn-luontokokous-pettymys\/embed\/#?secret=mYHNC4TGyA#?secret=tEoJgfsz52\" data-secret=\"tEoJgfsz52\" width=\"600\" height=\"338\" frameborder=\"0\" marginwidth=\"0\" marginheight=\"0\" scrolling=\"no\"><\/iframe><\/p>\n<blockquote class=\"wp-embedded-content\" data-secret=\"WmBU2i29yZ\"><p><a href=\"https:\/\/www.uutispeili.fi\/index.php\/2024\/09\/15\/toistuuko-sonera-ceissi-elakesaastot-vapautetaan-vivutukseen\/\">Toistuuko &#8217;Sonera-ceissi&#8217;: El\u00e4kes\u00e4\u00e4st\u00f6t vapautetaan &#8217;vivutukseen&#8217;<\/a><\/p><\/blockquote>\n<p><iframe class=\"wp-embedded-content\" sandbox=\"allow-scripts\" security=\"restricted\" style=\"position: absolute; clip: rect(1px, 1px, 1px, 1px);\" title=\"&#8221;Toistuuko &#8217;Sonera-ceissi&#8217;: El\u00e4kes\u00e4\u00e4st\u00f6t vapautetaan &#8217;vivutukseen&#8217;&#8221; &#8212; \" src=\"https:\/\/www.uutispeili.fi\/index.php\/2024\/09\/15\/toistuuko-sonera-ceissi-elakesaastot-vapautetaan-vivutukseen\/embed\/#?secret=ESKg8CJ6pV#?secret=WmBU2i29yZ\" data-secret=\"WmBU2i29yZ\" width=\"600\" height=\"338\" frameborder=\"0\" marginwidth=\"0\" marginheight=\"0\" scrolling=\"no\"><\/iframe><\/p>\n<blockquote class=\"wp-embedded-content\" data-secret=\"fY7Kfqkfyy\"><p><a href=\"https:\/\/www.uutispeili.fi\/index.php\/2024\/09\/11\/vapise-porssi-murto-tulee\/\">Vapise p\u00f6rssi, -Murto tulee!<\/a><\/p><\/blockquote>\n<p><iframe class=\"wp-embedded-content\" sandbox=\"allow-scripts\" security=\"restricted\" style=\"position: absolute; clip: rect(1px, 1px, 1px, 1px);\" title=\"&#8221;Vapise p\u00f6rssi, -Murto tulee!&#8221; &#8212; \" src=\"https:\/\/www.uutispeili.fi\/index.php\/2024\/09\/11\/vapise-porssi-murto-tulee\/embed\/#?secret=66xzx2Qbui#?secret=fY7Kfqkfyy\" data-secret=\"fY7Kfqkfyy\" width=\"600\" height=\"338\" frameborder=\"0\" marginwidth=\"0\" marginheight=\"0\" scrolling=\"no\"><\/iframe><\/p>\n","protected":false},"excerpt":{"rendered":"<p>Vasemmiston teht\u00e4v\u00e4ns\u00e4 seuraajalleen j\u00e4tt\u00e4nyt puheenjohtaja Li Andersson on tehnyt paljon puolueensa vapauttamiseksi erin\u00e4isist\u00e4 menneisyyden painolasteista, mutta onko p\u00e4ivitt\u00e4minen 2020-luvulle yh\u00e4 kesken? -T\u00e4m\u00e4 kysymys nousee p\u00e4\u00e4llimm\u00e4iseksi viikonlopun puheita kuunnellessa. Suomi on n\u00e4ill\u00e4 leveysasteilla harvinainen hyvinvointivaltio, ja yh\u00e4 nykyisess\u00e4kin maailmassa poikkeuksellisen tasa-arvoinen yhteiskunta. Vasemmistopuolueiden -ja ammattiyhdistysliikkeiden- ansiota t\u00e4m\u00e4n olotilan saavuttamiseen ei voi sivuuttaa, vaikka hyvinvointiuudistuksia -mm. lapsilis\u00e4\u00e4&#8211; [&hellip;]<\/p>\n","protected":false},"author":3,"featured_media":3476,"comment_status":"open","ping_status":"open","sticky":false,"template":"","format":"standard","meta":{"footnotes":""},"categories":[100,6],"tags":[],"_links":{"self":[{"href":"https:\/\/www.uutispeili.fi\/index.php\/wp-json\/wp\/v2\/posts\/3473"}],"collection":[{"href":"https:\/\/www.uutispeili.fi\/index.php\/wp-json\/wp\/v2\/posts"}],"about":[{"href":"https:\/\/www.uutispeili.fi\/index.php\/wp-json\/wp\/v2\/types\/post"}],"author":[{"embeddable":true,"href":"https:\/\/www.uutispeili.fi\/index.php\/wp-json\/wp\/v2\/users\/3"}],"replies":[{"embeddable":true,"href":"https:\/\/www.uutispeili.fi\/index.php\/wp-json\/wp\/v2\/comments?post=3473"}],"version-history":[{"count":4,"href":"https:\/\/www.uutispeili.fi\/index.php\/wp-json\/wp\/v2\/posts\/3473\/revisions"}],"predecessor-version":[{"id":3631,"href":"https:\/\/www.uutispeili.fi\/index.php\/wp-json\/wp\/v2\/posts\/3473\/revisions\/3631"}],"wp:featuredmedia":[{"embeddable":true,"href":"https:\/\/www.uutispeili.fi\/index.php\/wp-json\/wp\/v2\/media\/3476"}],"wp:attachment":[{"href":"https:\/\/www.uutispeili.fi\/index.php\/wp-json\/wp\/v2\/media?parent=3473"}],"wp:term":[{"taxonomy":"category","embeddable":true,"href":"https:\/\/www.uutispeili.fi\/index.php\/wp-json\/wp\/v2\/categories?post=3473"},{"taxonomy":"post_tag","embeddable":true,"href":"https:\/\/www.uutispeili.fi\/index.php\/wp-json\/wp\/v2\/tags?post=3473"}],"curies":[{"name":"wp","href":"https:\/\/api.w.org\/{rel}","templated":true}]}}