{"id":3360,"date":"2024-10-03T14:36:29","date_gmt":"2024-10-03T14:36:29","guid":{"rendered":"https:\/\/www.uutispeili.fi\/?p=3360"},"modified":"2024-10-03T14:36:30","modified_gmt":"2024-10-03T14:36:30","slug":"satonen-esitteli-tyoriitasovittelu-uudistuksen","status":"publish","type":"post","link":"https:\/\/www.uutispeili.fi\/index.php\/2024\/10\/03\/satonen-esitteli-tyoriitasovittelu-uudistuksen\/","title":{"rendered":"Satonen esitteli ty\u00f6riitasovittelu-uudistuksen"},"content":{"rendered":"<p><strong>Ty\u00f6ministeri Arto Satonen (kok) ja ty\u00f6- ja elinkeinoministeri\u00f6n virkamies esitteliv\u00e4t t\u00e4n\u00e4\u00e4n hallituksen esityksen ty\u00f6riitojen sovitteluj\u00e4rjestelm\u00e4n muutoksista.<\/strong><\/p>\n<p>Muutoksilla pyrit\u00e4\u00e4n &#8221;<em>edist\u00e4m\u00e4\u00e4n palkanmuodostuksen ja ty\u00f6markkinoiden toimivuutta<\/em>&#8221;.<\/p>\n<p>Hallitus antoi lakiesityksens\u00e4 eduskunnalle 3.10.2024, ja\u00a0 pit\u00e4isi rulla voimaan ensivuoden alussa.<\/p>\n<blockquote><p>Hallituksen esityksen mukaan &#8217;palkantarkastusten <strong>yleist\u00e4 linjaa<\/strong> ei voida ylitt\u00e4\u00e4 valtakunnansovittelijan toimistosta tai sovittelulautakunnan toimesta annettavalla sovintoehdotuksella&#8217;.<\/p><\/blockquote>\n<p>Ty\u00f6ntekij\u00e4-j\u00e4rjest\u00f6jen puolella ei esityksest\u00e4 ole riemuittu. <img loading=\"lazy\" decoding=\"async\" class=\"alignnone size-full wp-image-144\" src=\"https:\/\/www.uutispeili.fi\/wp-content\/uploads\/2023\/11\/di.gold_.gif\" alt=\"\" width=\"11\" height=\"11\" \/><\/p>\n<p>Videol\u00e4hetys: Valtioneuvosto.<\/p>\n<p><iframe loading=\"lazy\" title=\"Ty\u00f6ministeri Satosen tiedotustilaisuus sovitteluj\u00e4rjestelm\u00e4n kehitt\u00e4misest\u00e4 3.10.\" src=\"https:\/\/www.youtube.com\/embed\/ovr7tCPp94Y\" width=\"640\" height=\"360\" frameborder=\"0\" allowfullscreen=\"allowfullscreen\"><\/iframe><\/p>\n","protected":false},"excerpt":{"rendered":"<p>Ty\u00f6ministeri Arto Satonen (kok) ja ty\u00f6- ja elinkeinoministeri\u00f6n virkamies esitteliv\u00e4t t\u00e4n\u00e4\u00e4n hallituksen esityksen ty\u00f6riitojen sovitteluj\u00e4rjestelm\u00e4n muutoksista. Muutoksilla pyrit\u00e4\u00e4n &#8221;edist\u00e4m\u00e4\u00e4n palkanmuodostuksen ja ty\u00f6markkinoiden toimivuutta&#8221;. Hallitus antoi lakiesityksens\u00e4 eduskunnalle 3.10.2024, ja\u00a0 pit\u00e4isi rulla voimaan ensivuoden alussa. Hallituksen esityksen mukaan &#8217;palkantarkastusten yleist\u00e4 linjaa ei voida ylitt\u00e4\u00e4 valtakunnansovittelijan toimistosta tai sovittelulautakunnan toimesta annettavalla sovintoehdotuksella&#8217;. Ty\u00f6ntekij\u00e4-j\u00e4rjest\u00f6jen puolella ei esityksest\u00e4 ole [&hellip;]<\/p>\n","protected":false},"author":3,"featured_media":3361,"comment_status":"open","ping_status":"open","sticky":false,"template":"","format":"standard","meta":{"footnotes":""},"categories":[25],"tags":[],"_links":{"self":[{"href":"https:\/\/www.uutispeili.fi\/index.php\/wp-json\/wp\/v2\/posts\/3360"}],"collection":[{"href":"https:\/\/www.uutispeili.fi\/index.php\/wp-json\/wp\/v2\/posts"}],"about":[{"href":"https:\/\/www.uutispeili.fi\/index.php\/wp-json\/wp\/v2\/types\/post"}],"author":[{"embeddable":true,"href":"https:\/\/www.uutispeili.fi\/index.php\/wp-json\/wp\/v2\/users\/3"}],"replies":[{"embeddable":true,"href":"https:\/\/www.uutispeili.fi\/index.php\/wp-json\/wp\/v2\/comments?post=3360"}],"version-history":[{"count":2,"href":"https:\/\/www.uutispeili.fi\/index.php\/wp-json\/wp\/v2\/posts\/3360\/revisions"}],"predecessor-version":[{"id":3366,"href":"https:\/\/www.uutispeili.fi\/index.php\/wp-json\/wp\/v2\/posts\/3360\/revisions\/3366"}],"wp:featuredmedia":[{"embeddable":true,"href":"https:\/\/www.uutispeili.fi\/index.php\/wp-json\/wp\/v2\/media\/3361"}],"wp:attachment":[{"href":"https:\/\/www.uutispeili.fi\/index.php\/wp-json\/wp\/v2\/media?parent=3360"}],"wp:term":[{"taxonomy":"category","embeddable":true,"href":"https:\/\/www.uutispeili.fi\/index.php\/wp-json\/wp\/v2\/categories?post=3360"},{"taxonomy":"post_tag","embeddable":true,"href":"https:\/\/www.uutispeili.fi\/index.php\/wp-json\/wp\/v2\/tags?post=3360"}],"curies":[{"name":"wp","href":"https:\/\/api.w.org\/{rel}","templated":true}]}}