{"id":325,"date":"2023-12-05T01:02:00","date_gmt":"2023-12-05T01:02:00","guid":{"rendered":"https:\/\/www.uutispeili.fi\/?p=325"},"modified":"2023-12-06T06:50:32","modified_gmt":"2023-12-06T06:50:32","slug":"joulukalenteri-luukku-5","status":"publish","type":"post","link":"https:\/\/www.uutispeili.fi\/index.php\/2023\/12\/05\/joulukalenteri-luukku-5\/","title":{"rendered":"Joulukalenteri luukku 5"},"content":{"rendered":"\n<p>Uutispeilin joulukalenterista l\u00f6yd\u00e4t joka p\u00e4iv\u00e4 jonkun askartelu- tai koristeluteht\u00e4v\u00e4n tai reseptin jouluisiin herkkuihin tai&#8230; eih\u00e4n sit\u00e4 tied\u00e4 mit\u00e4 kalenterista l\u00f6ytyy.<\/p>\n\n\n<div class=\"wp-block-image\">\n<figure class=\"aligncenter size-large is-resized\"><img loading=\"lazy\" decoding=\"async\" width=\"771\" height=\"1024\" src=\"https:\/\/www.uutispeili.fi\/wp-content\/uploads\/2023\/12\/luukku5pieni-771x1024.jpg\" alt=\"\" class=\"wp-image-327\" style=\"width:375px;height:auto\" srcset=\"https:\/\/www.uutispeili.fi\/wp-content\/uploads\/2023\/12\/luukku5pieni-771x1024.jpg 771w, https:\/\/www.uutispeili.fi\/wp-content\/uploads\/2023\/12\/luukku5pieni-226x300.jpg 226w, https:\/\/www.uutispeili.fi\/wp-content\/uploads\/2023\/12\/luukku5pieni-768x1020.jpg 768w, https:\/\/www.uutispeili.fi\/wp-content\/uploads\/2023\/12\/luukku5pieni-1157x1536.jpg 1157w, https:\/\/www.uutispeili.fi\/wp-content\/uploads\/2023\/12\/luukku5pieni.jpg 1205w\" sizes=\"(max-width: 771px) 100vw, 771px\" \/><\/figure><\/div>\n\n\n<p>T\u00e4n\u00e4\u00e4n laitetaan kauniiseen lasiastiaan joulupalloja, k\u00e4pyj\u00e4 sek\u00e4 tietenkin ne kausivalot. T\u00e4h\u00e4n ei kukaan tarvitse ohjeita. T\u00e4m\u00e4n saa tehd\u00e4 t\u00e4ysin oman makunsa mukaan. T\u00e4ss\u00e4 voi k\u00e4ytt\u00e4\u00e4 my\u00f6s niit\u00e4 palloja, joista on kiinnitys hajonnut.<\/p>\n\n\n\n<p>  <strong>Laittakaa ihmeess\u00e4 kuvia omista versioistanne!<\/strong><\/p>\n\n\n\n<p>Miest\u00e4 tarvittiin vain valojen patterikotelon avaamiseen<\/p>\n","protected":false},"excerpt":{"rendered":"<p>Uutispeilin joulukalenterista l\u00f6yd\u00e4t joka p\u00e4iv\u00e4 jonkun askartelu- tai koristeluteht\u00e4v\u00e4n tai reseptin jouluisiin herkkuihin tai&#8230; eih\u00e4n sit\u00e4 tied\u00e4 mit\u00e4 kalenterista l\u00f6ytyy. T\u00e4n\u00e4\u00e4n laitetaan kauniiseen lasiastiaan joulupalloja, k\u00e4pyj\u00e4 sek\u00e4 tietenkin ne kausivalot. T\u00e4h\u00e4n ei kukaan tarvitse ohjeita. T\u00e4m\u00e4n saa tehd\u00e4 t\u00e4ysin oman makunsa mukaan. T\u00e4ss\u00e4 voi k\u00e4ytt\u00e4\u00e4 my\u00f6s niit\u00e4 palloja, joista on kiinnitys hajonnut. Laittakaa ihmeess\u00e4 kuvia [&hellip;]<\/p>\n","protected":false},"author":1,"featured_media":0,"comment_status":"open","ping_status":"open","sticky":false,"template":"","format":"standard","meta":{"footnotes":""},"categories":[16,1],"tags":[],"_links":{"self":[{"href":"https:\/\/www.uutispeili.fi\/index.php\/wp-json\/wp\/v2\/posts\/325"}],"collection":[{"href":"https:\/\/www.uutispeili.fi\/index.php\/wp-json\/wp\/v2\/posts"}],"about":[{"href":"https:\/\/www.uutispeili.fi\/index.php\/wp-json\/wp\/v2\/types\/post"}],"author":[{"embeddable":true,"href":"https:\/\/www.uutispeili.fi\/index.php\/wp-json\/wp\/v2\/users\/1"}],"replies":[{"embeddable":true,"href":"https:\/\/www.uutispeili.fi\/index.php\/wp-json\/wp\/v2\/comments?post=325"}],"version-history":[{"count":2,"href":"https:\/\/www.uutispeili.fi\/index.php\/wp-json\/wp\/v2\/posts\/325\/revisions"}],"predecessor-version":[{"id":328,"href":"https:\/\/www.uutispeili.fi\/index.php\/wp-json\/wp\/v2\/posts\/325\/revisions\/328"}],"wp:attachment":[{"href":"https:\/\/www.uutispeili.fi\/index.php\/wp-json\/wp\/v2\/media?parent=325"}],"wp:term":[{"taxonomy":"category","embeddable":true,"href":"https:\/\/www.uutispeili.fi\/index.php\/wp-json\/wp\/v2\/categories?post=325"},{"taxonomy":"post_tag","embeddable":true,"href":"https:\/\/www.uutispeili.fi\/index.php\/wp-json\/wp\/v2\/tags?post=325"}],"curies":[{"name":"wp","href":"https:\/\/api.w.org\/{rel}","templated":true}]}}