{"id":3210,"date":"2024-09-22T21:38:21","date_gmt":"2024-09-22T21:38:21","guid":{"rendered":"https:\/\/www.uutispeili.fi\/?p=3210"},"modified":"2024-09-22T21:38:22","modified_gmt":"2024-09-22T21:38:22","slug":"poliittisen-vakivallan-yllytysta-ei-voida-sallia-mistaan-suunnasta","status":"publish","type":"post","link":"https:\/\/www.uutispeili.fi\/index.php\/2024\/09\/22\/poliittisen-vakivallan-yllytysta-ei-voida-sallia-mistaan-suunnasta\/","title":{"rendered":"Poliittisen v\u00e4kivallan yllytyst\u00e4 ei voida sallia, -mist\u00e4\u00e4n suunnasta"},"content":{"rendered":"<p><strong>T\u00e4ll\u00e4 kertaa poliitikon esiin-kaiveltu twiitti on t\u00e4lt\u00e4 vuosituhannelta, ja kiistatta meid\u00e4n yhteisi\u00e4 sivistyneit\u00e4 normejamme rikkova, ja julkaistu noin vuorokausi sitten. -Ei tarvitse kaivella ikivanhoja, henkil\u00f6iden nuoruudessaan h\u00f6lm\u00f6ilemi\u00e4.<\/strong><\/p>\n<p>&#8217;<em>K\u00e4nnipostauksia<\/em>&#8217; on n\u00e4hty ennenkin, jopa naapurimaan ministerilt\u00e4, ja huomatkaa: T\u00e4m\u00e4nkerainen henkil\u00f6 on pyyt\u00e4nyt anteeksi. Omasta puolestani hyv\u00e4ksyn anteeksipyynn\u00f6n, mutta tapausta ei voi &#8217;<em>painaa villaisella<\/em>&#8217;: Kerron my\u00f6hemmin miksi.<\/p>\n<p><strong>Esa Annala<\/strong>n, <strong>Vasemmisto<\/strong>n luottamushenkil\u00f6n, twiitti t\u00e4ss\u00e4:<\/p>\n<p><img loading=\"lazy\" decoding=\"async\" class=\"size-full wp-image-3213 aligncenter\" src=\"https:\/\/www.uutispeili.fi\/wp-content\/uploads\/2024\/09\/esa.annala000tw-transparent.png\" alt=\"\" width=\"451\" height=\"509\" srcset=\"https:\/\/www.uutispeili.fi\/wp-content\/uploads\/2024\/09\/esa.annala000tw-transparent.png 451w, https:\/\/www.uutispeili.fi\/wp-content\/uploads\/2024\/09\/esa.annala000tw-transparent-266x300.png 266w\" sizes=\"(max-width: 451px) 100vw, 451px\" \/><\/p>\n<blockquote><p>\u2013 T\u00e4lleen \u00e4\u00e4rivassarina (ei-kommunistina) tekee nyky\u00e4\u00e4n enenem\u00e4ss\u00e4 m\u00e4\u00e4rin mieli sanoa, ett\u00e4 kuolema persuille. T\u00e4llaisena 100-kiloisena ex-raksamiehen\u00e4 voisin my\u00f6s toteuttaa t\u00e4m\u00e4n fantasian aika helposti. Kertokaapa, ett\u00e4 miksi ei.<\/p><\/blockquote>\n<p>Voi, Esa, mink\u00e4 teit! Kiukun ja turhautumisen saa ilmaista, mutta ei koskaan niin, ett\u00e4 tulee -tahattomasti, toivon- antaneeksi <strong><em>legitimiteetti\u00e4<\/em><\/strong> henkil\u00f6ille, jotka todella saattavat hautoa v\u00e4kivaltaisia tekoja. -Menih\u00e4n t\u00e4m\u00e4 kerrasta perille?<\/p>\n<p>Vuosia sitten huomasin, seuratessani er\u00e4iden <strong>extremistien<\/strong> netti-kouhotusta, ett\u00e4 tarkastelemani kampanjahan hakee &#8217;<strong>vastakaikua<\/strong>&#8217; ep\u00e4vakaista persoonista, joilla saattaa (yksil\u00f6kohtaisist\u00e4 syist\u00e4) olla vaikeasti hallittavia v\u00e4kivaltaisia impulsseja. -Tarvitaan vaan jokin laajempi ihmisryhm\u00e4, joka antaa henkil\u00f6n p\u00e4\u00e4ss\u00e4 muhivalle teolle <strong>hyv\u00e4ksynn\u00e4n<\/strong>.<\/p>\n<p>Silloin aie, pakkomielle, sairas harha, tai mik\u00e4 se lieneek\u00e4\u00e4n, saattaa realisoitua teoksi. -Ja nyt keskustelemme <strong>henkirikoksesta<\/strong>. Esa, -ajattele asiat loppuun asti: Olen 100%:sen varma, ettet silloin kirjoittele la-su -y\u00f6n twiittisi kaltaisia juttuja.<\/p>\n<p>Kerron yhdysvaltaisen sosiologin tulokset h\u00e4nen tutkimistaan <strong>lynkkaus<\/strong>-tapauksista:<\/p>\n<p>Lynkkaukseen, siis ihmisjoukon yhdess\u00e4 tekem\u00e4\u00e4n <strong>murhaan<\/strong>, tarvitaan -sopivan uhrin lis\u00e4ksi- kolme erilaista, eri tavalla k\u00e4ytt\u00e4ytyv\u00e4\u00e4, ihmisryhm\u00e4\u00e4:<\/p>\n<ol>\n<li><strong>Hiljaiset kannustajat<\/strong>, jotka ovat paikalla, eiv\u00e4t tee mit\u00e4\u00e4n, eiv\u00e4t sano mit\u00e4\u00e4n, vain ovat. L\u00e4sn\u00e4olollaan he ilmaisevat <strong><em>hyv\u00e4ksyv\u00e4ns\u00e4<\/em><\/strong> sen, mit\u00e4 on tekeill\u00e4. T\u00e4m\u00e4 osajoukko on tarkastelluista suurin.<\/li>\n<li><strong>\u00c4\u00e4nekk\u00e4\u00e4t kannustajat,<\/strong> jotka huutavat ja m\u00f6ykk\u00e4\u00e4v\u00e4t, ja yllytt\u00e4v\u00e4t tekij\u00f6it\u00e4 rikokseensa.<\/li>\n<li><strong>Tekij\u00e4t<\/strong>, useimmiten vain muutama nuorimies, -he eiv\u00e4t huuda, eiv\u00e4t m\u00f6ly\u00e4, he vain toteuttavat <em>joukon<\/em> tahdon, jonka <em>yhteis\u00f6<\/em> heid\u00e4n k\u00e4sityksens\u00e4 mukaan hyv\u00e4ksyy.<\/li>\n<\/ol>\n<p>T\u00e4ss\u00e4 tulikin jo mainittua osatekij\u00e4t: <strong>Yhteis\u00f6<\/strong>, joka hyv\u00e4ksyy henkirikoksen jollain todellisella tai kuvitellulla oikeutuksella, -Heit\u00e4 edustaa em. \u00e4\u00e4net\u00f6n joukko. Yhteis\u00f6n tahdon \u00e4\u00e4nekk\u00e4\u00e4t ilmaisijat, -kategoria 2, yllytt\u00e4j\u00e4t. -Ja tekij\u00e4t, joille em. joukot viestiv\u00e4t, ett\u00e4 <strong>v\u00e4kivalta<\/strong> on (t\u00e4ll\u00e4 kertaa) oikein.<\/p>\n<p>Sosiologit tekiv\u00e4t tutkimuksensa aikana, jolloin paperilehdet olivat viimeisin uutuus. ihmiset toimivat viel\u00e4, kuten <em>kyl\u00e4n miehet<\/em> vanhaa aikaan. T\u00e4n\u00e4\u00e4n meill\u00e4 on netti, some ja muut h\u00e4rp\u00e4kkeet. Niinp\u00e4, Esa: Mill\u00e4 alustalla Sin\u00e4 levittelitk\u00e4\u00e4n k\u00e4nnipostaustasi? -Mik\u00e4 on t\u00e4m\u00e4n alustan &#8211;<strong>Twitter<\/strong>in- sosiaalinen funktio?<\/p>\n<p>Jos sallit, sijoitan Sinut esittelem\u00e4\u00e4ni kaavaan. -Mutta viel\u00e4 sosiologiaa:<\/p>\n<p>Tutkijat totesivat tarkkailemistaan tapauksista, ett\u00e4:<\/p>\n<ul>\n<li>-jos &#8217;<em>hiljaiset hyv\u00e4ksyj\u00e4t<\/em>&#8217; eiv\u00e4t ole tulleet paikalle, &#8217;<em>\u00e4\u00e4nekk\u00e4\u00e4t kannustajat<\/em>&#8217; eiv\u00e4t yllyt\u00e4.<\/li>\n<li>Jos \u00e4\u00e4nek\u00e4s joukko ei yllyt\u00e4, tekij\u00e4t eiv\u00e4t toimi.<\/li>\n<li>Murha j\u00e4\u00e4 tapahtumatta.<\/li>\n<\/ul>\n<p><em>So it goes!<\/em> -Huomasitko, Esa, mit\u00e4 olen kertomassa: Sinun tyhm\u00e4ll\u00e4 twiitill\u00e4si on rooli t\u00e4ss\u00e4 kuviossa. Jos huonosti k\u00e4y, olet ollut osa jotakin, mit\u00e4 et ole tunnistanut, -ja jos olisit- et olisi siin\u00e4 mukana (toivon).<\/p>\n<p><em>Sorry<\/em>, nostin Sinut esimerkiksi, ja aiheutin mielipahaa. En pyyd\u00e4 anteeksi, -lupaan ett\u00e4 teen t\u00e4m\u00e4n saman Sinulle, kenelle tahansa, -ja niin monta kertaa kuin tarvitaan, Sinun loukkaantumisesi yli menee suurempi intressi: V\u00e4kivallanteon est\u00e4minen.<\/p>\n<p>Olen tehnyt t\u00e4t\u00e4 ennenkin, -ja teen vastakin. Piti siit\u00e4 kukaan tai ei. <img loading=\"lazy\" decoding=\"async\" class=\"alignnone size-full wp-image-144\" src=\"https:\/\/www.uutispeili.fi\/wp-content\/uploads\/2023\/11\/di.gold_.gif\" alt=\"\" width=\"11\" height=\"11\" \/><\/p>\n<p>Pekka Kemppainen<\/p>\n<p>Luettavaa:<\/p>\n<ul>\n<li><a href=\"https:\/\/www.iltalehti.fi\/politiikka\/a\/a4deb975-211a-4086-b71e-5f95bdd1f717\" target=\"_blank\" rel=\"noopener\">Iltalehti<\/a> 22.09. 2024,&#8217;<\/li>\n<\/ul>\n<p>Aihetta sivuten, muissa julkaisuissa:<\/p>\n<blockquote class=\"wp-embedded-content\" data-secret=\"muTBwJnqQR\"><p><a href=\"https:\/\/uutisiahauskastijakiinnostavasti.wordpress.com\/2020\/03\/28\/jesse-sanoo-alkaa-tuomitko\/\">Jesse sanoo: \u00c4lk\u00e4\u00e4&nbsp;tuomitko<\/a><\/p><\/blockquote>\n<p><iframe class=\"wp-embedded-content\" sandbox=\"allow-scripts\" security=\"restricted\" style=\"position: absolute; clip: rect(1px, 1px, 1px, 1px);\" title=\"&#8221;Jesse sanoo: \u00c4lk\u00e4\u00e4&nbsp;tuomitko&#8221; &#8212; Uutisia Hauskasti ja Kiinnostavasti\" src=\"https:\/\/uutisiahauskastijakiinnostavasti.wordpress.com\/2020\/03\/28\/jesse-sanoo-alkaa-tuomitko\/embed\/#?secret=hL3vz9Rt46#?secret=muTBwJnqQR\" data-secret=\"muTBwJnqQR\" width=\"600\" height=\"338\" frameborder=\"0\" marginwidth=\"0\" marginheight=\"0\" scrolling=\"no\"><\/iframe><\/p>\n<blockquote class=\"wp-embedded-content\" data-secret=\"NEtNoCwGEF\"><p><a href=\"https:\/\/uutisiahauskastijakiinnostavasti.wordpress.com\/2019\/07\/10\/kansallismielinen-konklaavi-teki-sen-taas-lissu-maalitauluna\/\">Kansallismielinen konklaavi teki sen taas: Lissu&nbsp;maalitauluna<\/a><\/p><\/blockquote>\n<p><iframe class=\"wp-embedded-content\" sandbox=\"allow-scripts\" security=\"restricted\" style=\"position: absolute; clip: rect(1px, 1px, 1px, 1px);\" title=\"&#8221;Kansallismielinen konklaavi teki sen taas: Lissu&nbsp;maalitauluna&#8221; &#8212; Uutisia Hauskasti ja Kiinnostavasti\" src=\"https:\/\/uutisiahauskastijakiinnostavasti.wordpress.com\/2019\/07\/10\/kansallismielinen-konklaavi-teki-sen-taas-lissu-maalitauluna\/embed\/#?secret=YnlHYl8R3r#?secret=NEtNoCwGEF\" data-secret=\"NEtNoCwGEF\" width=\"600\" height=\"338\" frameborder=\"0\" marginwidth=\"0\" marginheight=\"0\" scrolling=\"no\"><\/iframe><\/p>\n","protected":false},"excerpt":{"rendered":"<p>T\u00e4ll\u00e4 kertaa poliitikon esiin-kaiveltu twiitti on t\u00e4lt\u00e4 vuosituhannelta, ja kiistatta meid\u00e4n yhteisi\u00e4 sivistyneit\u00e4 normejamme rikkova, ja julkaistu noin vuorokausi sitten. -Ei tarvitse kaivella ikivanhoja, henkil\u00f6iden nuoruudessaan h\u00f6lm\u00f6ilemi\u00e4. &#8217;K\u00e4nnipostauksia&#8217; on n\u00e4hty ennenkin, jopa naapurimaan ministerilt\u00e4, ja huomatkaa: T\u00e4m\u00e4nkerainen henkil\u00f6 on pyyt\u00e4nyt anteeksi. Omasta puolestani hyv\u00e4ksyn anteeksipyynn\u00f6n, mutta tapausta ei voi &#8217;painaa villaisella&#8217;: Kerron my\u00f6hemmin miksi. Esa [&hellip;]<\/p>\n","protected":false},"author":3,"featured_media":3211,"comment_status":"open","ping_status":"open","sticky":false,"template":"","format":"standard","meta":{"footnotes":""},"categories":[21],"tags":[],"_links":{"self":[{"href":"https:\/\/www.uutispeili.fi\/index.php\/wp-json\/wp\/v2\/posts\/3210"}],"collection":[{"href":"https:\/\/www.uutispeili.fi\/index.php\/wp-json\/wp\/v2\/posts"}],"about":[{"href":"https:\/\/www.uutispeili.fi\/index.php\/wp-json\/wp\/v2\/types\/post"}],"author":[{"embeddable":true,"href":"https:\/\/www.uutispeili.fi\/index.php\/wp-json\/wp\/v2\/users\/3"}],"replies":[{"embeddable":true,"href":"https:\/\/www.uutispeili.fi\/index.php\/wp-json\/wp\/v2\/comments?post=3210"}],"version-history":[{"count":1,"href":"https:\/\/www.uutispeili.fi\/index.php\/wp-json\/wp\/v2\/posts\/3210\/revisions"}],"predecessor-version":[{"id":3214,"href":"https:\/\/www.uutispeili.fi\/index.php\/wp-json\/wp\/v2\/posts\/3210\/revisions\/3214"}],"wp:featuredmedia":[{"embeddable":true,"href":"https:\/\/www.uutispeili.fi\/index.php\/wp-json\/wp\/v2\/media\/3211"}],"wp:attachment":[{"href":"https:\/\/www.uutispeili.fi\/index.php\/wp-json\/wp\/v2\/media?parent=3210"}],"wp:term":[{"taxonomy":"category","embeddable":true,"href":"https:\/\/www.uutispeili.fi\/index.php\/wp-json\/wp\/v2\/categories?post=3210"},{"taxonomy":"post_tag","embeddable":true,"href":"https:\/\/www.uutispeili.fi\/index.php\/wp-json\/wp\/v2\/tags?post=3210"}],"curies":[{"name":"wp","href":"https:\/\/api.w.org\/{rel}","templated":true}]}}