{"id":3163,"date":"2024-09-16T14:37:06","date_gmt":"2024-09-16T14:37:06","guid":{"rendered":"https:\/\/www.uutispeili.fi\/?p=3163"},"modified":"2024-09-16T14:37:42","modified_gmt":"2024-09-16T14:37:42","slug":"milloin-suomeen-tulee-puukkoindeksi","status":"publish","type":"post","link":"https:\/\/www.uutispeili.fi\/index.php\/2024\/09\/16\/milloin-suomeen-tulee-puukkoindeksi\/","title":{"rendered":"Milloin Suomeen tulee &#8217;puukkoindeksi&#8217;"},"content":{"rendered":"<p><strong><span style=\"color: initial;\">Saksassa on jo tuollainen puukkoindeksi, ja se on perusteltu puukotusten seurannalla. Esimerkiksi eilen sunnuntaina (15.09.) -iltap\u00e4iv\u00e4\u00e4n menness\u00e4- poliisi oli saanut tiedon jo seitsem\u00e4st\u00e4 puukotuksesta eri puolilta Saksaa.<\/span><\/strong><\/p>\n<div class=\"I_ZkbNhI D_FY W_6D6F\" data-test-id=\"message-view-body\">\n<div class=\"msg-body P_wpofO mq_AS\" data-test-id=\"message-view-body-content\">\n<div class=\"jb_0 X_6MGW N_6Fd5\">\n<div id=\"yiv0833000194\">\n<div dir=\"ltr\">\n<div>Pahimmillaan puukotuksia, joissa kuolee tai ainakin haavoittuu ihmisi\u00e4, on jopa liki parikymment\u00e4 p\u00e4ivitt\u00e4in. Eli siis vuodessa tuhansia. Enemmist\u00f6 tekij\u00f6ist\u00e4 ei ole kantiksia.<\/div>\n<div><\/div>\n<div>My\u00f6s meill\u00e4 puukotusten m\u00e4\u00e4r\u00e4 on -varsinkin kuluvana vuonna- kasvanut, kuten my\u00f6s v\u00e4kivaltarikosten ja ennen muuta nuorten tekemien v\u00e4kivaltarikosten m\u00e4\u00e4r\u00e4 on sekin kasvanut.<\/div>\n<div><\/div>\n<h2>Seksi\u00e4 v\u00e4kisin<\/h2>\n<div><\/div>\n<div>Meill\u00e4 seksuaalirikokset ovat suurempia uhkia naisille ja tyt\u00f6ille. Seksuaalirikoksista noin puolet on muiden kuin kantasuomalaisten tekemi\u00e4, mik\u00e4 ei ole miss\u00e4\u00e4n suhteessa mihink\u00e4\u00e4n, koska ulkomaalaistaustaisia maassa on noin 9 %:a.<\/div>\n<div><\/div>\n<div>Tiett\u00e4v\u00e4sti joukkoraiskauksia ei ole tapahtunut -ei ainakaan julkisuuteen kerrottu- sitten kev\u00e4ttalven 2022.<\/div>\n<div>\u00a0Tuolloin <strong>Oulu<\/strong>ssa sellainen tapahtui, mutta poliisi toimi t\u00e4ll\u00e4 kertaa ripe\u00e4sti, ja kolme syyllist\u00e4 tuomittiin jo toukokuussa vuosien mittaisiin vankeusrangaistuksiin. Syylliset ovat kotoisin tuhansien kilometrien p\u00e4\u00e4ss\u00e4 t\u00e4\u00e4lt\u00e4.<\/div>\n<div><\/div>\n<div>Oulussa vuoden 2018 useat joukkoraiskaukset tulivat hitaasti julkisuuteen, ja niit\u00e4 my\u00f6s v\u00e4h\u00e4teltiin. Jopa entinen presidentti <strong>Tarja Halonen<\/strong> sanoi, ett\u00e4 &#8221;<em>t\u00e4llaista ei olisi tapahtunut jos n\u00e4ill\u00e4 miehill\u00e4 olisi olleet anopit mukana<\/em>&#8221;.Tosiasia on, ett\u00e4 yksik\u00e4\u00e4n n\u00e4ist\u00e4 raakalaisista ei ollut naimisissa. Halosen asenne kielii vasemmistolaisten refleksinomaisesta tarpeesta kielt\u00e4\u00e4 muslimimiesten tekem\u00e4t raa&#8217;at rikokset.<\/div>\n<div><\/div>\n<div>Muuten historiasta l\u00f6ytyy juuri Oulun seudulta samanlainen rikosaalto, ja sekin oli ulkomaalaisten tekoja, eli niin kutsutun <strong>Ison vihan<\/strong>\/<strong>Pohjan sodan<\/strong> ajalta, kun ven\u00e4l\u00e4iset kasakat Oulun ja <strong>Kemin<\/strong> seudulla systemaattisesti joukkoraiskasivat naisia ja tytt\u00f6j\u00e4 tasan 300 vuotta aiemmin, eli 1718.<\/div>\n<div><\/div>\n<h2>Saksan hallitus on her\u00e4\u00e4m\u00e4ss\u00e4<\/h2>\n<div><\/div>\n<div>Saksan <strong>SPD<\/strong>:n, Vihreiden (<strong>Gr\u00fcne<\/strong>) ja liberaalien (<strong>FDP<\/strong>:n) hallitus s\u00e4ik\u00e4hti, kun muutama viikko sitten vastaansanomattomasti tapahtui kaksi terroristista puukotusta -&#8221;alahu akbaria&#8221;-huutaen- aiempien lis\u00e4ksi joissa kuoli useita naisia, ja nyt demari johtoinen hallitus, vihreiden hampaiden kiristelyst\u00e4 huolimatta on t\u00e4n\u00e4\u00e4n aloittanut rajatarkastukset kaikilla rajoillaan.<\/div>\n<div><\/div>\n<div>Kriittisi\u00e4 riitt\u00e4\u00e4: Tietenkin vihre\u00e4t, monet maahanmuuttajaj\u00e4rjest\u00f6t ja mm. <strong>Puola<\/strong> joka on p\u00e4\u00e4st\u00e4nyt <strong>Valkoven\u00e4j\u00e4lt\u00e4<\/strong> sinne haalittuja muslimimaiden kansalaisia alueensa l\u00e4pi, ja ohjannut heid\u00e4t Saksan rajalle. Nyt <strong>Donald Tusk<\/strong>in -Puolan sosialisti p\u00e4\u00e4ministerin- on otettava holtittomasta politiikastaan ihan itse vastuu, jonka h\u00e4n t\u00e4h\u00e4n saakka on ty\u00f6nt\u00e4nyt Saksan harteille, mutta Saksan p\u00e4\u00e4t\u00f6s riisuu naamiot. Miksi Tusk tuskailee, jos h\u00e4n on niin lempe\u00e4 ja suvaitsevainen kuin kertoi Puolan vaalien alla olevansa. -Muuten Tusk ei olisi ikin\u00e4 p\u00e4\u00e4ssyt valtaan, ellei ennen vaaleja istunut Puolan <strong>Laki- ja Oikeuspuolue<\/strong> olisi j\u00e4\u00e4r\u00e4p\u00e4isesti pit\u00e4nyt kiinni nuoria naisia alistavasta jokseenkin ehdottomasta abortittien kielt\u00e4v\u00e4st\u00e4 katolisesta muinaisj\u00e4\u00e4nn\u00f6ksest\u00e4.<\/div>\n<div><\/div>\n<div><strong>Olaf Scholz<\/strong> antoi ymm\u00e4rt\u00e4\u00e4 viime viikolla, ett\u00e4 ellei nyt aloitettu rajakontrolli pure, niin niin Saksa joutuu tekem\u00e4\u00e4n samanlaisen ratkaisun kuin mihin <strong>Suomi<\/strong> joutui p\u00e4\u00e4tym\u00e4\u00e4n <strong>Ven\u00e4j\u00e4n<\/strong> yritt\u00e4ess\u00e4 pakottaa maamme ottamaan vastaan ehk\u00e4 jopa satoja tuhansia niin sanottuja turvapaikanhakijoita.<\/div>\n<div><\/div>\n<h3>Vallanmenetys pelottaa<\/h3>\n<div><\/div>\n<div>Syy siihen miksi Olaf Scholzin punavihre\u00e4 hallitus k\u00e4\u00e4nsi kelkkansa, johtuu siit\u00e4 ett\u00e4 h\u00e4n ja hallituskumppanit pelk\u00e4\u00e4v\u00e4t kansan tuomiota.<\/div>\n<div><\/div>\n<div>Kun vuonna 2013 perustettu maahanmuutto ja EU-kriittinen <strong>AfD<\/strong> -puolue on koko olemassaolon aikansa nostanut esiin holtittoman maahanmuuton kiistattomia haittoja ja valtavia kustannuksia, niin t\u00e4h\u00e4n syksyyn saakka kaikki muut puolueet paitsi AfD ja entisen vasemmistopuolueen johtohahmon <strong>Sara<\/strong> <strong>Wagenknecht<\/strong>in aiemmin t\u00e4n\u00e4 vuonna perustama rouvan omaa nime\u00e4 kantava vasemmistopuolue, ovat viitanneet kintaalla maahanmuuton k\u00e4siin r\u00e4j\u00e4ht\u00e4neisiin ongelmiin.<\/div>\n<div><\/div>\n<div>Noihin v\u00e4h\u00e4ttelyihin ja AfD vihaan ovat yhtyneet sek\u00e4 Saksan katolinen ja my\u00f6s Luterilainen kirkko, Ay-liike ja Saksan valtamedia, ja etenkin Saksan Yleisradio, jonka uutis- ja ajankohtaisohjelmien AfD:n vastaista toimintaa jopa osa lehdist\u00f6st\u00e4 on pit\u00e4nyt propkandistisena, eik\u00e4 en\u00e4\u00e4 journalistisena.<\/div>\n<div><\/div>\n<div>Kuitenkin muutama viikko sitten <strong>Th\u00fcringen<\/strong>in ja <strong>Saksi<\/strong>n osavaltio vaaleissa AfD otti suuret voitot, jopa niin, ett\u00e4 Th\u00fcringeniss\u00e4 siit\u00e4 tuli suurin puolue ja Saksissa toiseksi suurin, CDU:n j\u00e4lkeen. Hallituspuolueiden yhteinen kannatus romahti 10 %:n pintaan, ja kaiken kukkuraksi Vihre\u00e4t putosi kokonaan Thyringenin osavaltioparlamentista, ja my\u00f6s tietenkin hallituksesta. Saksissa sen nokka tuhisee viel\u00e4 vesirajan yl\u00e4puolella.<\/div>\n<div><\/div>\n<div>T\u00e4m\u00e4, siis vallan menetyksen pelko, on ainoa syy siihen miksi Scholzin hallitus on tehnyt t\u00e4ysk\u00e4\u00e4nn\u00f6ksen. On nimitt\u00e4in vaikea uskoa, ett\u00e4 yks-kaks vaaliy\u00f6n\u00e4 Saksan hallituksen puoluejohtajat kohtasivat &#8221;valon&#8221; ja p\u00e4\u00e4ttiv\u00e4t muuttaa suunnan turvapaikanhakijoiden imusta ty\u00f6nn\u00f6ksi.<\/div>\n<div><\/div>\n<div>Sit\u00e4 paitsi jo vain parin viikon p\u00e4\u00e4ss\u00e4 odottavat seuraavat osavaltiovaalit <strong>Brandenburg<\/strong>issa ,eik\u00e4 liittop\u00e4iv\u00e4vaaleihinkaan ole aikaa kuin vuosi.<\/div>\n<div><\/div>\n<div>Olkoonkin, ett\u00e4 AfD:n ja Wagenknecht puolueiden kannatus on selv\u00e4sti suurempaa it\u00e4isess\u00e4 Saksassa kuin l\u00e4nness\u00e4, niin my\u00f6s l\u00e4ntisiss\u00e4 osavaltioissa n\u00e4iden kahden kannatus kasvaa.<\/div>\n<div><\/div>\n<div>Jos trendi pysyy sellaisena kuin t\u00e4h\u00e4n asti, niin CDU ja AfD kamppailevat ykk\u00f6ssijasta, sosiaalidemokraatit saavat kaikkien aikojen selk\u00e4saunan ja Vihre\u00e4t kamppailee liittop\u00e4ivill\u00e4 pysymisest\u00e4.<\/div>\n<div><\/div>\n<div>Ja jos tuo Vihreiden dystopia toteutuisi, niin se olisi katastrofi koko Euroopan vihreille puolueille, tai sitten se olisi mahdollisuus niille: Alkaa ajattelemaan omilla aivoilla, kun en\u00e4\u00e4 vanhan &#8221;herrakansan&#8221; uudet korskaiset leidit eiv\u00e4t voisi tulla k\u00e4skytt\u00e4m\u00e4\u00e4n sisarpuolueittensa edustajia vedoten oman politiikkansa esimerkilliseen suosioon kansan keskuudessa.<\/div>\n<div><\/div>\n<div>Seppo Huhta<\/div>\n<div><\/div>\n<div><\/div>\n<div><\/div>\n<div><\/div>\n<div><\/div>\n<div><\/div>\n<div><\/div>\n<div><\/div>\n<div><\/div>\n<div><\/div>\n<div><\/div>\n<div><\/div>\n<div><\/div>\n<div><\/div>\n<div><\/div>\n<div><\/div>\n<div><\/div>\n<div><\/div>\n<div><\/div>\n<div><\/div>\n<div><\/div>\n<div><\/div>\n<div><\/div>\n<\/div>\n<\/div>\n<\/div>\n<\/div>\n<div class=\"jb_0 X_6MGW N_6Fd5\"><\/div>\n<\/div>\n<div class=\"H_7jIs D_F ab_C Q_69H5 E_36RhU\" data-test-id=\"toolbar-hover-area\">\n<div class=\"D_F W_6D6F r_BN gl_C\" data-test-id=\"card-toolbar\">\n<div class=\"D_F ab_C en_0 b_Z14vXdP e_3mS2U I_ZkbNhI P_Z1otBpf\">\n<ul class=\"hd_n P_0 H_6D6F M_0 ir3_0 iy_h A_6EqO c1AVi73_6FsP D_F ab_C\" tabindex=\"-1\" role=\"menubar\" data-test-id=\"navigable-list\">\n<li class=\"G_e p_R\" role=\"menuitem\"><\/li>\n<li class=\"G_e p_R\" role=\"menuitem\"><\/li>\n<li class=\"G_e p_R\" role=\"menuitem\"><\/li>\n<li class=\"G_e p_R\" role=\"menuitem\">\n<div class=\"D_F cdPFi_Z1oI2WW cdPFi4_Z29WjXl\" data-test-id=\"popover-container\"><\/div>\n<\/li>\n<\/ul>\n<\/div>\n<\/div>\n<\/div>\n<p>My\u00f6s meill\u00e4 on puukotusten m\u00e4\u00e4r\u00e4 on varsinkin kuluvana vuonna kasvanut niin kuin v\u00e4kivalta- ja ennenmuuta nuorten tekemien v\u00e4kivaltarikosten m\u00e4\u00e4r\u00e4 on sekin kasvanut.<\/p>\n<p>SEKSI\u00c4 V\u00c4KISIN<\/p>\n<p>Meill\u00e4 seksuaalirikokset ovat eritt\u00e4in toistaiseksi suurempia uhkia naisille jatyt\u00f6ille.Seksuaalirikoksista noinpuolet on muiden kuin kantasuomalaisten tekemi\u00e4 mik\u00e4 ei ole vakavak\u00e4\u00e4n,koska ulkomaalaistaustaisia \u200b\u200bnoin 9 %:a.<\/p>\n<p>Tiett\u00e4v\u00e4sti joukkoraiskauksia ei ole,ei ainakaan julkisuuteen kerrottu sitten kev\u00e4ttalven 2022.<\/p>\n<p>Tuolloin Oulussa jotain tapahtuu mutta poliisi toimii t\u00e4ll\u00e4 kertaa ripe\u00e4sti ja kolme syyllist\u00e4 tuomittiin jo Toukokuussa vuosien mittaisiin vankeusrangaistuksiin ja syylliset ovat kotoisin tuhansien kilometrien p\u00e4\u00e4ss\u00e4 t\u00e4st\u00e4.<\/p>\n<p>Oulussa vuoden 2018 joukkoraiskaukset tulivat julkisuuteen ja ovat my\u00f6s Tarja Halonen sanoi, ett\u00e4 &#8221;ei olisi tapahtunut jos n\u00e4ill\u00e4 miehill\u00e4 olisi mahdollisesti anopit mukana&#8221;.Tosiasia on,ett\u00e4k\u00e4\u00e4n n\u00e4ist\u00e4 raakalaisista ei ollut naimisissa. refleksinomaisesta tarpeesta kielt\u00e4\u00e4 muslimimiesten tekem\u00e4t raa&#8217;at rikokset.<\/p>\n<p>Muuten historiasta l\u00f6ytyy juuri Oulun seudulta samanlainen aalto ja sekin oli ulkomaalaisten tekoja eli niin kutsutun Ison vihan\/Pohjan sodan ajalta,kun ven\u00e4l\u00e4iset kasakat Oulun ja Kemin seudulla systemaattisesti joukkoraiskaavat naisia \u200b\u200bja tytt\u00f6j\u00e4 tasan 300 vuotta pitk\u00e4n eli 1718.<\/p>\n<p>SAKSAN HALLITUS HER\u00c4\u00c4M\u00c4SS\u00c4LL\u00c4<\/p>\n<p>Saksan SPD:n, Vihreiden ja liberaalien (FDP:n) hallitus s\u00e4ik\u00e4hti,kun muuttuva viikko sitten vastaansanoma ei tapahtui kaksi terroristista &#8221;alahu agbaria&#8221;-huutaen aiempien lis\u00e4ksi joissakin kuoli naisia \u200b\u200bja nyt demari johtoinen hallitus,vihreiden hampaiden kiristelyst\u00e4 tulee t\u00e4n\u00e4\u00e4n k\u00e4ynnistynyt rajat useilla rajoillaan.<\/p>\n<p>Kriittisi\u00e4 riitt\u00e4\u00e4: loppuunt,monet maahanmuuttajaj\u00e4rjest\u00f6t ja mm. Puola joka on p\u00e4\u00e4st\u00e4nyt Valko-Ven\u00e4j\u00e4lt\u00e4 sin haalittuja muslimimaiden kansalaisia \u200b\u200balueen l\u00e4pi ja ohjannut heid\u00e4t Saksan rajalle.Nyt Donald Tuskin-Puolan sosialisti p\u00e4\u00e4ministerin on vahvistettava holtittomasta politiikanastaan \u200b\u200bvastuu, joka on t\u00e4h\u00e4n tarkoitukseen tarkoitettu ty\u00f6nt\u00e4nyt Saksan harteille, mutta Saksan Tuskin riisuu naamiot,koska tuskailee jos h\u00e4n on niin lempe\u00e4 ja suvaitsevainen kuin kertoi Puolan vaalien alla olevansa-Muuten Tusk ei olisi koskaan p\u00e4\u00e4ssyt valtaan ellei ennen vaaleja istunut Puolan Laki- ja Oikeuspuolue olisi j\u00e4\u00e4r\u00e4p\u00e4isesti kiinnitetty nuoria naisia \u200b\u200balhaistavastavastaakseenkin ehdottomasta arbortittien muiston kielt\u00e4v\u00e4st\u00e4 kannasta.<\/p>\n<p>Olaf Scholz antoi viime viikolla,ett\u00e4 ellei nyt aloitettu rajakontrolli pure niin niin Saksa joutuu samanlaisen ratkaisun kuin mihin Suomi joutui p\u00e4\u00e4tym\u00e4\u00e4n Ven\u00e4j\u00e4n yritt\u00e4ess\u00e4 pakottaa maamme ottamaan ehk\u00e4 jopa satoja tuhansia niin sanottuja turvapaikanhakijoita.<\/p>\n<p>VALLANMENETYS PELOTTAA<\/p>\n<p>Syy siihen miksi Olaf Scholzin punavihre\u00e4 hallitus k\u00e4\u00e4nsi kelkkansa siit\u00e4,ett\u00e4 h\u00e4n ja hallituskumppanit pelk\u00e4\u00e4 kansan tuomiota.<\/p>\n<p>Kun vuonna 2013 perustettu maahanmuutto ja EU-kriittinen AfD -puolue on koko olemassaolon aikansa nostanut esiin holtittoman maahanmuuton kiistaton haittoja ja valtavia kustannuksia niin t\u00e4h\u00e4n syksyyn asti kaikki muut puolueet paitsi AfD ja entisen vasemmistopuolueen johtopuolue kantahahmon Sara Wagenknechtin ovat t\u00e4n\u00e4 vuonna vuonna nime\u00e4ma rouvan viitanneet kintaalla maahanmuuton k\u00e4siin r\u00e4j\u00e4ht\u00e4neisiin ongelmiin.Noihin v\u00e4h\u00e4ttelyihin ja AfD vihaan ovat yhtyneet sek\u00e4 Saksan katolinen ja my\u00f6s Luterilainen kirkko,Ay-liike ja Saksan valtamedia sek\u00e4 Saksan Yleisradio, uutis- ja ajankohtaisohjelmaen eik\u00e4 en\u00e4\u00e4 journalistisena.<\/p>\n<p>Kuitenkin viimeisen viikon j\u00e4lkeen Thyringenin ja Saksin osa vaaleissa AfD otti suuret voitot,jopa niin,ett\u00e4 Thyrnbergiss\u00e4 siit\u00e4 tuli suurin puolue ja Saksissa toiseksi suurin CDU:n j\u00e4lkeen.Hallituspuolueiden yhteinen kannatus romahti 10 %:n pintaan ja kaiken kukkuraksi Vihre\u00e4t putosi kokonaan Thyringenin osaksi ja my\u00f6s hallituksesta-Saksissa sen nokka tuhisee viel\u00e4 vesirajan yl\u00e4puolella.<\/p>\n<p>T\u00e4m\u00e4, sitten vallan menetyksen pelko on ainoa syy miksi Scholzin hallitus on tehnyt k\u00e4\u00e4nn\u00f6sk\u00e4\u00e4nn\u00f6ksen.On vaikuttava vaikea uskoa,ett\u00e4 yks,kaks vaaliy\u00f6n\u00e4 Saksan hallituksen puoluejohtajat kohtasivat &#8221;valon&#8221; ja p\u00e4\u00e4ttiv\u00e4t muuttaa suunnan turvapaikanhakijoiden imusta ty\u00f6nn\u00f6ksi\u00e4.<\/p>\n<p>T\u00e4m\u00e4 paitsi jo vain kuin parin viikon p\u00e4\u00e4ss\u00e4 pysyv\u00e4t osavaltiovaalit Brandenburgissa,eik\u00e4 liittop\u00e4iv\u00e4vaaleihinkaan ole aikaa vuosi.<\/p>\n<p>Olkoonkin,ett\u00e4 AfD:n ja Wagenknecht puolueiden kannatus on selv\u00e4sti suurempaa it\u00e4isess\u00e4 Saksassa kuin l\u00e4nness\u00e4 niin my\u00f6s l\u00e4ntisiss\u00e4 osavaltioissa n\u00e4iden kahden kannatus kasvaa.<\/p>\n<p>Jos trendi pysyy kuuluua kuin t\u00e4h\u00e4n asti niin CDU ja AfD kamppailevat ykk\u00f6ssijasta,sosiaalidemokraatit saavat kaikkien aikojen selk\u00e4saunan ja Vihre\u00e4t kamppailee liittop\u00e4ivill\u00e4 pysymisest\u00e4.<\/p>\n<p>Ja jos tuo Vihreiden dystopia toteutuisi niin se olisi katastrofi koko Euroopan vihreille puolueille tai se olisi mahdollista niinlle:alkaa ajattelemaan omilla aivoilla, kun en\u00e4\u00e4 vanhan &#8221;herrakansan&#8221; uudet korskaiset leidit eiv\u00e4t voisi tulla k\u00e4skytt\u00e4m\u00e4\u00e4n sisarpuolueittensa edustajia vedoten oman politiikkansa esimerkin suosioon kansan keskuudessa.<\/p>\n<p>Seppo Huhta<\/p>\n","protected":false},"excerpt":{"rendered":"<p>Saksassa on jo tuollainen puukkoindeksi, ja se on perusteltu puukotusten seurannalla. Esimerkiksi eilen sunnuntaina (15.09.) -iltap\u00e4iv\u00e4\u00e4n menness\u00e4- poliisi oli saanut tiedon jo seitsem\u00e4st\u00e4 puukotuksesta eri puolilta Saksaa. Pahimmillaan puukotuksia, joissa kuolee tai ainakin haavoittuu ihmisi\u00e4, on jopa liki parikymment\u00e4 p\u00e4ivitt\u00e4in. Eli siis vuodessa tuhansia. Enemmist\u00f6 tekij\u00f6ist\u00e4 ei ole kantiksia. My\u00f6s meill\u00e4 puukotusten m\u00e4\u00e4r\u00e4 on -varsinkin [&hellip;]<\/p>\n","protected":false},"author":5,"featured_media":2229,"comment_status":"open","ping_status":"open","sticky":false,"template":"","format":"standard","meta":{"footnotes":""},"categories":[31],"tags":[],"_links":{"self":[{"href":"https:\/\/www.uutispeili.fi\/index.php\/wp-json\/wp\/v2\/posts\/3163"}],"collection":[{"href":"https:\/\/www.uutispeili.fi\/index.php\/wp-json\/wp\/v2\/posts"}],"about":[{"href":"https:\/\/www.uutispeili.fi\/index.php\/wp-json\/wp\/v2\/types\/post"}],"author":[{"embeddable":true,"href":"https:\/\/www.uutispeili.fi\/index.php\/wp-json\/wp\/v2\/users\/5"}],"replies":[{"embeddable":true,"href":"https:\/\/www.uutispeili.fi\/index.php\/wp-json\/wp\/v2\/comments?post=3163"}],"version-history":[{"count":1,"href":"https:\/\/www.uutispeili.fi\/index.php\/wp-json\/wp\/v2\/posts\/3163\/revisions"}],"predecessor-version":[{"id":3164,"href":"https:\/\/www.uutispeili.fi\/index.php\/wp-json\/wp\/v2\/posts\/3163\/revisions\/3164"}],"wp:featuredmedia":[{"embeddable":true,"href":"https:\/\/www.uutispeili.fi\/index.php\/wp-json\/wp\/v2\/media\/2229"}],"wp:attachment":[{"href":"https:\/\/www.uutispeili.fi\/index.php\/wp-json\/wp\/v2\/media?parent=3163"}],"wp:term":[{"taxonomy":"category","embeddable":true,"href":"https:\/\/www.uutispeili.fi\/index.php\/wp-json\/wp\/v2\/categories?post=3163"},{"taxonomy":"post_tag","embeddable":true,"href":"https:\/\/www.uutispeili.fi\/index.php\/wp-json\/wp\/v2\/tags?post=3163"}],"curies":[{"name":"wp","href":"https:\/\/api.w.org\/{rel}","templated":true}]}}