{"id":3110,"date":"2024-09-10T11:16:44","date_gmt":"2024-09-10T11:16:44","guid":{"rendered":"https:\/\/www.uutispeili.fi\/?p=3110"},"modified":"2024-09-10T11:16:45","modified_gmt":"2024-09-10T11:16:45","slug":"shoigu-venaja-ei-neuvottele-ukrainan-kanssa-niin-kauan-kun-silla-on-hallussaan-venajan-alueita","status":"publish","type":"post","link":"https:\/\/www.uutispeili.fi\/index.php\/2024\/09\/10\/shoigu-venaja-ei-neuvottele-ukrainan-kanssa-niin-kauan-kun-silla-on-hallussaan-venajan-alueita\/","title":{"rendered":"Shoigu: Ven\u00e4j\u00e4 ei neuvottele Ukrainan kanssa, niin kauan kun sill\u00e4 on hallussaan Ven\u00e4j\u00e4n alueita"},"content":{"rendered":"<p><strong>Ven\u00e4j\u00e4n ulkoministeri Sergei Shoigu julisti t\u00e4n\u00e4\u00e4n, ett\u00e4 &#8221;<em>Ven\u00e4j\u00e4 ei neuvottele terroristien kanssa<\/em>&#8221;. Ukrainalaiset ovat Shoigun mielest\u00e4 <em>terroristeja<\/em>, koska ovat anastaneet naapurimaansa aluetta (Kurskin oblastissa).<\/strong><\/p>\n<p><strong>Ven\u00e4j\u00e4n<\/strong> turvallisuusneuvoston sihteeri <strong>Sergei Shoigu<\/strong> sulki tiistaina pois mahdolliset neuvottelut <strong><em>Kiovan<\/em><\/strong> (ven\u00e4l\u00e4isten k\u00e4ytt\u00e4m\u00e4 sana Ukrainasta) kanssa ennen kuin <strong>Ukrainan<\/strong> asevoimat karkotettiin Ven\u00e4j\u00e4n <strong>Kursk<\/strong>in oblastin alueelta. Shoigu kertoi Ven\u00e4j\u00e4n kannan ven\u00e4l\u00e4iselle <em>Rossija 24<\/em> -kanavalle antamassaan haastattelussa t\u00e4n\u00e4\u00e4n tiistaina.<\/p>\n<blockquote><p>&#8221;Ennen kuin karkotamme heid\u00e4t (Ukrainan asevoimat) mailtamme, emme tietenk\u00e4\u00e4n k\u00e4y neuvotteluja heid\u00e4n kanssaan&#8221;, sanoi Shoigu.<\/p><\/blockquote>\n<p>Ven\u00e4j\u00e4n sotajoukot ovat olleet Ukraina alueella helmikuusta 2022. Shoigu mainitsi my\u00f6s Kurskin <strong><em>ydinvoimalan<\/em><\/strong>, syytt\u00e4en ukrainalaisia yrityksest\u00e4 ottaa se haltuunsa, -pit\u00e4en aietta terrorismina. <strong>Zaporoskij<\/strong>n ydinvoimala Ukrainassa on edelleen ven\u00e4l\u00e4isten miehitt\u00e4m\u00e4n\u00e4, ja mm. kansainv\u00e4lisen ydinvoimaj\u00e4rjest\u00f6n <strong>AEIA<\/strong>:n mukaan tilanne aiheuttaa riskej\u00e4.<\/p>\n<p><em>Tekopyhyys<\/em> on sana, jota emme k\u00e4yt\u00e4 johtavien poliitikkojen, tai valtioiden ulkopoliittisten edustajien yhteydess\u00e4, -diplomaattisuus ennen kaikkea. <img loading=\"lazy\" decoding=\"async\" class=\"alignnone size-full wp-image-144\" src=\"https:\/\/www.uutispeili.fi\/wp-content\/uploads\/2023\/11\/di.gold_.gif\" alt=\"\" width=\"11\" height=\"11\" \/><\/p>\n<p>Luettavaa:<\/p>\n<ul>\n<li><a href=\"https:\/\/www.alarabiya.net\/arab-and-world\/2024\/09\/10\/%D8%B4%D9%88%D9%8A%D8%BA%D9%88-%D9%84%D8%A7-%D9%85%D9%81%D8%A7%D9%88%D8%B6%D8%A7%D8%AA-%D9%82%D8%A8%D9%84-%D8%B7%D8%B1%D8%AF-%D8%A7%D9%84%D9%82%D9%88%D8%A7%D8%AA-%D8%A7%D9%84%D8%A3%D9%88%D9%83%D8%B1%D8%A7%D9%86%D9%8A%D8%A9-%D9%85%D9%86-%D9%83%D9%88%D8%B1%D8%B3%D9%83\" target=\"_blank\" rel=\"noopener\">Al-Arabiya<\/a> 10.09. 2024,<\/li>\n<\/ul>\n","protected":false},"excerpt":{"rendered":"<p>Ven\u00e4j\u00e4n ulkoministeri Sergei Shoigu julisti t\u00e4n\u00e4\u00e4n, ett\u00e4 &#8221;Ven\u00e4j\u00e4 ei neuvottele terroristien kanssa&#8221;. Ukrainalaiset ovat Shoigun mielest\u00e4 terroristeja, koska ovat anastaneet naapurimaansa aluetta (Kurskin oblastissa). Ven\u00e4j\u00e4n turvallisuusneuvoston sihteeri Sergei Shoigu sulki tiistaina pois mahdolliset neuvottelut Kiovan (ven\u00e4l\u00e4isten k\u00e4ytt\u00e4m\u00e4 sana Ukrainasta) kanssa ennen kuin Ukrainan asevoimat karkotettiin Ven\u00e4j\u00e4n Kurskin oblastin alueelta. Shoigu kertoi Ven\u00e4j\u00e4n kannan ven\u00e4l\u00e4iselle Rossija [&hellip;]<\/p>\n","protected":false},"author":3,"featured_media":3112,"comment_status":"open","ping_status":"open","sticky":false,"template":"","format":"standard","meta":{"footnotes":""},"categories":[71,87,74],"tags":[],"_links":{"self":[{"href":"https:\/\/www.uutispeili.fi\/index.php\/wp-json\/wp\/v2\/posts\/3110"}],"collection":[{"href":"https:\/\/www.uutispeili.fi\/index.php\/wp-json\/wp\/v2\/posts"}],"about":[{"href":"https:\/\/www.uutispeili.fi\/index.php\/wp-json\/wp\/v2\/types\/post"}],"author":[{"embeddable":true,"href":"https:\/\/www.uutispeili.fi\/index.php\/wp-json\/wp\/v2\/users\/3"}],"replies":[{"embeddable":true,"href":"https:\/\/www.uutispeili.fi\/index.php\/wp-json\/wp\/v2\/comments?post=3110"}],"version-history":[{"count":1,"href":"https:\/\/www.uutispeili.fi\/index.php\/wp-json\/wp\/v2\/posts\/3110\/revisions"}],"predecessor-version":[{"id":3111,"href":"https:\/\/www.uutispeili.fi\/index.php\/wp-json\/wp\/v2\/posts\/3110\/revisions\/3111"}],"wp:featuredmedia":[{"embeddable":true,"href":"https:\/\/www.uutispeili.fi\/index.php\/wp-json\/wp\/v2\/media\/3112"}],"wp:attachment":[{"href":"https:\/\/www.uutispeili.fi\/index.php\/wp-json\/wp\/v2\/media?parent=3110"}],"wp:term":[{"taxonomy":"category","embeddable":true,"href":"https:\/\/www.uutispeili.fi\/index.php\/wp-json\/wp\/v2\/categories?post=3110"},{"taxonomy":"post_tag","embeddable":true,"href":"https:\/\/www.uutispeili.fi\/index.php\/wp-json\/wp\/v2\/tags?post=3110"}],"curies":[{"name":"wp","href":"https:\/\/api.w.org\/{rel}","templated":true}]}}