{"id":2985,"date":"2024-08-28T13:52:30","date_gmt":"2024-08-28T13:52:30","guid":{"rendered":"https:\/\/www.uutispeili.fi\/?p=2985"},"modified":"2024-08-28T14:28:09","modified_gmt":"2024-08-28T14:28:09","slug":"itameren-rauha-edellyttaa-yhteiskunnan-varautumista-katastrofeihin","status":"publish","type":"post","link":"https:\/\/www.uutispeili.fi\/index.php\/2024\/08\/28\/itameren-rauha-edellyttaa-yhteiskunnan-varautumista-katastrofeihin\/","title":{"rendered":"&#8217;It\u00e4meren rauha edellytt\u00e4\u00e4 yhteiskunnan varautumista katastrofeihin&#8217;"},"content":{"rendered":"<p><strong>Helsing\u00f8rin 33. It\u00e4meri-konferenssissa Suomea edustaneet Pauli Aalto-Set\u00e4l\u00e4 (kok.) ja Saku Nikkanen (sd.) korostivat kokonaisturvallisuuden, huoltovarmuuden ja varautumisen merkityst\u00e4.<\/strong><\/p>\n<p>(Arkistokuva, Uutispeili.)<\/p>\n<p>Tanskan <strong>Helsing\u00f8r<\/strong>issa pidettiin 25.-27. eolikuuta <strong>It\u00e4meren parlamentaarikkojen 33. It\u00e4meri-konferenssi<\/strong>. Suomea edustivat kansanedustajat <strong>Pauli Aalto-Set\u00e4l\u00e4<\/strong> (kok.) sek\u00e4 <strong>Saku Nikkanen<\/strong> (sd.), Kokous keskittyi\u00a0 It\u00e4meren alueen turvallisuuteen, ja vapaan merenkulun ja huoltovarmuuden turvaamiseen It\u00e4meri-yhteisty\u00f6n tavoitteena.<\/p>\n<blockquote><p>Turvallisuustilanteen heikkeneminen ja erityisesti Ven\u00e4j\u00e4n pakotteiden kiert\u00e4miseen k\u00e4ytt\u00e4m\u00e4n varjolaivaston toiminta luovat Aalto-Set\u00e4l\u00e4n ja Nikkasen mukaan vakavan haasteen yhteiskunnille kuin jo muutenkin hauraalle ja k\u00e4rsiv\u00e4lle merelliselle ymp\u00e4rist\u00f6lle.<\/p><\/blockquote>\n<p>It\u00e4meri-parlamentaarikot kuulevat konferenssin aikana sidosryhmi\u00e4 ja vahvistivat tukensa <strong>Ukrainalle<\/strong>. Parlamentaarikkokonferenssin keskusteluihin osallistuvat my\u00f6s <strong>Ruotsin<\/strong> siviilipuolustusministeri <strong>Carl-Oskar<\/strong> <strong>Bohlin<\/strong>, <strong>Tanskan<\/strong> varap\u00e4\u00e4ministeri ja puolustusministeri <strong>Troels Lund Poulsen<\/strong> sek\u00e4 Tanskan ulkoministeri <strong>Lars L\u00f8kke Rasmussen<\/strong>.<\/p>\n<h3>Aalto-Set\u00e4l\u00e4 osallistui Tanskan kuninkaan py\u00f6re\u00e4n p\u00f6yd\u00e4n keskusteluun<\/h3>\n<p>J\u00e4rjestyksess\u00e4\u00e4n 33. It\u00e4meri-konferenssin osallistujat tapaavat konferenssin yhteydess\u00e4 my\u00f6s Tanskan kuningas <strong>Frederik X<\/strong>:n. Aalto-Set\u00e4l\u00e4 osallistuu kuninkaan is\u00e4nn\u00f6im\u00e4\u00e4n py\u00f6re\u00e4n p\u00f6yd\u00e4n keskusteluun.<\/p>\n<blockquote><p>&#8221;Ven\u00e4j\u00e4 k\u00e4y hybridisotaa l\u00e4ntt\u00e4 vastaan ja se tulee jatkumaan, vaikka taistelut Ukrainassa joskus p\u00e4\u00e4ttyisiv\u00e4tkin. Sotilaallisen yhteisty\u00f6n lis\u00e4ksi varautumista tulee tehd\u00e4 ja harjoitella enemm\u00e4n my\u00f6s kokonaisturvallisuuden n\u00e4k\u00f6kulmasta. Informaatiosodank\u00e4ynniss\u00e4 It\u00e4meren reunavaltiot ovat yht\u00e4 vahvoja kuin heikoin meist\u00e4&#8221;, valtuuskunnan puheenjohtaja Aalto-Set\u00e4l\u00e4 korosti.<\/p><\/blockquote>\n<h3>Ven\u00e4l\u00e4isill\u00e4 \u00f6ljytankkerien varjolaivasto It\u00e4merell\u00e4<\/h3>\n<p>Nikkanen puolestaan kertoi olevansa suomalaisena kansanedustajana syv\u00e4sti huolissaan ven\u00e4l\u00e4isten <strong><em>\u00f6ljytankkerien varjolaivastosta<\/em><\/strong> It\u00e4merell\u00e4.<\/p>\n<blockquote><p>&#8221;Tanska harkitsee keinoja est\u00e4\u00e4kseen ven\u00e4l\u00e4isi\u00e4 varjotankkereita kuljettamasta \u00f6ljy\u00e4 It\u00e4meren l\u00e4pi ja on koonnut samanmielisi\u00e4 valtioita arvioimaan toimenpiteit\u00e4 t\u00e4m\u00e4n toiminnan lopettamiseksi&#8221;, Nikkanen totesi ja kehotti BSPC-maita tukemaan Tanskan pyrkimyksi\u00e4.<\/p><\/blockquote>\n<h3>Ven\u00e4j\u00e4 k\u00e4ytt\u00e4\u00e4 turvapaikanhakijoita v\u00e4lineen\u00e4<\/h3>\n<p>It\u00e4meri-parlamentaarikot olivat huolissaan siit\u00e4, ett\u00e4 osana hybridivaikuttamista Ven\u00e4j\u00e4 k\u00e4ytt\u00e4\u00e4 turvapaikanhakijoita v\u00e4lineen\u00e4 Euroopan it\u00e4rajalla sek\u00e4 varjolaivastoa pakotteiden kiert\u00e4misess\u00e4. Ihmisten v\u00e4lineellist\u00e4minen lis\u00e4\u00e4 jo muutenkin haavoittuvassa tilanteessa olevien ihmisten k\u00e4rsimyst\u00e4.<\/p>\n<p>Eduskunta kutsui huhtikuussa It\u00e4meren parlamentaarikkokonferenssin pysyv\u00e4n komitean tutustumaan Suomen kokonaisturvallisuuteen ja varautumiseen. Suomen valtuuskunta on my\u00f6s esitellyt It\u00e4meri-parlamentaarikkojen energiaturvallisuusty\u00f6ryhm\u00e4lle Suomen parhaita k\u00e4yt\u00e4nt\u00f6j\u00e4 muun muassa hybriditurvallisuudessa. Suomen varautumista ja valmiutta kiiteltiin Helsing\u00f8rin keskusteluissa.<\/p>\n<h3>Kriittisen infrastruktuurin turvaaminen puheenaiheena<\/h3>\n<p>Konferenssissa todettiin my\u00f6s, ett\u00e4 It\u00e4meri-yhteisty\u00f6n tiivist\u00e4miseen on enemm\u00e4n aihetta kuin koskaan, erityisesti merenalaisen sek\u00e4 muun yhteiskunnalle kriittisen infrastruktuurin turvaamiseksi. Samalla on syyt\u00e4 varautua erilaisiin uusiin vaikutus- ja sabotaasikeinoihin.<\/p>\n<p>Parlamentaarikot keskustelivat konferenssin yhteydess\u00e4 Tanskan kuningas Frederik X:n, Tanskan ulkoministerin sek\u00e4 Ruotsin ja Tanskan puolustusministereiden ja sidosryhmien edustajien kanssa It\u00e4meren tulevaisuudesta ja yhteisty\u00f6st\u00e4.<\/p>\n<p>Konferenssin p\u00e4\u00e4tteeksi It\u00e4meri-parlamentaarikot hyv\u00e4ksyiv\u00e4t yksimielisesti kattavan p\u00e4\u00e4t\u00f6slauselman, jonka suositukset l\u00e4hetet\u00e4\u00e4n yhdess\u00e4 energiaturvallisuusty\u00f6ryhm\u00e4n v\u00e4liraportin kanssa alueen maiden hallituksille.<\/p>\n<p>It\u00e4meri-konferenssi j\u00e4rjestettiin Tanskan Helsing\u00f8rissa 25.\u201327.8. It\u00e4meren parlamentaarikkokonferenssi BSPC (Baltic Sea Parliamentary Conference) perustettiin vuonna 1991 Suomen aloitteesta edist\u00e4m\u00e4\u00e4n It\u00e4meren ymp\u00e4rysmaiden kansallisten parlamenttien, alueellisten lains\u00e4\u00e4d\u00e4nt\u00f6elinten ja parlamenttienv\u00e4listen j\u00e4rjest\u00f6jen yhteisty\u00f6t\u00e4 poliittisen vuoropuhelun avulla. <img loading=\"lazy\" decoding=\"async\" class=\"alignnone size-full wp-image-144\" src=\"https:\/\/www.uutispeili.fi\/wp-content\/uploads\/2023\/11\/di.gold_.gif\" alt=\"\" width=\"11\" height=\"11\" \/><\/p>\n","protected":false},"excerpt":{"rendered":"<p>Helsing\u00f8rin 33. It\u00e4meri-konferenssissa Suomea edustaneet Pauli Aalto-Set\u00e4l\u00e4 (kok.) ja Saku Nikkanen (sd.) korostivat kokonaisturvallisuuden, huoltovarmuuden ja varautumisen merkityst\u00e4. (Arkistokuva, Uutispeili.) Tanskan Helsing\u00f8rissa pidettiin 25.-27. eolikuuta It\u00e4meren parlamentaarikkojen 33. It\u00e4meri-konferenssi. Suomea edustivat kansanedustajat Pauli Aalto-Set\u00e4l\u00e4 (kok.) sek\u00e4 Saku Nikkanen (sd.), Kokous keskittyi\u00a0 It\u00e4meren alueen turvallisuuteen, ja vapaan merenkulun ja huoltovarmuuden turvaamiseen It\u00e4meri-yhteisty\u00f6n tavoitteena. Turvallisuustilanteen heikkeneminen ja [&hellip;]<\/p>\n","protected":false},"author":3,"featured_media":2077,"comment_status":"open","ping_status":"open","sticky":false,"template":"","format":"standard","meta":{"footnotes":""},"categories":[49,86],"tags":[],"_links":{"self":[{"href":"https:\/\/www.uutispeili.fi\/index.php\/wp-json\/wp\/v2\/posts\/2985"}],"collection":[{"href":"https:\/\/www.uutispeili.fi\/index.php\/wp-json\/wp\/v2\/posts"}],"about":[{"href":"https:\/\/www.uutispeili.fi\/index.php\/wp-json\/wp\/v2\/types\/post"}],"author":[{"embeddable":true,"href":"https:\/\/www.uutispeili.fi\/index.php\/wp-json\/wp\/v2\/users\/3"}],"replies":[{"embeddable":true,"href":"https:\/\/www.uutispeili.fi\/index.php\/wp-json\/wp\/v2\/comments?post=2985"}],"version-history":[{"count":2,"href":"https:\/\/www.uutispeili.fi\/index.php\/wp-json\/wp\/v2\/posts\/2985\/revisions"}],"predecessor-version":[{"id":2988,"href":"https:\/\/www.uutispeili.fi\/index.php\/wp-json\/wp\/v2\/posts\/2985\/revisions\/2988"}],"wp:featuredmedia":[{"embeddable":true,"href":"https:\/\/www.uutispeili.fi\/index.php\/wp-json\/wp\/v2\/media\/2077"}],"wp:attachment":[{"href":"https:\/\/www.uutispeili.fi\/index.php\/wp-json\/wp\/v2\/media?parent=2985"}],"wp:term":[{"taxonomy":"category","embeddable":true,"href":"https:\/\/www.uutispeili.fi\/index.php\/wp-json\/wp\/v2\/categories?post=2985"},{"taxonomy":"post_tag","embeddable":true,"href":"https:\/\/www.uutispeili.fi\/index.php\/wp-json\/wp\/v2\/tags?post=2985"}],"curies":[{"name":"wp","href":"https:\/\/api.w.org\/{rel}","templated":true}]}}