{"id":2962,"date":"2024-08-27T12:14:31","date_gmt":"2024-08-27T12:14:31","guid":{"rendered":"https:\/\/www.uutispeili.fi\/?p=2962"},"modified":"2024-08-27T13:34:25","modified_gmt":"2024-08-27T13:34:25","slug":"kanada-karkottaa-70-000-kansainvalista-opiskelijaa","status":"publish","type":"post","link":"https:\/\/www.uutispeili.fi\/index.php\/2024\/08\/27\/kanada-karkottaa-70-000-kansainvalista-opiskelijaa\/","title":{"rendered":"Kanada karkottaa 70 000 kansainv\u00e4list\u00e4 opiskelijaa"},"content":{"rendered":"<p><strong>Uusi maahanmuuttopolitiikka rajoittaa ulkomaalaisten lupia opiskella Kanadassa, ja v\u00e4hent\u00e4\u00e4 ja kirist\u00e4\u00e4 pysyv\u00e4n oleskeluluvan ehtoja. 70 000:tta kansainv\u00e4list\u00e4 opiskelijaa uhkaa karkotus, kun ty\u00f6- ja oleskelulupia ei jatketa. -Kanadan ja Suomen hallitusten l\u00e4hestymistapoja &#8217;<em>ty\u00f6per\u00e4isen<\/em> <em>maahanmuuton<\/em>&#8217; ja &#8217;<em>osaajien<\/em>&#8217; asiassa voikin vertailla.<\/strong><\/p>\n<p>(Kuvan aineisto: Twitter 26.08. 2024, Riley Donovan.)<\/p>\n<p>Yli 70 000:n <em>kansainv\u00e4lisen opiskelijan<\/em> ty\u00f6- ja opiskelu-lupia ei ehk\u00e4 pidennet\u00e4 <strong>Kanadassa<\/strong> kukuvan vuoden lopussa <strong>Justin<\/strong> <strong>Trudeau<\/strong>n hallituksen uuden maahanmuuttopolitiikan mukaisesti. Opiskelijat, joista suurin osa on intialaisia, vaativat ty\u00f6lupien pident\u00e4mist\u00e4 ja selke\u00e4\u00e4 tiet\u00e4 pysyv\u00e4\u00e4n oleskeluun opiskelunsa j\u00e4lkeen.<\/p>\n<p>Kansainv\u00e4liset opiskelijat protestoivat pit\u00e4m\u00e4ll\u00e4 leirej\u00e4 hassuissa paikoissa, ja osoittamalla mielt\u00e4\u00e4n useissa Kanadan provinsseissa, ainakin <strong>Prince Edward Island<\/strong>:illa (PEI), <strong>Ontario<\/strong>ssa, <strong>Manitoba<\/strong>ssa ja <strong>British<\/strong> <strong>Columbia<\/strong>ssa.<\/p>\n<h3>Satoja uhkaa karkotus vuodenvaihteessa<\/h3>\n<p>Prince Edwardin saarella sadat opiskelijat ovat osoittaneet mielt\u00e4\u00e4n paikallisen osavaltioparlamentin ulkopuolella jo yli kolmen kuukauden ajan maahanmuuttos\u00e4\u00e4nn\u00f6sten muutoksia vastaan.\u00a0Opiskelijoiden edunvalvontaj\u00e4rjest\u00f6n mukaan monet valmistuneet voivat joutua karkotetuiksi heid\u00e4n ty\u00f6lupansa p\u00e4\u00e4ttyess\u00e4 kuluvan vuoden lopussa.<\/p>\n<blockquote><p>Kanadassa n\u00e4hd\u00e4\u00e4n parhaillaan mielenosoituksia, koska yli 70 000 kansainv\u00e4list\u00e4 tutkinnon suorittanutta saattaa joutua karkotukseen liittovaltion politiikan muutosten vuoksi, ja ennenn\u00e4kem\u00e4t\u00f6n m\u00e4\u00e4r\u00e4 uudesta el\u00e4m\u00e4st\u00e4 (Kanadassa) haaveilevia opiskelijoita sanoo, ett\u00e4 heid\u00e4n tulevaisuutensa on nyt h\u00e4m\u00e4r\u00e4n peitossa. <a href=\"https:\/\/twitter.com\/CityNewsTO\/status\/1828236431959138560\" target=\"_blank\" rel=\"noopener\"><strong>City News Toronto<\/strong><\/a> 27.08. 2024.<\/p><\/blockquote>\n<h3>Opiskelumaahanmuutto rasittaa palveluja<\/h3>\n<p>Kanadan hallitus perustelee opiskelijamaahanmuuton tiukennusta sen aiheuttamalla rasituksella Kanadan asunto-, terveydenhuolto- ja muille julkisille palveluille. Suurissa kaupungeissa opiskeluun perustuvilla oleskeluluvilla maassa olevien vaikutuksen asuntojen saatavuuteen sanotaan olevan huomattavan. Hallitus on asettanut opiskeluperustaisten oleskelulupien m\u00e4\u00e4r\u00e4lle yl\u00e4rajan seuraavaksi kahdeksi vuodeksi.<\/p>\n<blockquote><p><strong>Immigration, Refugees and Citizenship Canada<\/strong> -j\u00e4rjest\u00f6n (IRCC) mukaan t\u00e4m\u00e4n limiitin odotetaan rajoittavan noin my\u00f6nnetyt opiskeluluvat 360 000:een vuonna 2024, mik\u00e4 on 35 % v\u00e4hemm\u00e4n kuin edellisen\u00e4 vuonna.<\/p><\/blockquote>\n<p>Maahanmuutto-, pakolais- ja kansalaisuusministeri <strong>Marc Miller<\/strong> kertoi, ett\u00e4 ulkomaalaiset eiv\u00e4t voi en\u00e4\u00e4 hakea <em>valmistumisen j\u00e4lkeist\u00e4 ty\u00f6lupaa<\/em> (PGWP) rajalla 21. kes\u00e4kuuta j\u00e4lkeen. -Kanadan politiikka valmistuneiden ty\u00f6llist\u00e4miseksi opiskelun tarjonneessa maassa on siis aivan toisen suuntainen, kuin esm. mit\u00e4 RKP:n <strong>Adlerkreutz<\/strong> selitti t\u00e4n\u00e4\u00e4n <strong>Yle<\/strong>n &#8217;<em>Radio Suomi<\/em>&#8217;-kanavalla.<\/p>\n<h3>Hallitus v\u00e4hent\u00e4\u00e4 matalapalkkaisten maahantuontia<\/h3>\n<p>PGWP on t\u00e4rke\u00e4 niille kansainv\u00e4lisille opiskelijoille, jotka etsiv\u00e4t ty\u00f6t\u00e4 ja <em><strong>pysyv\u00e4\u00e4 oleskelupaikkaa<\/strong><\/em> Kanadasta. Toinen &#8217;<strong><em>ty\u00f6per\u00e4isen maahanmuuton<\/em><\/strong>&#8217; teema on oletettu <em>ty\u00f6voimapula<\/em> matalapalkka-aloilla: P\u00e4\u00e4ministeri Trudeau ilmoitti maanantaina (26.08.), ett\u00e4 hallitus aikoo my\u00f6s v\u00e4hent\u00e4\u00e4 matalapalkkaisia \u200b\u200bt\u00f6it\u00e4 tekevien tilap\u00e4isten ulkomaalaisten ty\u00f6ntekij\u00f6iden m\u00e4\u00e4r\u00e4\u00e4.<\/p>\n<h3>&#8217;<em>Kansainv\u00e4listen opiskelijoiden<\/em>&#8217; etuj\u00e4rjest\u00f6t kiist\u00e4v\u00e4t opiskelija-maahantuonnin yhteyden asunto- ja ty\u00f6llisyyskriisiin Kanadassa<\/h3>\n<p><strong>Brampton<\/strong>issa &#8217;<em>kansainv\u00e4liset opiskelijat<\/em>&#8217; ovat osoittaneet mielt\u00e4\u00e4n syyt\u00f6ksi\u00e4 vastaan, ett\u00e4 heid\u00e4n l\u00e4sn\u00e4olonsa on vaikeuttanut paikallista asunto- ja ty\u00f6llisyyskriisi\u00e4:<\/p>\n<blockquote><p>N\u00e4m\u00e4 opiskelijat ovat investoineet voimakkaasti koulutukseensa ja Kanadan talouteen. Heit\u00e4 kehotetaan nyt suorittamaan opintonsa ja palaamaan kotimaahansa, samalla kun he kamppailevat huomattavien velkojensa kanssa.<\/p><\/blockquote>\n<p>Kanadassa opiskelevat ulkomaalaiset vaativat hallitusta jatkamaan jatkoty\u00f6lupien my\u00f6nt\u00e4mist\u00e4, luomaan selkeit\u00e4 ja johdonmukaisia \u200b\u200bpolkuja pysyv\u00e4\u00e4n oleskeluun, kirjoittaa lehti t\u00e4n\u00e4\u00e4n. <img loading=\"lazy\" decoding=\"async\" class=\"alignnone size-full wp-image-144\" src=\"https:\/\/www.uutispeili.fi\/wp-content\/uploads\/2023\/11\/di.gold_.gif\" alt=\"\" width=\"11\" height=\"11\" \/><\/p>\n<blockquote class=\"twitter-tweet\" data-width=\"550\" data-dnt=\"true\">\n<p lang=\"en\" dir=\"ltr\">70,000 international students whose post graduate work permits are set to expire will have to leave Canada in 2024\/2025.<\/p>\n<p>Some international students in Brampton are protesting, calling for permit extensions.<\/p>\n<p>The supremacy of the rule of law is at stake. Canada must not give in. <a href=\"https:\/\/t.co\/yKweyrnL2m\">pic.twitter.com\/yKweyrnL2m<\/a><\/p>\n<p>&mdash; Riley Donovan (@valdombre) <a href=\"https:\/\/twitter.com\/valdombre\/status\/1797420174548832291?ref_src=twsrc%5Etfw\">June 3, 2024<\/a><\/p><\/blockquote>\n<p><script async src=\"https:\/\/platform.twitter.com\/widgets.js\" charset=\"utf-8\"><\/script><\/p>\n<blockquote><p>70 000 kansainv\u00e4list\u00e4 opiskelijaa, joiden jatkoty\u00f6luvan voimassaolo p\u00e4\u00e4ttyy, on poistuttava Kanadasta vuosina 2024\/2025. Jotkut Bramptonin kansainv\u00e4liset opiskelijat protestoivat ja vaativat lupien pident\u00e4mist\u00e4. Oikeusvaltion ylivalta on vaakalaudalla. Kanada ei saa antaa periksi.<\/p><\/blockquote>\n<p>Luettavaa:<\/p>\n<ul>\n<li><a href=\"https:\/\/www.indiatoday.in\/world\/canada-news\/story\/international-foreign-students-face-deportation-canada-federal-immigration-policy-changes-cut-immigration-justin-trudeau-2588601-2024-08-27\" target=\"_blank\" rel=\"noopener\">India Today<\/a> 27.08. 2024,<\/li>\n<li><a href=\"https:\/\/toronto.citynews.ca\/2024\/08\/26\/canada-international-students-deportation-protests\/\" target=\"_blank\" rel=\"noopener\">City News Toronto<\/a> 26.08. 2024,<\/li>\n<\/ul>\n<p><iframe loading=\"lazy\" width=\"640\" height=\"360\" src=\"https:\/\/www.youtube.com\/embed\/cZlNHi2Add8\" title=\"Trudeau says Canada needs to \u2018get the balance right\u2019 for international students\" frameborder=\"0\" allow=\"accelerometer; autoplay; clipboard-write; encrypted-media; gyroscope; picture-in-picture; web-share\" referrerpolicy=\"strict-origin-when-cross-origin\" allowfullscreen><\/iframe><\/p>\n<p><iframe loading=\"lazy\" width=\"640\" height=\"360\" src=\"https:\/\/www.youtube.com\/embed\/iK2zMg4Nnpk\" title=\"Canada&#39;s foreign student push a mismatch for job market, data shows\" frameborder=\"0\" allow=\"accelerometer; autoplay; clipboard-write; encrypted-media; gyroscope; picture-in-picture; web-share\" referrerpolicy=\"strict-origin-when-cross-origin\" allowfullscreen><\/iframe><\/p>\n","protected":false},"excerpt":{"rendered":"<p>Uusi maahanmuuttopolitiikka rajoittaa ulkomaalaisten lupia opiskella Kanadassa, ja v\u00e4hent\u00e4\u00e4 ja kirist\u00e4\u00e4 pysyv\u00e4n oleskeluluvan ehtoja. 70 000:tta kansainv\u00e4list\u00e4 opiskelijaa uhkaa karkotus, kun ty\u00f6- ja oleskelulupia ei jatketa. -Kanadan ja Suomen hallitusten l\u00e4hestymistapoja &#8217;ty\u00f6per\u00e4isen maahanmuuton&#8217; ja &#8217;osaajien&#8217; asiassa voikin vertailla. (Kuvan aineisto: Twitter 26.08. 2024, Riley Donovan.) Yli 70 000:n kansainv\u00e4lisen opiskelijan ty\u00f6- ja opiskelu-lupia ei ehk\u00e4 [&hellip;]<\/p>\n","protected":false},"author":3,"featured_media":2963,"comment_status":"open","ping_status":"open","sticky":false,"template":"","format":"standard","meta":{"footnotes":""},"categories":[21,7],"tags":[],"_links":{"self":[{"href":"https:\/\/www.uutispeili.fi\/index.php\/wp-json\/wp\/v2\/posts\/2962"}],"collection":[{"href":"https:\/\/www.uutispeili.fi\/index.php\/wp-json\/wp\/v2\/posts"}],"about":[{"href":"https:\/\/www.uutispeili.fi\/index.php\/wp-json\/wp\/v2\/types\/post"}],"author":[{"embeddable":true,"href":"https:\/\/www.uutispeili.fi\/index.php\/wp-json\/wp\/v2\/users\/3"}],"replies":[{"embeddable":true,"href":"https:\/\/www.uutispeili.fi\/index.php\/wp-json\/wp\/v2\/comments?post=2962"}],"version-history":[{"count":2,"href":"https:\/\/www.uutispeili.fi\/index.php\/wp-json\/wp\/v2\/posts\/2962\/revisions"}],"predecessor-version":[{"id":2969,"href":"https:\/\/www.uutispeili.fi\/index.php\/wp-json\/wp\/v2\/posts\/2962\/revisions\/2969"}],"wp:featuredmedia":[{"embeddable":true,"href":"https:\/\/www.uutispeili.fi\/index.php\/wp-json\/wp\/v2\/media\/2963"}],"wp:attachment":[{"href":"https:\/\/www.uutispeili.fi\/index.php\/wp-json\/wp\/v2\/media?parent=2962"}],"wp:term":[{"taxonomy":"category","embeddable":true,"href":"https:\/\/www.uutispeili.fi\/index.php\/wp-json\/wp\/v2\/categories?post=2962"},{"taxonomy":"post_tag","embeddable":true,"href":"https:\/\/www.uutispeili.fi\/index.php\/wp-json\/wp\/v2\/tags?post=2962"}],"curies":[{"name":"wp","href":"https:\/\/api.w.org\/{rel}","templated":true}]}}