{"id":2936,"date":"2024-08-23T18:20:55","date_gmt":"2024-08-23T18:20:55","guid":{"rendered":"https:\/\/www.uutispeili.fi\/?p=2936"},"modified":"2024-08-23T18:20:55","modified_gmt":"2024-08-23T18:20:55","slug":"uhkaako-poliisin-resurssipula-jo-kansallista-turvallisuutta","status":"publish","type":"post","link":"https:\/\/www.uutispeili.fi\/index.php\/2024\/08\/23\/uhkaako-poliisin-resurssipula-jo-kansallista-turvallisuutta\/","title":{"rendered":"Uhkaako poliisin resurssipula jo kansallista turvallisuutta"},"content":{"rendered":"<p><strong>Otsikkokuvan huolestuttava drone-lenn\u00e4tys l\u00e4hell\u00e4 kriittist\u00e4 infraa Turussa -tai oikeammin laimea viranomaisreaktio siihen- antavat taustaa L\u00e4nsi- ja Sis\u00e4-Suomen Valmiustoimikunnankin huolenaiheelle: Erilaiset -jo toteutuneetkin. uhkat kohdistuvat julkiseen infraan, ja kiristyv\u00e4 talouden tilanne ovat nousseet merkitt\u00e4v\u00e4ksi uhkakuvaksi.<\/strong><\/p>\n<p>Alueelliset <strong>Valmiustoimikunnat<\/strong> tekev\u00e4t <em>turvallisuusriskien<\/em> kartoitusta, ja tilannekuvan p\u00e4ivityst\u00e4, -tuottaen hallinnolle ja poliittiselle johdolle ajanmukaista tietoa. <strong>L\u00e4nsi- ja Sis\u00e4-Suomen\u00a0Valmiustoimikunnan<\/strong> kokoontumisessa torstaina nousi keskusteluun tyytym\u00e4tt\u00f6myys turvallisuudesta huolehtien viranomaisten resurssointiin, -johon esimerkkitapauksemmekin <strong>Turusta<\/strong> saattaa viitata.<\/p>\n<p>Esimerkkitapauksessa tuntematon dronettaja lenn\u00e4tti laitettaan 17. toukokuuta -s\u00e4\u00e4nt\u00f6j\u00e4 rikkoen- <em>T<\/em><strong>urun lentoaseman<\/strong> suoja-alueella, ja viel\u00e4p\u00e4 <em>vesitornin<\/em> l\u00e4heisyydess\u00e4. <strong>Turun poliisilaitoksella<\/strong> ei kuitenkaan ollut kiinnostusta, eik\u00e4 ilmeisesti resursseja, tapauksen tutkintaan: Poliisipartio k\u00e4vi paikalla k\u00e4\u00e4ntym\u00e4ss\u00e4.<\/p>\n<h3>Turun poliisi: \u201d<em>Asiassa ei ole syyt\u00e4 ep\u00e4ill\u00e4 rikosta<\/em>\u201d<\/h3>\n<p>H\u00e4t\u00e4keskukseen ilmoittanut asukas, rikosilmoituksen tekij\u00e4, -ja yksi mahdollisista\u00a0<strong><em>asianomistajista-<\/em><\/strong> sai kysyess\u00e4\u00e4n\u00a0 poliisilta ilmoituksen rikostutkinnan keskeytt\u00e4misest\u00e4 30.07: \u201d<em>Asiassa ei ole syyt\u00e4 ep\u00e4ill\u00e4 rikosta.<\/em>\u201d<\/p>\n<p>Esimerkkimme -vain l\u00e4helt\u00e4-piti -tapaukseakin- on n\u00e4ht\u00e4viss\u00e4 jatkona sarjaan tunkeutumisia <em>vesihuollon<\/em> kohteisiin eri puolilla Suomea. My\u00f6s liikenteen ja tietoliikenteen infraa on tarkkailtu, ja ainakin yhdess\u00e4 tapauksessa vahingoitettu (kaadettu masto).<\/p>\n<blockquote><p>Lenn\u00e4tyspaikka kuuluu Turun lentoaseman\u00a0<strong>UAS-vy\u00f6hyke B<\/strong>-alueeseen, jolla lent\u00e4miseen tai miehitt\u00e4m\u00e4tt\u00f6m\u00e4n lentolaitteen lenn\u00e4tt\u00e4miseen vaaditaan Turun lennonjohdon erityislupa.,\u00a0 -joka lenn\u00e4tyskerraksi erikseen. T\u00e4h\u00e4n n\u00e4hden poliisin p\u00e4\u00e4t\u00f6s j\u00e4tt\u00e4\u00e4 tapaus tutkimatta, vaikuttaa oudolta.<\/p><\/blockquote>\n<h3>&#8217;Kriittiseen infraan kohdistuva ilkivalta ja v\u00e4kivaltarikosten kasvu huolestuttaa L\u00e4nsi- ja Sis\u00e4-Suomen alueellista valmiustoimikuntaa&#8217;<\/h3>\n<p>-N\u00e4in otsokoi t\u00e4n\u00e4\u00e4n L\u00e4nsi- ja Sis\u00e4-Suomen aluehallintoviraston alueellinen valmiustoimikunta tiedotteessaan, k\u00e4ytt\u00e4en sanamuotoa &#8221;<strong>kiristynyt turvallisuustilanne<\/strong>&#8221;. Turun poliisin toiminta n\u00e4ytt\u00e4\u00e4 asettuvan ristiriitaan toimikunnan prioriteettien kanssa. Siteeraan tiedotetta:<\/p>\n<blockquote><p><strong>Kriittiseen infraan kohdistuvat ilkivallan teot,<\/strong> sek\u00e4 v\u00e4kivalta- ja huumausainerikosten kasvu, huolestuttaa toimijoita. Kriittiseen infraan kohdistuvat ilkivallat voivat olla haasteita, jotka liittyv\u00e4t <strong>sosiaalisen median k\u00e4ytt\u00f6\u00f6n<\/strong>. Infraan onkin kohdistettu tehostettua valvontaa. Alueellisen varautumisen kehitt\u00e4minen ja tilannekuvan p\u00e4ivitt\u00e4minen on tiivist\u00e4 yhteisty\u00f6t\u00e4.<\/p><\/blockquote>\n<p><strong>Alueellisen varautumisen<\/strong> kehitt\u00e4minen sis\u00e4lt\u00e4\u00e4 mm. kokonaan uuden viraston perustamisen, kertoi torstaina pelastusylitarkastaja <strong>Juha Vilkki.<\/strong> Perustettavan <strong>Lupa- ja valvontaviraston<\/strong>, joka aloittaa toimintansa vuoden 2026 alussa, teht\u00e4viin sis\u00e4ltyy mm. <em>varautumisen alueellisen yhteisty\u00f6n<\/em> j\u00e4rjest\u00e4minen.<\/p>\n<h3>\nKiristyv\u00e4 taloustilanne ja henkil\u00f6st\u00f6pula ongelmana<\/h3>\n<p>Valmiustoimikunta keskusteli my\u00f6s ty\u00f6tt\u00f6myyden yleisest\u00e4 kasvusta, ja siihen liittyvist\u00e4 ilmi\u00f6st\u00e4.\u00a0 \u00a0&#8221;<em>Yleinen kiristyv\u00e4 taloustilanne huolestuttavat my\u00f6s valmiustoimikunnan toimijoita<\/em>.&#8221; Alueellisen tilannekuvan ker\u00e4\u00e4mist\u00e4 jatketaan syyskuussa, jolloin j\u00e4rjestet\u00e4\u00e4n my\u00f6s <strong>alueelliset maanpuolustuksen erikoiskurssit,<\/strong>\u00a0 -teemana <em>henkinen kriisinkesto<\/em>. \u00a0Marraskuussa ovat vuorossa L\u00e4nsi- ja Sis\u00e4-Suomen aluehallintoviraston toimesta <em>valmiussuunnittelun ty\u00f6pajat<\/em> maakunnissa.\u00a0 Lokakuussa L\u00e4nsi- ja Sis\u00e4-Suomen alueellinen valmiustoimikunta kokoontuu seuraavan kerran.<\/p>\n<p>N\u00e4ill\u00e4 n\u00e4kyminen Valmiustoimikunnan keskustelunaihe, huoli resurssien riitt\u00e4vyydest\u00e4, on eritt\u00e4in aiheellinen. Suomeen kohdistuvien uhkien on julkisuudessakin todettu kasvaneen. Sis\u00e4asiainministerill\u00e4 ja valtionvarainministerill\u00e4 on nyt tekemisen paikka.<\/p>\n<p>Yhteinen turvallisuus on asia, jota ei sovi ottaa leikkuulaudalle. <img loading=\"lazy\" decoding=\"async\" class=\"alignnone size-full wp-image-144\" src=\"https:\/\/www.uutispeili.fi\/wp-content\/uploads\/2023\/11\/di.gold_.gif\" alt=\"\" width=\"11\" height=\"11\" \/><\/p>\n<blockquote class=\"wp-embedded-content\" data-secret=\"HmXuwwGQqo\"><p><a href=\"https:\/\/www.uutispeili.fi\/index.php\/2024\/08\/06\/dronea-lennatetty-lentokentan-suoja-alueella-luvattomasti-ja-kuvattu-ihmisten-ikkunoita-poliisi-ei-rikosta\/\">Dronea lenn\u00e4tetty lentokent\u00e4n suoja-alueella luvattomasti, -ja kuvattu ihmisten ikkunoita. Poliisi: Ei rikosta<\/a><\/p><\/blockquote>\n<p><iframe class=\"wp-embedded-content\" sandbox=\"allow-scripts\" security=\"restricted\" style=\"position: absolute; clip: rect(1px, 1px, 1px, 1px);\" title=\"&#8221;Dronea lenn\u00e4tetty lentokent\u00e4n suoja-alueella luvattomasti, -ja kuvattu ihmisten ikkunoita. Poliisi: Ei rikosta&#8221; &#8212; \" src=\"https:\/\/www.uutispeili.fi\/index.php\/2024\/08\/06\/dronea-lennatetty-lentokentan-suoja-alueella-luvattomasti-ja-kuvattu-ihmisten-ikkunoita-poliisi-ei-rikosta\/embed\/#?secret=PuU7shbasL#?secret=HmXuwwGQqo\" data-secret=\"HmXuwwGQqo\" width=\"600\" height=\"338\" frameborder=\"0\" marginwidth=\"0\" marginheight=\"0\" scrolling=\"no\"><\/iframe><\/p>\n","protected":false},"excerpt":{"rendered":"<p>Otsikkokuvan huolestuttava drone-lenn\u00e4tys l\u00e4hell\u00e4 kriittist\u00e4 infraa Turussa -tai oikeammin laimea viranomaisreaktio siihen- antavat taustaa L\u00e4nsi- ja Sis\u00e4-Suomen Valmiustoimikunnankin huolenaiheelle: Erilaiset -jo toteutuneetkin. uhkat kohdistuvat julkiseen infraan, ja kiristyv\u00e4 talouden tilanne ovat nousseet merkitt\u00e4v\u00e4ksi uhkakuvaksi. Alueelliset Valmiustoimikunnat tekev\u00e4t turvallisuusriskien kartoitusta, ja tilannekuvan p\u00e4ivityst\u00e4, -tuottaen hallinnolle ja poliittiselle johdolle ajanmukaista tietoa. L\u00e4nsi- ja Sis\u00e4-Suomen\u00a0Valmiustoimikunnan kokoontumisessa torstaina nousi [&hellip;]<\/p>\n","protected":false},"author":3,"featured_media":2780,"comment_status":"open","ping_status":"open","sticky":false,"template":"","format":"standard","meta":{"footnotes":""},"categories":[6,86],"tags":[],"_links":{"self":[{"href":"https:\/\/www.uutispeili.fi\/index.php\/wp-json\/wp\/v2\/posts\/2936"}],"collection":[{"href":"https:\/\/www.uutispeili.fi\/index.php\/wp-json\/wp\/v2\/posts"}],"about":[{"href":"https:\/\/www.uutispeili.fi\/index.php\/wp-json\/wp\/v2\/types\/post"}],"author":[{"embeddable":true,"href":"https:\/\/www.uutispeili.fi\/index.php\/wp-json\/wp\/v2\/users\/3"}],"replies":[{"embeddable":true,"href":"https:\/\/www.uutispeili.fi\/index.php\/wp-json\/wp\/v2\/comments?post=2936"}],"version-history":[{"count":4,"href":"https:\/\/www.uutispeili.fi\/index.php\/wp-json\/wp\/v2\/posts\/2936\/revisions"}],"predecessor-version":[{"id":2940,"href":"https:\/\/www.uutispeili.fi\/index.php\/wp-json\/wp\/v2\/posts\/2936\/revisions\/2940"}],"wp:featuredmedia":[{"embeddable":true,"href":"https:\/\/www.uutispeili.fi\/index.php\/wp-json\/wp\/v2\/media\/2780"}],"wp:attachment":[{"href":"https:\/\/www.uutispeili.fi\/index.php\/wp-json\/wp\/v2\/media?parent=2936"}],"wp:term":[{"taxonomy":"category","embeddable":true,"href":"https:\/\/www.uutispeili.fi\/index.php\/wp-json\/wp\/v2\/categories?post=2936"},{"taxonomy":"post_tag","embeddable":true,"href":"https:\/\/www.uutispeili.fi\/index.php\/wp-json\/wp\/v2\/tags?post=2936"}],"curies":[{"name":"wp","href":"https:\/\/api.w.org\/{rel}","templated":true}]}}