{"id":2887,"date":"2024-08-20T08:16:22","date_gmt":"2024-08-20T08:16:22","guid":{"rendered":"https:\/\/www.uutispeili.fi\/?p=2887"},"modified":"2024-08-20T08:16:23","modified_gmt":"2024-08-20T08:16:23","slug":"golanilla-varhain-tanaan","status":"publish","type":"post","link":"https:\/\/www.uutispeili.fi\/index.php\/2024\/08\/20\/golanilla-varhain-tanaan\/","title":{"rendered":"Golanilla varhain t\u00e4n\u00e4\u00e4n&#8230;"},"content":{"rendered":"<p><strong>Golanin kukkuloiden alue pohjois-Israelissa on kriittinen, koska jotkut eiv\u00e4t pid\u00e4 siit\u00e4, ett\u00e4 israelilaiset ovat siell\u00e4. Alueelle sataa aina joskus raketteja, kun L\u00e4hi-Id\u00e4n tilanne on jostain syyst\u00e4 kiristynyt, tai er\u00e4\u00e4n Nasrallahin turbaani on ollut liian kire\u00e4ll\u00e4. Tai kuten meneill\u00e4\u00e4n olevan Hamasin ja Israelin selkkauksen aikana.<\/strong><\/p>\n<p>(Kuvan aineisto: Twitter, al-Manaar TV)<\/p>\n<p>Emme ole vaivautuneet useinkaan uutisoimaan n\u00e4it\u00e4 rutiinijuttuja. -Ehk\u00e4 olisi pit\u00e4nyt? Maailma tottuu jatkuvaan h\u00e4lyyn ihmisten tappamisesta, tai sen yritt\u00e4misest\u00e4. Emme saisi tehd\u00e4 niin, sill\u00e4 jokainen ihmishenki on arvokas. T\u00e4n\u00e4\u00e4n <strong>L\u00e4hi-Id\u00e4ss\u00e4<\/strong> k\u00e4yd\u00e4\u00e4n konkreettista sotaa, hirvitt\u00e4vin tuloksin, -ja meid\u00e4n kaikkien turvallisuutta uhaten.\u00a0 Kontrolloimaton eskalaatio voi johtaa <em>maailmansotaan<\/em>, eik\u00e4 minun tarvitse kertoa kenellek\u00e4\u00e4n, mit\u00e4 se tarkoittaa.<\/p>\n<p>Sotaa k\u00e4yd\u00e4\u00e4n my\u00f6s ihmisten mielist\u00e4: Mediassa, somessa ja kaikessa tiedonv\u00e4lityksess\u00e4. Jopa <em>oppikirjat<\/em>, joita suomalaistenkin rahoittamana on kustannettu <strong>Gazan<\/strong> kouluihin, ovat sis\u00e4lt\u00e4neet <em>vihapuhetta<\/em>. Seitsem\u00e4s lokakuutta 2023 n\u00e4htiin, mit\u00e4 vuosien vihankylv\u00f6 tuottaa: Terroristij\u00e4rjest\u00f6jen kommandot tunkeutuivat Israelin alueelle, tappaen ja tehden hirveyksi\u00e4. -Niit\u00e4 en halua avata t\u00e4h\u00e4n, tied\u00e4tte ne jo nyt, jos haluatte tiet\u00e4\u00e4.<\/p>\n<p>Usein j\u00e4\u00e4 kertomatta, ett\u00e4 <strong>Hamasin<\/strong> ja <strong>Palestiinan islamilaisen jihadin<\/strong> soturien per\u00e4ss\u00e4 <strong>Negev<\/strong>in kibbutzeihin ja er\u00e4\u00e4seen ulkoilmamusiikkitapahtumaan tunkeutuivat laumat ihan tavallisia gazalaisia,\u00a0 ilman sotilaallista koulutusta ja kuulumatta mihink\u00e4\u00e4n j\u00e4rjest\u00f6ihin. Israelilaiset raportit mainitsevat hy\u00f6kk\u00e4yksen toisen aallon koostuneen &#8217;<em>pikkurikollisista<\/em>&#8217;.<\/p>\n<p>Ne k\u00e4ytt\u00e4yttyiv\u00e4t, kuin v\u00e4kivaltarikolliset, ja niit\u00e4 oli noin tuhat. Israelin armeija, ehditty\u00e4\u00e4n vastata hy\u00f6kk\u00e4ykseen, eliminoi useimmat heist\u00e4. Toki, -juuri niinh\u00e4n terroristijohtajat olivat laskeneetkin. &#8221;<em>Tykinruokaa<\/em>&#8221; ja &#8221;<em>sodan romua<\/em>&#8221; ovat ne sanonnat.<\/p>\n<p>Korostetulla v\u00e4kivaltaisuudella ja py\u00f6ristytt\u00e4vill\u00e4 julmuuksilla hy\u00f6kk\u00e4\u00e4j\u00e4t -siis heid\u00e4t l\u00e4hett\u00e4neet johtajat- pyrkiv\u00e4t luomaan tilanteen, jossa Israelin p\u00e4\u00e4ministerin <strong>Benjamin Netanyahun<\/strong> on pakko vastata hy\u00f6kk\u00e4ykseen. Jotta Israelin puolustusvoimat, <strong>IDF<\/strong>, varmasti tulisi voimalla Gazaan, otettiin viel\u00e4 n. 250 panttivankia: &#8217;<em>Tulkaa hakemaan!<\/em>&#8217;<\/p>\n<blockquote><p>Netanyahu putosi h\u00e4nelle viritettyyn ansaan, ja k\u00e4ski IDF:n maahy\u00f6kk\u00e4ykseen. Toki,\u00a0 h\u00e4nell\u00e4 ei ollut vaihtoehtoja, mutta h\u00e4n antoi vastapuolen valita taistelukent\u00e4n, ja ajankohdan. -Yleens\u00e4 t\u00e4st\u00e4 on seurannut tappio.<\/p><\/blockquote>\n<p>Eilen maanantaina Netanyahu suostui <strong>Yhdysvaltain<\/strong> ulkoministerin <strong>Anthony Blinke<\/strong>nin &#8217;ehdotukseen&#8217; hyv\u00e4ksy\u00e4 31.05. esitetty &#8217;<em>Bidenin suunnitelma<\/em>&#8217;, -kolmivaiheinen rauhanprojekti. -Israelissa hiert\u00e4\u00e4 viel\u00e4 IDF:n poistuminen kokonaan ja lopullisesti Gazan kaistalta, -mutta kuka ne sinne alunperin k\u00e4ski t. tilasi?<\/p>\n<p>Olen v\u00e4h\u00e4sen pettynyt poliitikkoihin, jotka tyynnyttelev\u00e4t omaatuntoaan vaatimalla Suomea luopumaan <em><strong>puolustustarvike-kaupoista<\/strong><\/em> Israelin kanssa: Eiv\u00e4t israelilaiset siell\u00e4 sotaa yksin k\u00e4y. -Eik\u00e4 maailma ole mustavalkoinen! Jos sallitaan taannehtiminen, olisiko Suomen pit\u00e4nyt olla rahoittamatta &#8211;<strong>UNRWA<\/strong>:n tms. kautta niit\u00e4 <em>viha-oppikirjoja<\/em>? (Pyyd\u00e4n, ajatelkaa kahdesti!)<\/p>\n<h2>Golanilla t\u00e4n\u00e4\u00e4n aamulla<\/h2>\n<p>Tiistaiaamuna (20.08.)m klo 8.01 ja 08.02, annettiin useita rakettih\u00e4lytyksi\u00e4 <strong>Gadot<\/strong>issa, <strong>Hulat<\/strong>assa ja <strong>Yesud<\/strong> <strong>Hama&#8217;al<\/strong>assa <strong>Yl\u00e4-Galilea<\/strong>ssa ja <strong>Ortal<\/strong>issa <strong>Golanin kukkuloiden<\/strong> pohjoisosassa. Sittemmin laskettiin\u00a0noin 55 <strong>Hezbollah<\/strong>in asemista <strong>Libanon<\/strong>issa laukaistun ammuksen pudonneen Israelin alueelle. Osa torjuttiin, loput putosivat avoimille alueille. Henkil\u00f6vahingoista ei ole ilmoitettu, mutta tulipaloja on mainittu. Israelin ilmavoimat (IAF) iskiv\u00e4t laukaisualustoihin <strong>Al-Mansourin<\/strong> ja <strong>Al-Taybehin<\/strong> alueilla <strong>Etel\u00e4-Libanonissa<\/strong>.<\/p>\n<p><strong>Kidmat Zion<\/strong>in, <strong>Ein Zivan<\/strong>in, <strong>Ortal<\/strong>in, <strong>Merom Golan<\/strong>in ja <strong>Sha&#8217;al<\/strong>in hallintoalueiden asukkaita kehotettiin tiistaiaamuna pysym\u00e4\u00e4n turvahuoneiden l\u00e4hell\u00e4 ja v\u00e4ltt\u00e4m\u00e4\u00e4n liikkumista ulkotiloissa ja kokoontumisia. Rutiinia Israelissa, -ei siis mit\u00e4\u00e4n uutista. -Taas paikannimi\u00e4, jotka eiv\u00e4t sano meille mit\u00e4\u00e4n -kuten <strong>Be&#8217;er<\/strong> tai <strong>Butcha<\/strong>&#8211; mutta p\u00e4ivitt\u00e4isuutisten -niiden jotka ylitt\u00e4v\u00e4t uutiskynnyksen- ymm\u00e4rt\u00e4miseksi meid\u00e4n on hyv\u00e4 n\u00e4hd\u00e4 paikalliseen todellisuuteen.<\/p>\n<p>Arkip\u00e4iv\u00e4\u00e4 jossakin, vuodesta toiseen. Oikein hyv\u00e4\u00e4 tiistaita kaikille!<\/p>\n<p>Pekka Kemppainen<\/p>\n<p>Twiitin video avautuu uuteen v\u00e4lilehteen.<\/p>\n<p><a href=\"https:\/\/x.com\/BigBreakingWire\/status\/1825773837105193055\" target=\"_blank\" rel=\"noopener\"><img loading=\"lazy\" decoding=\"async\" class=\"size-full wp-image-2889 aligncenter\" src=\"https:\/\/www.uutispeili.fi\/wp-content\/uploads\/2024\/08\/golan20082024-tw.png\" alt=\"\" width=\"455\" height=\"422\" srcset=\"https:\/\/www.uutispeili.fi\/wp-content\/uploads\/2024\/08\/golan20082024-tw.png 455w, https:\/\/www.uutispeili.fi\/wp-content\/uploads\/2024\/08\/golan20082024-tw-300x278.png 300w\" sizes=\"(max-width: 455px) 100vw, 455px\" \/><\/a><\/p>\n<p>Luettavaa:<\/p>\n<ul>\n<li><a href=\"https:\/\/www.jpost.com\/breaking-news\/article-815453\" target=\"_blank\" rel=\"noopener\">The Jerusalem Post<\/a> 20.08. 2024,<\/li>\n<\/ul>\n","protected":false},"excerpt":{"rendered":"<p>Golanin kukkuloiden alue pohjois-Israelissa on kriittinen, koska jotkut eiv\u00e4t pid\u00e4 siit\u00e4, ett\u00e4 israelilaiset ovat siell\u00e4. Alueelle sataa aina joskus raketteja, kun L\u00e4hi-Id\u00e4n tilanne on jostain syyst\u00e4 kiristynyt, tai er\u00e4\u00e4n Nasrallahin turbaani on ollut liian kire\u00e4ll\u00e4. Tai kuten meneill\u00e4\u00e4n olevan Hamasin ja Israelin selkkauksen aikana. (Kuvan aineisto: Twitter, al-Manaar TV) Emme ole vaivautuneet useinkaan uutisoimaan n\u00e4it\u00e4 [&hellip;]<\/p>\n","protected":false},"author":3,"featured_media":2892,"comment_status":"open","ping_status":"open","sticky":false,"template":"","format":"standard","meta":{"footnotes":""},"categories":[21],"tags":[],"_links":{"self":[{"href":"https:\/\/www.uutispeili.fi\/index.php\/wp-json\/wp\/v2\/posts\/2887"}],"collection":[{"href":"https:\/\/www.uutispeili.fi\/index.php\/wp-json\/wp\/v2\/posts"}],"about":[{"href":"https:\/\/www.uutispeili.fi\/index.php\/wp-json\/wp\/v2\/types\/post"}],"author":[{"embeddable":true,"href":"https:\/\/www.uutispeili.fi\/index.php\/wp-json\/wp\/v2\/users\/3"}],"replies":[{"embeddable":true,"href":"https:\/\/www.uutispeili.fi\/index.php\/wp-json\/wp\/v2\/comments?post=2887"}],"version-history":[{"count":3,"href":"https:\/\/www.uutispeili.fi\/index.php\/wp-json\/wp\/v2\/posts\/2887\/revisions"}],"predecessor-version":[{"id":2893,"href":"https:\/\/www.uutispeili.fi\/index.php\/wp-json\/wp\/v2\/posts\/2887\/revisions\/2893"}],"wp:featuredmedia":[{"embeddable":true,"href":"https:\/\/www.uutispeili.fi\/index.php\/wp-json\/wp\/v2\/media\/2892"}],"wp:attachment":[{"href":"https:\/\/www.uutispeili.fi\/index.php\/wp-json\/wp\/v2\/media?parent=2887"}],"wp:term":[{"taxonomy":"category","embeddable":true,"href":"https:\/\/www.uutispeili.fi\/index.php\/wp-json\/wp\/v2\/categories?post=2887"},{"taxonomy":"post_tag","embeddable":true,"href":"https:\/\/www.uutispeili.fi\/index.php\/wp-json\/wp\/v2\/tags?post=2887"}],"curies":[{"name":"wp","href":"https:\/\/api.w.org\/{rel}","templated":true}]}}