{"id":2875,"date":"2024-08-19T14:33:15","date_gmt":"2024-08-19T14:33:15","guid":{"rendered":"https:\/\/www.uutispeili.fi\/?p=2875"},"modified":"2024-08-19T14:36:57","modified_gmt":"2024-08-19T14:36:57","slug":"intian-paaministeri-tapaa-zelenskin-ukrainassa-perjantaina","status":"publish","type":"post","link":"https:\/\/www.uutispeili.fi\/index.php\/2024\/08\/19\/intian-paaministeri-tapaa-zelenskin-ukrainassa-perjantaina\/","title":{"rendered":"Intian p\u00e4\u00e4ministeri tapaa Zelenskin Ukrainassa perjantaina"},"content":{"rendered":"<p><strong>Intian ulkoministeri\u00f6 ilmoittaa p\u00e4\u00e4ministerin\u00a0vierailevan Ukrainassa kuluvan viikon perjantaina.\u00a0 Meneill\u00e4\u00e4n oleva sota on puheenaiheiden joukossa.<\/strong><\/p>\n<p>(Kuvan aineisto: Intian UM, ANI.)<\/p>\n<p><strong>Intian<\/strong> p\u00e4\u00e4ministerin <strong>Narenda Modi<\/strong>n vierailu <strong>Ukrainassa<\/strong> 23.08. on ensimm\u00e4inen maiden 30 vuotisten diplomaattisuhteiden\u00a0 aikana. Intia, kuten mm. <strong>Kiina<\/strong>, ei ole liittynyt <strong>Ven\u00e4j\u00e4\u00e4n<\/strong> kohdistuviin kaupparajoitteisiin, ja ulkoministeri\u00f6n mukaan pyrkii s\u00e4ilytt\u00e4m\u00e4\u00e4n suhteet Ven\u00e4j\u00e4\u00e4n hyvin\u00e4.<\/p>\n<p><span style=\"font-size: revert; color: initial;\">Vierailun aikana keskustellaan erityisesti Ukrainan presidentin <\/span><strong style=\"font-size: revert; color: initial;\">Volodymyr Zelenskyi<\/strong><span style=\"font-size: revert; color: initial;\">n kanssa kahden- ja monenv\u00e4lisen yhteisty\u00f6n kysymyksist\u00e4.<\/span><\/p>\n<p><img loading=\"lazy\" decoding=\"async\" class=\"size-full wp-image-2878 aligncenter\" src=\"https:\/\/www.uutispeili.fi\/wp-content\/uploads\/2024\/08\/modi-ukraine000tw.png\" alt=\"\" width=\"817\" height=\"617\" srcset=\"https:\/\/www.uutispeili.fi\/wp-content\/uploads\/2024\/08\/modi-ukraine000tw.png 817w, https:\/\/www.uutispeili.fi\/wp-content\/uploads\/2024\/08\/modi-ukraine000tw-300x227.png 300w, https:\/\/www.uutispeili.fi\/wp-content\/uploads\/2024\/08\/modi-ukraine000tw-768x580.png 768w\" sizes=\"(max-width: 817px) 100vw, 817px\" \/><\/p>\n<blockquote><p>Ministeri <strong>Tanmaya Lal<\/strong> sanoo: &#8221;Intialla on aineelliset ja itsen\u00e4iset siteet sek\u00e4 Ven\u00e4j\u00e4\u00e4n ett\u00e4 Ukrainaan, ja n\u00e4m\u00e4 kumppanuudet, ne ovat roisistaan riippumattomia. T\u00e4m\u00e4 ei ole nollasummapeli. P\u00e4\u00e4ministeri on sek\u00e4 vieraillut Ven\u00e4j\u00e4ll\u00e4, ett\u00e4 on my\u00f6s tavannut presidentti Zelenskyin pari kertaa viimeisen vuoden aikana. He tapaavat nyt j\u00e4lleen Ukrainassa. Meneill\u00e4\u00e4n oleva konflikti tulee olemaan osa keskusteluja. Intia on toimittanut (Ukrainaan) l\u00e4\u00e4kkeist\u00e4 s\u00e4hk\u00f6generaattoreihin ja l\u00e4\u00e4ketieteellisiin laitteisiin on t\u00e4h\u00e4n menness\u00e4 toimitettu 135 tonnia, ja uusia aloitteita tutkitaan.&#8221; <a href=\"https:\/\/x.com\/ANI\/status\/1825522017866858598\" target=\"_blank\" rel=\"noopener\"><strong>ANI<\/strong><\/a> 19-08- 2024 <img loading=\"lazy\" decoding=\"async\" class=\"alignnone size-full wp-image-144\" src=\"https:\/\/www.uutispeili.fi\/wp-content\/uploads\/2023\/11\/di.gold_.gif\" alt=\"\" width=\"11\" height=\"11\" \/><\/p><\/blockquote>\n<p>Luettavaa:<\/p>\n<ul>\n<li><a href=\"https:\/\/indianexpress.com\/article\/india\/modi-ukraine-visit-foreign-ministry-9521780\/\" target=\"_blank\" rel=\"noopener\">The Indian Express<\/a> 19.08. 2024,<\/li>\n<li><a href=\"https:\/\/x.com\/ANI\/status\/1825527877237903703\" target=\"_blank\" rel=\"noopener\">ANI, Twitter<\/a> 19.08. 2024,<\/li>\n<\/ul>\n","protected":false},"excerpt":{"rendered":"<p>Intian ulkoministeri\u00f6 ilmoittaa p\u00e4\u00e4ministerin\u00a0vierailevan Ukrainassa kuluvan viikon perjantaina.\u00a0 Meneill\u00e4\u00e4n oleva sota on puheenaiheiden joukossa. (Kuvan aineisto: Intian UM, ANI.) Intian p\u00e4\u00e4ministerin Narenda Modin vierailu Ukrainassa 23.08. on ensimm\u00e4inen maiden 30 vuotisten diplomaattisuhteiden\u00a0 aikana. Intia, kuten mm. Kiina, ei ole liittynyt Ven\u00e4j\u00e4\u00e4n kohdistuviin kaupparajoitteisiin, ja ulkoministeri\u00f6n mukaan pyrkii s\u00e4ilytt\u00e4m\u00e4\u00e4n suhteet Ven\u00e4j\u00e4\u00e4n hyvin\u00e4. Vierailun aikana keskustellaan erityisesti [&hellip;]<\/p>\n","protected":false},"author":3,"featured_media":2879,"comment_status":"open","ping_status":"open","sticky":false,"template":"","format":"standard","meta":{"footnotes":""},"categories":[71,7],"tags":[],"_links":{"self":[{"href":"https:\/\/www.uutispeili.fi\/index.php\/wp-json\/wp\/v2\/posts\/2875"}],"collection":[{"href":"https:\/\/www.uutispeili.fi\/index.php\/wp-json\/wp\/v2\/posts"}],"about":[{"href":"https:\/\/www.uutispeili.fi\/index.php\/wp-json\/wp\/v2\/types\/post"}],"author":[{"embeddable":true,"href":"https:\/\/www.uutispeili.fi\/index.php\/wp-json\/wp\/v2\/users\/3"}],"replies":[{"embeddable":true,"href":"https:\/\/www.uutispeili.fi\/index.php\/wp-json\/wp\/v2\/comments?post=2875"}],"version-history":[{"count":4,"href":"https:\/\/www.uutispeili.fi\/index.php\/wp-json\/wp\/v2\/posts\/2875\/revisions"}],"predecessor-version":[{"id":2881,"href":"https:\/\/www.uutispeili.fi\/index.php\/wp-json\/wp\/v2\/posts\/2875\/revisions\/2881"}],"wp:featuredmedia":[{"embeddable":true,"href":"https:\/\/www.uutispeili.fi\/index.php\/wp-json\/wp\/v2\/media\/2879"}],"wp:attachment":[{"href":"https:\/\/www.uutispeili.fi\/index.php\/wp-json\/wp\/v2\/media?parent=2875"}],"wp:term":[{"taxonomy":"category","embeddable":true,"href":"https:\/\/www.uutispeili.fi\/index.php\/wp-json\/wp\/v2\/categories?post=2875"},{"taxonomy":"post_tag","embeddable":true,"href":"https:\/\/www.uutispeili.fi\/index.php\/wp-json\/wp\/v2\/tags?post=2875"}],"curies":[{"name":"wp","href":"https:\/\/api.w.org\/{rel}","templated":true}]}}