{"id":2841,"date":"2024-08-16T18:03:36","date_gmt":"2024-08-16T18:03:36","guid":{"rendered":"https:\/\/www.uutispeili.fi\/?p=2841"},"modified":"2024-08-16T18:04:51","modified_gmt":"2024-08-16T18:04:51","slug":"2841","status":"publish","type":"post","link":"https:\/\/www.uutispeili.fi\/index.php\/2024\/08\/16\/2841\/","title":{"rendered":"Gazan rauhanneuvottelu p\u00e4\u00e4ttyi Dohassa, ja jatkuu ensi viikolla Kairossa, &#8221;sopimus l\u00e4hell\u00e4&#8221;"},"content":{"rendered":"<p><strong>Neuvottelut tulitauosta Gazassa, ja Hamasin lokakuussa ottamien panttivankien vapauttamisesta, keskeytettiin t\u00e4n\u00e4\u00e4n perjantaina Dohassa Qatarissa, ja Israelin valtuuskunta matkusti kotiinsa. Ensi viikolla jatketaan Kairossa. T\u00e4n\u00e4\u00e4n oli neuvotteluiden toinen p\u00e4iv\u00e4.<\/strong><\/p>\n<p>Neuvotteluihin Dohassa osallistuivat I<strong>srael<\/strong>, <strong>Yhdysvallat<\/strong>, <strong>Qatar<\/strong> ja <strong>Egypti<\/strong>. <strong>Hamas<\/strong> ei osallistu suoraan neuvotteluun, mutta pidet\u00e4\u00e4n ajan tasalla. Hamasin politbyroon j\u00e4sen <strong>Hossam Badran<\/strong> syytti Israelia tulitauon solmimisen haittaamisesta toimillaan <strong>Gaza<\/strong>ssa. Israelin valtuuskuntaan kuuluivat tiedustelupalvelu <strong>Mossadi<\/strong>n johtaja <strong>David Barnea<\/strong>, sis\u00e4isen turvallisuuspalvelun p\u00e4\u00e4llikk\u00f6 <strong>Ronen Bar<\/strong> ja armeijan edustaja <strong>Nitzan Alon<\/strong>.<\/p>\n<p>Yhdysvaltoja edusti <strong>CIA<\/strong>:n johtaja <strong>Bill Burn<\/strong>s ja Yhdysvaltain L\u00e4hi-id\u00e4n l\u00e4hettil\u00e4s <strong>Brett McGurk<\/strong>.\u00a0 Qatarin edustajat olivat p\u00e4\u00e4ministeri <strong>Sheikh Mohammed bin Abdulrahman Al Thani<\/strong> ja Egypti\u00e4 edusti tiedustelup\u00e4\u00e4llikk\u00f6 <strong>Abbas Kamel<\/strong>.<\/p>\n<p>Yhdysvallat esitt\u00e4\u00e4 seyraavassa Kairon-tapaamisessa uuden ehdotuksen, jolla pyrit\u00e4\u00e4n nopeuttamaan sopimista. Israelin valtuuskunta palaa kotiin perjantaina. Israelin p\u00e4\u00e4ministerin <strong>Benjamin Netanjahu<\/strong> tapaa Yhdysvaltain ulkoministerin <strong>Antony Blinken<\/strong>in maanantaina (19.08.).<\/p>\n<p>Israel on yh\u00e4 kannassaan, ett\u00e4 <em>rauha on mahdollinen vain, jos Hamas tuhotaan<\/em>. Hamas katsoo, ett\u00e4\u00a0 vain pysyv\u00e4 tulitauko on hyv\u00e4ksytt\u00e4viss\u00e4, -v\u00e4liaikainen ei kelpaa. Israelilaisten panttivankien ja heit\u00e4 vastaan vapautettavien palestiinalaisten vankien lukum\u00e4\u00e4r\u00e4 ja henkil\u00f6llisyys ovat edelleen kiistanalaisia. Israel haluaa itse valvoa Gazan ja Egyptin v\u00e4list\u00e4 rajaa, ja palestiinalaisten vapaa liikkuminen Gazan sis\u00e4ll\u00e4 on ratkaisematta.<\/p>\n<p>L\u00e4hi-Id\u00e4n tilanne kiristyi \u200b\u200bHamasin johtajan <strong>Ismail Haniyeh<\/strong>in salamurhan <strong>Teheran<\/strong>issa (31.07.) j\u00e4lkeen. Sek\u00e4 <strong>Iran<\/strong>in ett\u00e4 Israelin on pel\u00e4tty ryhtyv\u00e4n kostotoimiin toisiaan kohtaan\u00a0 Haniyehin murhan j\u00e4lkeen. Yhdysvallat on kehottanut molempia maita v\u00e4ltt\u00e4m\u00e4\u00e4n koston kierrett\u00e4. Iranin ohjus-iskua Israeliin pel\u00e4t\u00e4\u00e4n, ja Yhdysvaltain sotalaivoja on saapunut l\u00e4hivesille alueelle puolustamaan\u00a0 tarvittaessa Israelia.<\/p>\n<p>Est\u00e4\u00e4kseen tilanteen\u00a0 k\u00e4rjistymist\u00e4 Yhdysvallat ja <strong>Englanti<\/strong> ovat tuominneet jyrkin sanoin israelilaisten siirtokuntalaisten hy\u00f6kk\u00e4ykset palestiinalaissiviilej\u00e4 vastaan \u200b\u200b<strong>L\u00e4nsirannalla<\/strong>.<\/p>\n<p><em>The Washington Post<\/em>in mukaan Qatarin p\u00e4\u00e4ministeri Mohammed al-Thani oli pyyt\u00e4nyt Iranin johtajilta,\u00a0 ettei Iran hy\u00f6kk\u00e4\u00e4 Israeliin -kostamaan Haniyehia- kesken meneill\u00e4\u00e4n olevan neuvottelukierroksen. Lehden mukaan <strong>Hezbollah<\/strong>in edustaja on antanut samansis\u00e4lt\u00f6isen lausunnon, liittyen toimiin Israelia vastaan.<\/p>\n<p>Yhdysvaltain presidentti <strong>Joe Biden<\/strong> kertoi perjantaina uskovansa neuvotteluratkaisun olevan l\u00e4hell\u00e4. Sopimus n\u00e4ytt\u00e4\u00e4 syntyv\u00e4n Bidenin 31.05. esitt\u00e4m\u00e4n kolmikohtaisen rauhansuunnitelman mukaisena. <img loading=\"lazy\" decoding=\"async\" class=\"alignnone size-full wp-image-144\" src=\"https:\/\/www.uutispeili.fi\/wp-content\/uploads\/2023\/11\/di.gold_.gif\" alt=\"\" width=\"11\" height=\"11\" \/><\/p>\n<p>Luettavaa:<\/p>\n<ul>\n<li><a href=\"https:\/\/english.alarabiya.net\/News\/middle-east\/2024\/08\/16\/gaza-ceasefire-talks-to-resume-for-2nd-day-in-qatar-\" target=\"_blank\" rel=\"noopener\">Al-Arabiya<\/a> 16.08. 2024,<\/li>\n<li><a href=\"https:\/\/www.jpost.com\/breaking-news\/article-815063\" target=\"_blank\" rel=\"noopener\">The Jerusalem Post<\/a> 16.08. 2024: Israel toivoo Yhdysvaltojen painostuksen saavan Hamasin hyv\u00e4ksym\u00e4\u00e4n sopimuksen,<\/li>\n<li><a href=\"https:\/\/www.jpost.com\/breaking-news\/article-815049\" target=\"_blank\" rel=\"noopener\">The Jerusalem Post<\/a> 16.08. 2024,<\/li>\n<\/ul>\n<blockquote class=\"wp-embedded-content\" data-secret=\"6pwAkPnSj6\"><p><a href=\"https:\/\/www.uutispeili.fi\/index.php\/2024\/07\/16\/hamas-ei-torju-bidenin-rauhansuunnitelmaa-sanoo-jarjeston-johtaja\/\">Hamas ei torju Bidenin rauhansuunnitelmaa, sanoo j\u00e4rjest\u00f6n johtaja<\/a><\/p><\/blockquote>\n<p><iframe class=\"wp-embedded-content\" sandbox=\"allow-scripts\" security=\"restricted\" style=\"position: absolute; clip: rect(1px, 1px, 1px, 1px);\" title=\"&#8221;Hamas ei torju Bidenin rauhansuunnitelmaa, sanoo j\u00e4rjest\u00f6n johtaja&#8221; &#8212; \" src=\"https:\/\/www.uutispeili.fi\/index.php\/2024\/07\/16\/hamas-ei-torju-bidenin-rauhansuunnitelmaa-sanoo-jarjeston-johtaja\/embed\/#?secret=CJSK1mEgdx#?secret=6pwAkPnSj6\" data-secret=\"6pwAkPnSj6\" width=\"600\" height=\"338\" frameborder=\"0\" marginwidth=\"0\" marginheight=\"0\" scrolling=\"no\"><\/iframe><\/p>\n<blockquote class=\"wp-embedded-content\" data-secret=\"yMJrizHg1u\"><p><a href=\"https:\/\/www.uutispeili.fi\/index.php\/2024\/08\/03\/kysymys-kuuluu-kuka-hallinnoi-gazan-kaistaa-pysyvan-aselevon-jalkeen\/\">Kysymys kuuluu: Kuka hallinnoi Gazan kaistaa pysyv\u00e4n aselevon j\u00e4lkeen?<\/a><\/p><\/blockquote>\n<p><iframe class=\"wp-embedded-content\" sandbox=\"allow-scripts\" security=\"restricted\" style=\"position: absolute; clip: rect(1px, 1px, 1px, 1px);\" title=\"&#8221;Kysymys kuuluu: Kuka hallinnoi Gazan kaistaa pysyv\u00e4n aselevon j\u00e4lkeen?&#8221; &#8212; \" src=\"https:\/\/www.uutispeili.fi\/index.php\/2024\/08\/03\/kysymys-kuuluu-kuka-hallinnoi-gazan-kaistaa-pysyvan-aselevon-jalkeen\/embed\/#?secret=ZtfQGO4sO7#?secret=yMJrizHg1u\" data-secret=\"yMJrizHg1u\" width=\"600\" height=\"338\" frameborder=\"0\" marginwidth=\"0\" marginheight=\"0\" scrolling=\"no\"><\/iframe><\/p>\n<blockquote class=\"wp-embedded-content\" data-secret=\"3tOppsNS6N\"><p><a href=\"https:\/\/www.uutispeili.fi\/index.php\/2024\/07\/23\/gazan-rauhan-nakymat-muuttuvat-nopeaan-tahtiin\/\">Gazan rauhan-n\u00e4kym\u00e4t muuttuvat nopeaan tahtiin<\/a><\/p><\/blockquote>\n<p><iframe class=\"wp-embedded-content\" sandbox=\"allow-scripts\" security=\"restricted\" style=\"position: absolute; clip: rect(1px, 1px, 1px, 1px);\" title=\"&#8221;Gazan rauhan-n\u00e4kym\u00e4t muuttuvat nopeaan tahtiin&#8221; &#8212; \" src=\"https:\/\/www.uutispeili.fi\/index.php\/2024\/07\/23\/gazan-rauhan-nakymat-muuttuvat-nopeaan-tahtiin\/embed\/#?secret=AwupUgQpKR#?secret=3tOppsNS6N\" data-secret=\"3tOppsNS6N\" width=\"600\" height=\"338\" frameborder=\"0\" marginwidth=\"0\" marginheight=\"0\" scrolling=\"no\"><\/iframe><\/p>\n<blockquote class=\"wp-embedded-content\" data-secret=\"NwIMzdqOwP\"><p><a href=\"https:\/\/www.uutispeili.fi\/index.php\/2024\/08\/10\/mika-oli-hamasin-ja-lavrovin-keskustelunaihe-moskovassa-12-9-2022-ja-kenen-varpaille-haniyeh-talloi\/\">Mik\u00e4 oli Hamasin ja Lavrovin keskustelunaihe Moskovassa 12.9. 2022, -ja kenen varpaille Haniyeh talloi?<\/a><\/p><\/blockquote>\n<p><iframe class=\"wp-embedded-content\" sandbox=\"allow-scripts\" security=\"restricted\" style=\"position: absolute; clip: rect(1px, 1px, 1px, 1px);\" title=\"&#8221;Mik\u00e4 oli Hamasin ja Lavrovin keskustelunaihe Moskovassa 12.9. 2022, -ja kenen varpaille Haniyeh talloi?&#8221; &#8212; \" src=\"https:\/\/www.uutispeili.fi\/index.php\/2024\/08\/10\/mika-oli-hamasin-ja-lavrovin-keskustelunaihe-moskovassa-12-9-2022-ja-kenen-varpaille-haniyeh-talloi\/embed\/#?secret=RvlCqkp8xC#?secret=NwIMzdqOwP\" data-secret=\"NwIMzdqOwP\" width=\"600\" height=\"338\" frameborder=\"0\" marginwidth=\"0\" marginheight=\"0\" scrolling=\"no\"><\/iframe><\/p>\n<blockquote class=\"wp-embedded-content\" data-secret=\"6dBxD8xXaf\"><p><a href=\"https:\/\/www.uutispeili.fi\/index.php\/2024\/07\/31\/hamasin-poliittisen-johtajan-salamurha-saa-sodan-osapuolet-kaivautumaan-poteroihinsa\/\">Hamasin poliittisen johtajan salamurha saa sodan osapuolet kaivautumaan poteroihinsa<\/a><\/p><\/blockquote>\n<p><iframe class=\"wp-embedded-content\" sandbox=\"allow-scripts\" security=\"restricted\" style=\"position: absolute; clip: rect(1px, 1px, 1px, 1px);\" title=\"&#8221;Hamasin poliittisen johtajan salamurha saa sodan osapuolet kaivautumaan poteroihinsa&#8221; &#8212; \" src=\"https:\/\/www.uutispeili.fi\/index.php\/2024\/07\/31\/hamasin-poliittisen-johtajan-salamurha-saa-sodan-osapuolet-kaivautumaan-poteroihinsa\/embed\/#?secret=WwE1ERBIxE#?secret=6dBxD8xXaf\" data-secret=\"6dBxD8xXaf\" width=\"600\" height=\"338\" frameborder=\"0\" marginwidth=\"0\" marginheight=\"0\" scrolling=\"no\"><\/iframe><\/p>\n","protected":false},"excerpt":{"rendered":"<p>Neuvottelut tulitauosta Gazassa, ja Hamasin lokakuussa ottamien panttivankien vapauttamisesta, keskeytettiin t\u00e4n\u00e4\u00e4n perjantaina Dohassa Qatarissa, ja Israelin valtuuskunta matkusti kotiinsa. Ensi viikolla jatketaan Kairossa. T\u00e4n\u00e4\u00e4n oli neuvotteluiden toinen p\u00e4iv\u00e4. Neuvotteluihin Dohassa osallistuivat Israel, Yhdysvallat, Qatar ja Egypti. Hamas ei osallistu suoraan neuvotteluun, mutta pidet\u00e4\u00e4n ajan tasalla. Hamasin politbyroon j\u00e4sen Hossam Badran syytti Israelia tulitauon solmimisen haittaamisesta [&hellip;]<\/p>\n","protected":false},"author":3,"featured_media":1366,"comment_status":"open","ping_status":"open","sticky":false,"template":"","format":"standard","meta":{"footnotes":""},"categories":[71,7],"tags":[],"_links":{"self":[{"href":"https:\/\/www.uutispeili.fi\/index.php\/wp-json\/wp\/v2\/posts\/2841"}],"collection":[{"href":"https:\/\/www.uutispeili.fi\/index.php\/wp-json\/wp\/v2\/posts"}],"about":[{"href":"https:\/\/www.uutispeili.fi\/index.php\/wp-json\/wp\/v2\/types\/post"}],"author":[{"embeddable":true,"href":"https:\/\/www.uutispeili.fi\/index.php\/wp-json\/wp\/v2\/users\/3"}],"replies":[{"embeddable":true,"href":"https:\/\/www.uutispeili.fi\/index.php\/wp-json\/wp\/v2\/comments?post=2841"}],"version-history":[{"count":3,"href":"https:\/\/www.uutispeili.fi\/index.php\/wp-json\/wp\/v2\/posts\/2841\/revisions"}],"predecessor-version":[{"id":2844,"href":"https:\/\/www.uutispeili.fi\/index.php\/wp-json\/wp\/v2\/posts\/2841\/revisions\/2844"}],"wp:featuredmedia":[{"embeddable":true,"href":"https:\/\/www.uutispeili.fi\/index.php\/wp-json\/wp\/v2\/media\/1366"}],"wp:attachment":[{"href":"https:\/\/www.uutispeili.fi\/index.php\/wp-json\/wp\/v2\/media?parent=2841"}],"wp:term":[{"taxonomy":"category","embeddable":true,"href":"https:\/\/www.uutispeili.fi\/index.php\/wp-json\/wp\/v2\/categories?post=2841"},{"taxonomy":"post_tag","embeddable":true,"href":"https:\/\/www.uutispeili.fi\/index.php\/wp-json\/wp\/v2\/tags?post=2841"}],"curies":[{"name":"wp","href":"https:\/\/api.w.org\/{rel}","templated":true}]}}