{"id":2833,"date":"2024-08-15T22:46:15","date_gmt":"2024-08-15T22:46:15","guid":{"rendered":"https:\/\/www.uutispeili.fi\/?p=2833"},"modified":"2024-08-15T22:47:49","modified_gmt":"2024-08-15T22:47:49","slug":"saako-ukraina-kayttaa-amerikkalaisia-aseita-kurskin-operaatiossa","status":"publish","type":"post","link":"https:\/\/www.uutispeili.fi\/index.php\/2024\/08\/15\/saako-ukraina-kayttaa-amerikkalaisia-aseita-kurskin-operaatiossa\/","title":{"rendered":"Saako Ukraina k\u00e4ytt\u00e4\u00e4 amerikkalaisia aseita Kurskin-operaatiossa?"},"content":{"rendered":"<p><strong>Ukraina tunkeutui Kurskin alueella Ven\u00e4j\u00e4n maaper\u00e4lle, -ilmeisesti kysym\u00e4tt\u00e4 lupaa. Nyt on her\u00e4nnyt keskustelua, olisiko lupa menn\u00e4 Ven\u00e4j\u00e4lle pit\u00e4nyt kysy\u00e4 Washingtonista.<\/strong><\/p>\n<p><strong>Ukrainan<\/strong> joukkojen (vasta)hy\u00f6kk\u00e4ys <strong>Ven\u00e4j\u00e4lle<\/strong>, ja maa-alueen haltuunotto n\u00e4ytt\u00e4\u00e4 olevan kevennysoperaatio Ven\u00e4j\u00e4n toisaalla tapahtuvan etenemisen heikent\u00e4miseksi. Niinp\u00e4 <strong>Yhdysvallat<\/strong>, jolla n\u00e4kyy olevan tapana asettaa limiittej\u00e4, miten heid\u00e4n l\u00e4hett\u00e4mi\u00e4\u00e4n aseita saa k\u00e4ytt\u00e4\u00e4, tulkitsee tapahtuneen luvalliseksi puolustustoimeksi.<\/p>\n<p>Amerikkalaiset viranomaiset sanovat pit\u00e4v\u00e4ns\u00e4 Ukrainan tavoitteita <strong>Kurski<\/strong>n operaatiossa &#8221;ep\u00e4selvin\u00e4&#8221;:<\/p>\n<blockquote><p>&#8221;T\u00e4m\u00e4 mutkistaa politiikkaa sit\u00e4 enemm\u00e4n, mit\u00e4 enemm\u00e4n he etenev\u00e4t Ven\u00e4j\u00e4lle ilman m\u00e4\u00e4riteltyj\u00e4 ehtoja&#8221;, sanoi nimett\u00f6m\u00e4n\u00e4 pysyttelev\u00e4 amerikkalainen virkamies.<\/p><\/blockquote>\n<p>-No voi hellanduudelis!<\/p>\n<blockquote><p>Toinen virkamies sanoi, ett\u00e4 Washingtonin asepolitiikkaa ei ole suunniteltu sallimaan Ukrainan hy\u00f6k\u00e4t\u00e4 Ven\u00e4j\u00e4lle, vaikka Kiova teknisesti noudattaa n\u00e4it\u00e4 rajoituksia. T\u00e4m\u00e4n seurauksena presidentti <strong>Joe<\/strong> <strong>Biden<\/strong>in hallinto ei h\u00e4nen mukaansa ole ottanut vahvaa julkista kantaa tukeakseen tai tuomitakseen operaation.<\/p><\/blockquote>\n<p><strong>Kes\u00e4ll\u00e4 1944<\/strong> suomalaiset panssarintorjujat s\u00f6iv\u00e4t <strong>Karjalan Kannaksella<\/strong> amerikkalaista s\u00e4ilykelihaa -suoraan purkista ja joskus viel\u00e4 sopivasti l\u00e4mmitettyn\u00e4kin- pys\u00e4ytetyist\u00e4 p-vaunuista evakuoituna, eik\u00e4 kukaan kysynyt, saako &#8221;<em>set\u00e4-Stalin<\/em>&#8221; k\u00e4ytt\u00e4\u00e4 amerikkalaisia aseita ja provianttia <strong>Suomea<\/strong> vastaan.<\/p>\n<p>Mist\u00e4 t\u00e4m\u00e4nkertainen herkk\u00e4hipi\u00e4isyys? -Onko siell\u00e4 jenkeiss\u00e4 koko porukka jo <em>woketettu<\/em> pilalle? <img loading=\"lazy\" decoding=\"async\" class=\"alignnone size-full wp-image-144\" src=\"https:\/\/www.uutispeili.fi\/wp-content\/uploads\/2023\/11\/di.gold_.gif\" alt=\"\" width=\"11\" height=\"11\" \/><\/p>\n<p>T\u00e4ss\u00e4 kuvassa ainakin ukrainalaisen k\u00e4yt\u00f6ss\u00e4 on (turvallisesti) viime maailmansodan aikainen amerikkalainen kevyt konekiv\u00e4\u00e4ri <strong>M2 Browning<\/strong>:<\/p>\n<p><a href=\"https:\/\/x.com\/visegrad24\/status\/1518239143381319681\" target=\"_blank\" rel=\"noopener\"><img loading=\"lazy\" decoding=\"async\" class=\"size-full wp-image-2834 aligncenter\" src=\"https:\/\/www.uutispeili.fi\/wp-content\/uploads\/2024\/08\/us.kk-ukraina000tw.png\" alt=\"\" width=\"599\" height=\"449\" srcset=\"https:\/\/www.uutispeili.fi\/wp-content\/uploads\/2024\/08\/us.kk-ukraina000tw.png 599w, https:\/\/www.uutispeili.fi\/wp-content\/uploads\/2024\/08\/us.kk-ukraina000tw-300x225.png 300w\" sizes=\"(max-width: 599px) 100vw, 599px\" \/><\/a><\/p>\n<p>(Linkki videoon avautuu uuteen v\u00e4lilehteen.)<\/p>\n<p>Luettavaa:<\/p>\n<ul>\n<li><a href=\"https:\/\/www.eurointegration.com.ua\/news\/2024\/08\/15\/7192195\/\" target=\"_blank\" rel=\"noopener\">Europeiska Pravda<\/a> 15.08. 2024,<\/li>\n<li><a href=\"https:\/\/x.com\/visegrad24\/status\/1824111681414234534\/photo\/1\" target=\"_blank\" rel=\"noopener\">https:\/\/x.com\/visegrad24\/status\/1824111681414234534\/photo\/1<\/a><\/li>\n<\/ul>\n<blockquote class=\"wp-embedded-content\" data-secret=\"aSbIaqjugU\"><p><a href=\"https:\/\/www.uutispeili.fi\/index.php\/2024\/08\/13\/ukrainalla-hallussaan-n-1000-neliokilometria-venajaa\/\">Ukrainalla hallussaan n. 1000 neli\u00f6kilometri\u00e4 Ven\u00e4j\u00e4\u00e4<\/a><\/p><\/blockquote>\n<p><iframe class=\"wp-embedded-content\" sandbox=\"allow-scripts\" security=\"restricted\" style=\"position: absolute; clip: rect(1px, 1px, 1px, 1px);\" title=\"&#8221;Ukrainalla hallussaan n. 1000 neli\u00f6kilometri\u00e4 Ven\u00e4j\u00e4\u00e4&#8221; &#8212; \" src=\"https:\/\/www.uutispeili.fi\/index.php\/2024\/08\/13\/ukrainalla-hallussaan-n-1000-neliokilometria-venajaa\/embed\/#?secret=nRUjSkgcTI#?secret=aSbIaqjugU\" data-secret=\"aSbIaqjugU\" width=\"600\" height=\"338\" frameborder=\"0\" marginwidth=\"0\" marginheight=\"0\" scrolling=\"no\"><\/iframe><\/p>\n<blockquote class=\"wp-embedded-content\" data-secret=\"HTt5Bg82A4\"><p><a href=\"https:\/\/www.uutispeili.fi\/index.php\/2024\/07\/24\/ukrainan-ulkoministeri-keskiviikkona-kiinassa-rauhan-mahdollisuutta-etsittiin\/\">Ukrainan ulkoministeri keskiviikkona Kiinassa, rauhan mahdollisuutta etsittiin<\/a><\/p><\/blockquote>\n<p><iframe class=\"wp-embedded-content\" sandbox=\"allow-scripts\" security=\"restricted\" style=\"position: absolute; clip: rect(1px, 1px, 1px, 1px);\" title=\"&#8221;Ukrainan ulkoministeri keskiviikkona Kiinassa, rauhan mahdollisuutta etsittiin&#8221; &#8212; \" src=\"https:\/\/www.uutispeili.fi\/index.php\/2024\/07\/24\/ukrainan-ulkoministeri-keskiviikkona-kiinassa-rauhan-mahdollisuutta-etsittiin\/embed\/#?secret=ghzYg9sVbA#?secret=HTt5Bg82A4\" data-secret=\"HTt5Bg82A4\" width=\"600\" height=\"338\" frameborder=\"0\" marginwidth=\"0\" marginheight=\"0\" scrolling=\"no\"><\/iframe><\/p>\n","protected":false},"excerpt":{"rendered":"<p>Ukraina tunkeutui Kurskin alueella Ven\u00e4j\u00e4n maaper\u00e4lle, -ilmeisesti kysym\u00e4tt\u00e4 lupaa. Nyt on her\u00e4nnyt keskustelua, olisiko lupa menn\u00e4 Ven\u00e4j\u00e4lle pit\u00e4nyt kysy\u00e4 Washingtonista. Ukrainan joukkojen (vasta)hy\u00f6kk\u00e4ys Ven\u00e4j\u00e4lle, ja maa-alueen haltuunotto n\u00e4ytt\u00e4\u00e4 olevan kevennysoperaatio Ven\u00e4j\u00e4n toisaalla tapahtuvan etenemisen heikent\u00e4miseksi. Niinp\u00e4 Yhdysvallat, jolla n\u00e4kyy olevan tapana asettaa limiittej\u00e4, miten heid\u00e4n l\u00e4hett\u00e4mi\u00e4\u00e4n aseita saa k\u00e4ytt\u00e4\u00e4, tulkitsee tapahtuneen luvalliseksi puolustustoimeksi. Amerikkalaiset viranomaiset [&hellip;]<\/p>\n","protected":false},"author":3,"featured_media":2836,"comment_status":"open","ping_status":"open","sticky":false,"template":"","format":"standard","meta":{"footnotes":""},"categories":[21],"tags":[],"_links":{"self":[{"href":"https:\/\/www.uutispeili.fi\/index.php\/wp-json\/wp\/v2\/posts\/2833"}],"collection":[{"href":"https:\/\/www.uutispeili.fi\/index.php\/wp-json\/wp\/v2\/posts"}],"about":[{"href":"https:\/\/www.uutispeili.fi\/index.php\/wp-json\/wp\/v2\/types\/post"}],"author":[{"embeddable":true,"href":"https:\/\/www.uutispeili.fi\/index.php\/wp-json\/wp\/v2\/users\/3"}],"replies":[{"embeddable":true,"href":"https:\/\/www.uutispeili.fi\/index.php\/wp-json\/wp\/v2\/comments?post=2833"}],"version-history":[{"count":3,"href":"https:\/\/www.uutispeili.fi\/index.php\/wp-json\/wp\/v2\/posts\/2833\/revisions"}],"predecessor-version":[{"id":2838,"href":"https:\/\/www.uutispeili.fi\/index.php\/wp-json\/wp\/v2\/posts\/2833\/revisions\/2838"}],"wp:featuredmedia":[{"embeddable":true,"href":"https:\/\/www.uutispeili.fi\/index.php\/wp-json\/wp\/v2\/media\/2836"}],"wp:attachment":[{"href":"https:\/\/www.uutispeili.fi\/index.php\/wp-json\/wp\/v2\/media?parent=2833"}],"wp:term":[{"taxonomy":"category","embeddable":true,"href":"https:\/\/www.uutispeili.fi\/index.php\/wp-json\/wp\/v2\/categories?post=2833"},{"taxonomy":"post_tag","embeddable":true,"href":"https:\/\/www.uutispeili.fi\/index.php\/wp-json\/wp\/v2\/tags?post=2833"}],"curies":[{"name":"wp","href":"https:\/\/api.w.org\/{rel}","templated":true}]}}