{"id":2810,"date":"2024-08-13T18:22:28","date_gmt":"2024-08-13T18:22:28","guid":{"rendered":"https:\/\/www.uutispeili.fi\/?p=2810"},"modified":"2024-08-14T13:19:57","modified_gmt":"2024-08-14T13:19:57","slug":"britannia-tanaan-ihmiset-ovat-kaduilla-miksi-video","status":"publish","type":"post","link":"https:\/\/www.uutispeili.fi\/index.php\/2024\/08\/13\/britannia-tanaan-ihmiset-ovat-kaduilla-miksi-video\/","title":{"rendered":"Britannia T\u00e4n\u00e4\u00e4n: Ihmiset ovat kaduilla, miksi? (VIDEO)"},"content":{"rendered":"<p><strong>T\u00e4n\u00e4\u00e4n ,kuvattu video n\u00e4ytt\u00e4\u00e4 tavallisia brittej\u00e4 -joukossa maahanmuuttajiakin- mielt\u00e4\u00e4n osoittamassa, ja haastateltuina. Kuva siit\u00e4, ketk\u00e4 ovat kaduilla, ja miksi he ovat siell\u00e4, muodostuu erilaiseksi, kuin uutisissa, joissa mielenosoittajat esitet\u00e4\u00e4n &#8221;<em>\u00e4\u00e4rioikeistolaisina<\/em>&#8221;.<\/strong><\/p>\n<p>(Kuva-aineisto ja videol\u00e4hetys: Traweller-kanava\/Youtube.)<\/p>\n<p>&#8217;Mellakkapornoa&#8217;, -palavia poliisiautoja yms.- l\u00f6ytyy somesta yllin-kyllin, mutta n\u00e4yt\u00e4mme teille muuta: Britti-sotaveteraanin, joka kuittaa syyt\u00f6kset &#8221;\u00e4\u00e4rioikeistolaisuudesta:<\/p>\n<blockquote class=\"twitter-tweet\" data-width=\"550\" data-dnt=\"true\">\n<p lang=\"en\" dir=\"ltr\">I served my country in the Falklands War &amp; Northern Ireland According to <a href=\"https:\/\/twitter.com\/Keir_Starmer?ref_src=twsrc%5Etfw\">@Keir_Starmer<\/a> <\/p>\n<p>Apparently I \u2019m a \u2018far right thug\u2019 <\/p>\n<p>I want to follow fellow \u2018far right thuggish\u2019 ordinary UK citizens<\/p>\n<p>Please like,repost and follow \u2764\ufe0f<a href=\"https:\/\/twitter.com\/hashtag\/FarRightThugsUnite?src=hash&amp;ref_src=twsrc%5Etfw\">#FarRightThugsUnite<\/a> <a href=\"https:\/\/twitter.com\/hashtag\/TwoTierKeir?src=hash&amp;ref_src=twsrc%5Etfw\">#TwoTierKeir<\/a> <a href=\"https:\/\/t.co\/Tkjtrw251o\">pic.twitter.com\/Tkjtrw251o<\/a><\/p>\n<p>&mdash; Rogue_Gunner12 (@Rogue_Gunner12) <a href=\"https:\/\/twitter.com\/Rogue_Gunner12\/status\/1819781648843469179?ref_src=twsrc%5Etfw\">August 3, 2024<\/a><\/p><\/blockquote>\n<p><script async src=\"https:\/\/platform.twitter.com\/widgets.js\" charset=\"utf-8\"><\/script><\/p>\n<p><strong>Englannissa, Skotlannissa, Pohjois-Irlannissa<\/strong> ja <strong>Irlannissa<\/strong> kansa tuli kaduille suuttuneina lasten puukottamisesta <strong>Southport<\/strong>issa Englannissa. T\u00e4m\u00e4n j\u00e4lkeenkin on lapsiin kohdistunut &#8217;<em>veitsihy\u00f6kk\u00e4yksi\u00e4<\/em>&#8217;, -viimeksi <strong>Lontoo<\/strong>ssa. Kadulla haastateltu -kovin ty\u00f6v\u00e4enluokkaisen-oloinen- keski-ik\u00e4inen britti-mies toteaa: &#8221;<em>Britanniassahan on kuullemma ty\u00f6v\u00e4enpuolue hallituksessa<\/em>&#8221;. -N\u00e4in k\u00e4y, kun suuttumuksen annetaan kasautua, tai siihen vastataan selityksill\u00e4.<\/p>\n<p>Totta, suuttuneet britit tekev\u00e4t ei-niin-viisaita tekoja, emmek\u00e4 halua kirjoittaa niin, ett\u00e4 se yllytt\u00e4isi ket\u00e4\u00e4n mellakoimaan. -Mainitsin &#8217;<em>\u00e4\u00e4rioikeiston<\/em>&#8217;? -En toki ensimm\u00e4isen\u00e4 t\u00e4m\u00e4n ceissin yhteydess\u00e4, -Brittihallituskin taisi jo tehd\u00e4 sen. Nostankin esiin asiantuntijan kommentin, vuosikymmenien takaa, valottamaan &#8217;\u00e4\u00e4rioikeistoa&#8217;, ja miten siihen ei pid\u00e4 suhtautua:<\/p>\n<blockquote><p>&#8221;Sen sijaan me etsimme tapoja, joilla voisimme saattaa heid\u00e4t yhden toisensa j\u00e4lkeen arveluttavaan valoon, ja mahdollisimman tukalaan tilanteeseen &#8230; kunnes <strong>lopulta j\u00e4ljelle j\u00e4\u00e4 vain\u00a0 sokea viha<\/strong> &#8230; ja poliittinen k\u00f6mpelyys, jota ensimm\u00e4inen teille osuva <strong>poliittinen demagogi<\/strong> voi k\u00e4ytt\u00e4\u00e4 hyv\u00e4kseen, ja p\u00e4\u00e4st\u00e4\u00e4 valloilleen kansan raivon. &#8230; (jatkan siteeraamista tuonnempana, -malttakaa.)<\/p><\/blockquote>\n<p>Kirjoittaja on sveitsil\u00e4inen diplomaatti ja historiantutkija <strong>Carl J. Burchardt<\/strong>, ja vuosi oli <strong>1925<\/strong>. -Onko siit\u00e4 n\u00e4in kauan? N\u00e4ink\u00f6 v\u00e4h\u00e4n olemme oppineet?<\/p>\n<p>Vaikka Burchardt puhuu aivan eri toimijoista, kuin vihaisista briteist\u00e4 vuonna 2024, h\u00e4nen analyysinsa osuu, ja ennusteensa -jonka toteutumisen olemme jo n\u00e4hneet liiankin totena- etsii uusia kohteita ennakoitaviksi. Sveitsil\u00e4isen sadan vuoden takainen ennustus koski <strong>Saksaa<\/strong> ja saksalaisia: Diplomaatti ja tutkija\u00a0 n\u00e4ki pahat merkit ensimm\u00e4isen maailmansodan voittajien kyykytt\u00e4ess\u00e4 sodanj\u00e4lkeisen\u00a0 &#8217;<strong><em>Weimarin<\/em><\/strong> <strong><em>Saksan<\/em><\/strong>&#8217; sosialidemokraattista hallitusta, heikent\u00e4en sen arvovaltaa, kyky\u00e4 huolehtia kansalaistensa hyvinvoinnista, ja kyky\u00e4 vastata em. sitaatin demagogille, kunhan h\u00e4n ilmaantuu. -Ja ilmaantuikin.<\/p>\n<p>Demagogi tuli, n\u00e4ki ja otti Saksan. -J\u00e4lkiviisas on helppo olla, mutta muidenkin kuin Burchardtin olisi pit\u00e4nyt pit\u00e4\u00e4 silm\u00e4ns\u00e4 auki sata vuotta sitten. -Oliko se 50 miljoonaa ihmishenke\u00e4, jotka menetettiin? -ja paljon muutakin.<\/p>\n<p>&#8217;<em>\u00c4\u00e4rioikeistosta<\/em>&#8217; huutaminen on helppoa, -ja henkil\u00f6n ylemmyydentuntoa nostattavaa, mutta olisiko parempi tapa kysy\u00e4, mik\u00e4 kaduille l\u00e4hteneit\u00e4 ahdistaa? -Jos heille ei vastata, he tulevat uudestaan, -ja demagogit l\u00e4henev\u00e4t. Aika jatkaa siteeraamista:<\/p>\n<blockquote><p>&#8230; Ensimm\u00e4inen teille osuva <strong>poliittinen demagogi<\/strong> voi k\u00e4ytt\u00e4\u00e4 (vihaa) hyv\u00e4kseen, ja p\u00e4\u00e4st\u00e4\u00e4 valloilleen kansan raivon, jota l\u00e4nsi sitten pit\u00e4\u00e4 pahimpana vaarana koko maailmalle, &#8230; vaikka todellinen uhka onkin nousemassa t\u00e4m\u00e4n saksalaisen (v.1925) julkisivun takana, <strong>It\u00e4meren<\/strong> ja <strong>Tyynenmeren<\/strong> v\u00e4lill\u00e4. (Molemmat sitaatit: Sivu 32, <strong>Reinhard Gehlen<\/strong>: Vuosisadan vakooja, Kirjayhtym\u00e4 1972, ISBN 951-26-0119-2)<\/p><\/blockquote>\n<p>Burchardtin varoitus sopii sellaisenaan uutisointiin ja kommentointiin, jossa <strong>Kanaalin<\/strong> yli kumiveneiss\u00e4 tulevien laittomien maahanmuuttajien v\u00e4kivaltaiseen r\u00f6yhkeyteen kyll\u00e4styneet britit -miksei suomalaisetkin?- leimataan &#8221;\u00e4\u00e4rioikeistoksi&#8221;, -tai mit\u00e4 nyt tuleekin mieleen.<\/p>\n<p>Opitaan, niin menneisyys ei toistu. <img loading=\"lazy\" decoding=\"async\" class=\"alignnone size-full wp-image-144\" src=\"https:\/\/www.uutispeili.fi\/wp-content\/uploads\/2023\/11\/di.gold_.gif\" alt=\"\" width=\"11\" height=\"11\" \/><\/p>\n<p><iframe loading=\"lazy\" title=\"You Won't Believe What's Happening in Britain Right Now!\" src=\"https:\/\/www.youtube.com\/embed\/MT4W2sn9w8A\" width=\"640\" height=\"360\" frameborder=\"0\" allowfullscreen=\"allowfullscreen\"><\/iframe><\/p>\n<p>Pidempi video:<\/p>\n<ul>\n<li><a href=\"https:\/\/youtu.be\/MsgTTsQIgiM\" target=\"_blank\" rel=\"noopener\">https:\/\/youtu.be\/MsgTTsQIgiM<\/a> (Linkki avautuu uuteen v\u00e4lilehteen),<\/li>\n<li>https:\/\/x.com\/RadioGenoa\/status\/1823265054009053326<\/li>\n<\/ul>\n","protected":false},"excerpt":{"rendered":"<p>T\u00e4n\u00e4\u00e4n ,kuvattu video n\u00e4ytt\u00e4\u00e4 tavallisia brittej\u00e4 -joukossa maahanmuuttajiakin- mielt\u00e4\u00e4n osoittamassa, ja haastateltuina. Kuva siit\u00e4, ketk\u00e4 ovat kaduilla, ja miksi he ovat siell\u00e4, muodostuu erilaiseksi, kuin uutisissa, joissa mielenosoittajat esitet\u00e4\u00e4n &#8221;\u00e4\u00e4rioikeistolaisina&#8221;. (Kuva-aineisto ja videol\u00e4hetys: Traweller-kanava\/Youtube.) &#8217;Mellakkapornoa&#8217;, -palavia poliisiautoja yms.- l\u00f6ytyy somesta yllin-kyllin, mutta n\u00e4yt\u00e4mme teille muuta: Britti-sotaveteraanin, joka kuittaa syyt\u00f6kset &#8221;\u00e4\u00e4rioikeistolaisuudesta: I served my country in [&hellip;]<\/p>\n","protected":false},"author":3,"featured_media":2814,"comment_status":"open","ping_status":"open","sticky":false,"template":"","format":"standard","meta":{"footnotes":""},"categories":[7],"tags":[],"_links":{"self":[{"href":"https:\/\/www.uutispeili.fi\/index.php\/wp-json\/wp\/v2\/posts\/2810"}],"collection":[{"href":"https:\/\/www.uutispeili.fi\/index.php\/wp-json\/wp\/v2\/posts"}],"about":[{"href":"https:\/\/www.uutispeili.fi\/index.php\/wp-json\/wp\/v2\/types\/post"}],"author":[{"embeddable":true,"href":"https:\/\/www.uutispeili.fi\/index.php\/wp-json\/wp\/v2\/users\/3"}],"replies":[{"embeddable":true,"href":"https:\/\/www.uutispeili.fi\/index.php\/wp-json\/wp\/v2\/comments?post=2810"}],"version-history":[{"count":4,"href":"https:\/\/www.uutispeili.fi\/index.php\/wp-json\/wp\/v2\/posts\/2810\/revisions"}],"predecessor-version":[{"id":2826,"href":"https:\/\/www.uutispeili.fi\/index.php\/wp-json\/wp\/v2\/posts\/2810\/revisions\/2826"}],"wp:featuredmedia":[{"embeddable":true,"href":"https:\/\/www.uutispeili.fi\/index.php\/wp-json\/wp\/v2\/media\/2814"}],"wp:attachment":[{"href":"https:\/\/www.uutispeili.fi\/index.php\/wp-json\/wp\/v2\/media?parent=2810"}],"wp:term":[{"taxonomy":"category","embeddable":true,"href":"https:\/\/www.uutispeili.fi\/index.php\/wp-json\/wp\/v2\/categories?post=2810"},{"taxonomy":"post_tag","embeddable":true,"href":"https:\/\/www.uutispeili.fi\/index.php\/wp-json\/wp\/v2\/tags?post=2810"}],"curies":[{"name":"wp","href":"https:\/\/api.w.org\/{rel}","templated":true}]}}