{"id":2475,"date":"2024-07-10T11:03:28","date_gmt":"2024-07-10T11:03:28","guid":{"rendered":"https:\/\/www.uutispeili.fi\/?p=2475"},"modified":"2024-07-10T22:40:19","modified_gmt":"2024-07-10T22:40:19","slug":"sdp-laittaa-viidennen-kolonnansa-seinaa-vasten","status":"publish","type":"post","link":"https:\/\/www.uutispeili.fi\/index.php\/2024\/07\/10\/sdp-laittaa-viidennen-kolonnansa-seinaa-vasten\/","title":{"rendered":"SDP laittaa viidennen kolonnansa sein\u00e4\u00e4 vasten"},"content":{"rendered":"<p><strong>Perjantaina Suomen eduskunta \u00e4\u00e4nest\u00e4\u00e4 yhdest\u00e4 sotien j\u00e4lkeen t\u00e4rkeimm\u00e4st\u00e4 valinnasta eli nk. k\u00e4\u00e4nnytyslaista. Aiemmat olivat EU- ja NATO-\u00e4\u00e4nestys.<\/strong><\/p>\n<p>(Kuvaan k\u00e4ytetty eduskunnan ja Suomen edustuston Moskovassa aineistoa.)<\/p>\n<p>My\u00f6s t\u00e4m\u00e4 \u00e4\u00e4nestys olisi pit\u00e4nyt antaa kansan p\u00e4\u00e4tett\u00e4v\u00e4ksi, kuten <strong>EU<\/strong>-\u00e4\u00e4nestyskin, <strong>NATO<\/strong>:sta oli kansalla niin suuri yhteinen n\u00e4kemys, ett\u00e4 kansan\u00e4\u00e4nestyst\u00e4 ei ollut tarve j\u00e4rjest\u00e4\u00e4, kun yli 95 %:a eduskunnasta oli j\u00e4senyyden puolella.<\/p>\n<p>K\u00e4\u00e4nnytyslaissa sen sijaan ollaan kuilun partaalla, sill\u00e4 saattaa hyvinkin olla, ett\u00e4 tarvittava 5\/6 enemmist\u00f6 lain taakse j\u00e4\u00e4 saamatta. Kansasta kuitenkin mielipidetiedustelun mukaan 62 %:a puoltaa lakia, ja vain 17 %:a vastustaa. Jos &#8221;ei osaa sanoa&#8221;-kannalla olevat jakautuvat samassa suhteessa, niin 3\/4 suomalaisesta kannattaa k\u00e4\u00e4nnytyslakia, jolla siis estett\u00e4isiin <strong>Ven\u00e4j\u00e4n<\/strong> aikeet ajaa Suomeen satoja tuhansia -jopa miljoona- p\u00e4\u00e4osin 20-40 vuotiasta muslimimiest\u00e4 yli it\u00e4rajan. N\u00e4iden taustoista ei tiedet\u00e4 yht\u00e4\u00e4n mit\u00e4\u00e4n. -ovatko esimerkiksi <strong>ISIS<\/strong>:n sotilaita,<\/p>\n<h3>Kasvot muistiin<\/h3>\n<p>Demarien eduskuntaryhm\u00e4 on p\u00e4\u00e4tt\u00e4nyt, ett\u00e4 jokaisen joka aikoo kapinoida puolueen ylivoimaisen enemmist\u00f6n tahtoa eli k\u00e4\u00e4nnytyslakia vastaan, tulee ilmoittautua etuk\u00e4teen ja pyyt\u00e4\u00e4 lupa \u00e4\u00e4nest\u00e4\u00e4 -somalien puolesta suomalaisia vastaan-.<\/p>\n<p>T\u00e4m\u00e4 tarkoittanee sit\u00e4, ett\u00e4 jos n\u00e4m\u00e4 sosialidemokraattiset kansanedustajat aiheuttavat sen, ett\u00e4 k\u00e4\u00e4nnytyslaki kaatuu niin, SDP:ll\u00e4 on perusteltu oikeus kysy\u00e4: miksi n\u00e4m\u00e4 Putinin asialla olevat kansanedustajat p\u00e4\u00e4sisiv\u00e4t ehdokkaiksi seuraavissa eduskuntavaaleissa, saatikka -jos SDP menisi hallitukseen- tulisivat valituiksi ministereiksi.<\/p>\n<p>Se ainakin on selv\u00e4\u00e4, ett\u00e4 vaikka kukaan tuskin n\u00e4it\u00e4 luopiomaisesti k\u00e4ytt\u00e4ytyvi\u00e4 sylkee p\u00e4in naamaa, niin halveksunta on selv\u00e4 ja taatusti tulevat tuntemaan sen nahoissaan, eik\u00e4 eduskunnan \u00e4\u00e4nestyskartta anna armoa; Jokaisen nimi tulee esiin, \u00e4\u00e4nesti puolesta tai vastaan.<\/p>\n<p>On tietenkin viel\u00e4 se mahdollisuus, ett\u00e4 er\u00e4\u00e4nlaista passiivista vastarintaa voi esitt\u00e4\u00e4 \u00e4\u00e4nest\u00e4m\u00e4ll\u00e4 tyhj\u00e4\u00e4, joka tosin palvelee k\u00e4\u00e4nnytyslain voimaantuloa.<\/p>\n<p>T\u00e4m\u00e4 ei kuitenkaan toteutune, ainakaan se ei ole vaihtoehto esimerksiksi afgaanitaustaiselle kommunistiprofessorin tytt\u00e4relle <strong>Nazima Rasmyar<\/strong>ille. On muuten outoa, ett\u00e4 puolueensa tuore varapuheenjohtaja ensimm\u00e4isess\u00e4 tosipaikassa valitsee ulkomaalaisten edut h\u00e4nelle ja perheenj\u00e4senilleen tarjonneen maan etujen vastaisesti.<\/p>\n<h3>J\u00e4rkytt\u00e4v\u00e4n katastrofin uhka todellinen<\/h3>\n<p><strong>Suomen ulkomaan tiedustelun<\/strong> mukaan Ven\u00e4j\u00e4 kykenee halutessaan tunkemaan rajalle tulijoita tuhansia ihmisi\u00e4 muutamissa tunneissa -y\u00f6t\u00e4 p\u00e4iv\u00e4\u00e4. T\u00e4m\u00e4 tarkoittaa sit\u00e4, ett\u00e4 jos k\u00e4\u00e4nnytyslakia ei saada voimaan, niin &#8221;turvapaikanhakijoita&#8221; on meid\u00e4n puolellamme rajaa jo ensimm\u00e4isen viikon aika liki main 200 000. Kahdessa ja puolessa viikossa puoli miljoonaa.<\/p>\n<p>On pakko kysy\u00e4 mites sitten suu pannaan Nazima Rasmyar ja h\u00e4nen &#8221;<em>Don Quijotensa<\/em>&#8221;, toinen k\u00e4\u00e4nnytyslakia raivokkaasti vastustanut demari kansanedustaja <strong>Elisa Gebhard<\/strong> -Sanna Marinin entinen avustaja?<\/p>\n<p>Eiv\u00e4t n\u00e4m\u00e4, eiv\u00e4tk\u00e4 heid\u00e4n my\u00f6t\u00e4ilij\u00e4ns\u00e4, saatikka <strong>Vasemmistolliitto<\/strong> ja <strong>Vihre\u00e4t<\/strong>, pysty mitenk\u00e4\u00e4n tuohon huutoon vastaamaan, vaan mahdollisesti toteutuvasta katastrofista on koetettava niiden voimin selvit\u00e4, jotka yrittiv\u00e4t kaikin voimin sen est\u00e4\u00e4.<\/p>\n<p>On viimeiset hetket kaikilla tuon lain vastustajilla ymm\u00e4rt\u00e4\u00e4, ett\u00e4 t\u00e4m\u00e4 ei ole mik\u00e4\u00e4n yksi laki muiden joukossa, vaan t\u00e4m\u00e4 on Suomen valtion olemassaolon ja kansakunnan selvi\u00e4misen kohtalonkysymys.<\/p>\n<h3>Tuttavani: &#8221;<em>Jos olis diktaattori<\/em>&#8221;<\/h3>\n<p>Niin sanoi h\u00e4n,\u00a0 ett\u00e4 &#8221;<em>jos olisin diktaattori en p\u00e4\u00e4st\u00e4isi noita maanpettureita eduskuntaan \u00e4\u00e4nest\u00e4m\u00e4\u00e4n Suomen tuhon puolesta<\/em>&#8221;.<\/p>\n<p>Arvelen, ett\u00e4 aika moni suomalainen ajattelee samoin kuin tuo tuttuni, mutta ehk\u00e4 ei sent\u00e4\u00e4n tuohon tarvitse menn\u00e4, eik\u00e4 tietenk\u00e4\u00e4n lain mukaan saakaan. T\u00e4ytyy vain toivoa, ett\u00e4 j\u00e4rjen valo -sit\u00e4h\u00e4n ei t\u00e4ss\u00e4 asiassa vasemmistoliittolaisten ja vihreiden silmiss\u00e4 v\u00e4lky- loistaisi kuitenkin riitt\u00e4v\u00e4n monen sosiaalidemokraatin katseessa ja Is\u00e4nmaa pelastuisi. On selv\u00e4\u00e4, ett\u00e4 SDP:ll\u00e4 on nyt mahdollisuus pelastaa maa, ja muistaa sek\u00e4 kunnioittaa kansakunnan yhteist\u00e4 <em>Talvisodan henke\u00e4<\/em> jolloin sosiaalidemokraatit olivat erottamaton osa Suomen puolustusta. Nyt sit\u00e4 tarvitaan !<\/p>\n<p>Seppo Huhta<\/p>\n","protected":false},"excerpt":{"rendered":"<p>Perjantaina Suomen eduskunta \u00e4\u00e4nest\u00e4\u00e4 yhdest\u00e4 sotien j\u00e4lkeen t\u00e4rkeimm\u00e4st\u00e4 valinnasta eli nk. k\u00e4\u00e4nnytyslaista. Aiemmat olivat EU- ja NATO-\u00e4\u00e4nestys. (Kuvaan k\u00e4ytetty eduskunnan ja Suomen edustuston Moskovassa aineistoa.) My\u00f6s t\u00e4m\u00e4 \u00e4\u00e4nestys olisi pit\u00e4nyt antaa kansan p\u00e4\u00e4tett\u00e4v\u00e4ksi, kuten EU-\u00e4\u00e4nestyskin, NATO:sta oli kansalla niin suuri yhteinen n\u00e4kemys, ett\u00e4 kansan\u00e4\u00e4nestyst\u00e4 ei ollut tarve j\u00e4rjest\u00e4\u00e4, kun yli 95 %:a eduskunnasta oli j\u00e4senyyden [&hellip;]<\/p>\n","protected":false},"author":5,"featured_media":2476,"comment_status":"open","ping_status":"open","sticky":false,"template":"","format":"standard","meta":{"footnotes":""},"categories":[49],"tags":[],"_links":{"self":[{"href":"https:\/\/www.uutispeili.fi\/index.php\/wp-json\/wp\/v2\/posts\/2475"}],"collection":[{"href":"https:\/\/www.uutispeili.fi\/index.php\/wp-json\/wp\/v2\/posts"}],"about":[{"href":"https:\/\/www.uutispeili.fi\/index.php\/wp-json\/wp\/v2\/types\/post"}],"author":[{"embeddable":true,"href":"https:\/\/www.uutispeili.fi\/index.php\/wp-json\/wp\/v2\/users\/5"}],"replies":[{"embeddable":true,"href":"https:\/\/www.uutispeili.fi\/index.php\/wp-json\/wp\/v2\/comments?post=2475"}],"version-history":[{"count":2,"href":"https:\/\/www.uutispeili.fi\/index.php\/wp-json\/wp\/v2\/posts\/2475\/revisions"}],"predecessor-version":[{"id":2482,"href":"https:\/\/www.uutispeili.fi\/index.php\/wp-json\/wp\/v2\/posts\/2475\/revisions\/2482"}],"wp:featuredmedia":[{"embeddable":true,"href":"https:\/\/www.uutispeili.fi\/index.php\/wp-json\/wp\/v2\/media\/2476"}],"wp:attachment":[{"href":"https:\/\/www.uutispeili.fi\/index.php\/wp-json\/wp\/v2\/media?parent=2475"}],"wp:term":[{"taxonomy":"category","embeddable":true,"href":"https:\/\/www.uutispeili.fi\/index.php\/wp-json\/wp\/v2\/categories?post=2475"},{"taxonomy":"post_tag","embeddable":true,"href":"https:\/\/www.uutispeili.fi\/index.php\/wp-json\/wp\/v2\/tags?post=2475"}],"curies":[{"name":"wp","href":"https:\/\/api.w.org\/{rel}","templated":true}]}}