{"id":2472,"date":"2024-07-09T11:39:57","date_gmt":"2024-07-09T11:39:57","guid":{"rendered":"https:\/\/www.uutispeili.fi\/?p=2472"},"modified":"2024-07-09T12:19:06","modified_gmt":"2024-07-09T12:19:06","slug":"kaannytyslain-tarkoitus-itsenaiseen-valtioon-kohdistuvan-vihamielisen-toiminnan-torjuminen","status":"publish","type":"post","link":"https:\/\/www.uutispeili.fi\/index.php\/2024\/07\/09\/kaannytyslain-tarkoitus-itsenaiseen-valtioon-kohdistuvan-vihamielisen-toiminnan-torjuminen\/","title":{"rendered":"K\u00e4\u00e4nnytyslain tarkoitus itsen\u00e4iseen valtioon kohdistuvan vihamielisen toiminnan torjuminen"},"content":{"rendered":"<p><strong>N\u00e4in semminkin, vaikka se olisi tulkittavissa olevan v\u00e4liaikaisesti ristiriidassa kansainv\u00e4listen ihmisoikeussopimusten kanssa.<\/strong><\/p>\n<p>Nimen omaan t\u00e4t\u00e4 painotti <em>Hallintovaliokunnan<\/em> varapuheenjohtaja <strong>Pihla Keto-Huovinen<\/strong> (Kok.) esitelless\u00e4 eduskunnalle t\u00e4n\u00e4\u00e4n valiokunnan mietinn\u00f6n k\u00e4\u00e4nnytys laiksi.<\/p>\n<p>Valiokunnassa <strong>Vasemmistoliitto<\/strong> ja <strong>Vihre\u00e4t<\/strong> asettuivat lakia vastustamaa,n samoin kuin <em>perustuslakivaliokunnassa<\/em>.<\/p>\n<p>My\u00f6s <strong>SDP<\/strong>:n edustajista muutamien uskotaan \u00e4\u00e4nest\u00e4v\u00e4n lakia vastaan. Mutta riitt\u00e4\u00e4k\u00f6 se kaatamaan lain\u00a0 kiireelliseksi julistamisen, eli 5\/6 pit\u00e4isi olla lain takana, jotta se astuisi heti voimaan. Asiasta \u00e4\u00e4nestet\u00e4\u00e4n kuluvan viikon perjantaina ja jotta laki menisi l\u00e4pi sen pit\u00e4isi saada -jos sali on t\u00e4ynn\u00e4 -taakseen 166 edustajaa, -puhemies ei voi \u00e4\u00e4nest\u00e4\u00e4.<\/p>\n<h3>V\u00e4lineellistetty maahantulo -maahan ty\u00f6nt\u00e4minen- ei ole &#8221;turvapaikkapolitiikkaa!<\/h3>\n<p>Vasemmistoliiton ja Vihreiden edustajat aloittivat keskustelun syytt\u00e4m\u00e4ll\u00e4 v\u00e4litt\u00f6m\u00e4sti muita puolueita ihmisoikeuksien polkemisesta.<\/p>\n<p>Parin hy\u00f6kk\u00e4yspuheenvuoron j\u00e4lkeen niin demarien <strong>Tytti Tuppurainen<\/strong> kuin Keskustan <strong>Petri Honkonen<\/strong> muistuttivat, ett\u00e4 kysymyksess\u00e4 ei todellakaan ole mik\u00e4\u00e4n normaali turvapaikanhakutilanne, ja on totuuden vastaista v\u00e4itt\u00e4\u00e4 muuta.<\/p>\n<p>Hanna R\u00e4s\u00e4nen keskustasta muistutti,ett\u00e4 etenkin it\u00e4suomalaisena h\u00e4nest\u00e4 tilanne on huolestuttava.H\u00e4n my\u00f6s vakuutti,ett\u00e4 hallintovaliokunnassa -jonka j\u00e4sen h\u00e4n on- asiaa pohdittiin pitk\u00e4\u00e4n ja kaikilta kanteilta.<\/p>\n<h3>Vihreiden p\u00e4\u00e4satraappi -tyypilliseen tapaansa- tuomitsi jyrk\u00e4sti<\/h3>\n<p>Vihreiden puheenjohtaja <strong>Sofia Virta<\/strong> -odotusten mukaan- polki lakiesityksen mutaan, ja vaati EU:n tuloa mukaan. Sit\u00e4 h\u00e4n ei kertonut, miten se muuttaisi it\u00e4rajan tilannetta ja Ven\u00e4j\u00e4n toimia. Virta kuitenkin vaati, ett\u00e4 &#8221;<em>on etsitt\u00e4v\u00e4 muita keinoja kuin t\u00e4m\u00e4 laki<\/em>&#8221;.<\/p>\n<p><strong>Laura Meriluoto<\/strong> Vasemmistoliitosta v\u00e4itti, ett\u00e4 eduskunta hallitus, tasavallan presidentti ja Suomen valtio hyv\u00e4ksyess\u00e4\u00e4n t\u00e4m\u00e4n lain lopettaa kansainv\u00e4listen ihmisoikeussopimusten noudattamisen Meriluodon mielest\u00e4 t\u00e4m\u00e4 lakiesitys huonontaa Suomen turvallisuutta.<\/p>\n<p>Olennaista keskustelussa n\u00e4ytti olevan se, ett\u00e4 Vasemmistoliitto ja Vihre\u00e4t eiv\u00e4t tunnusta sit\u00e4, ett\u00e4 kysymys on Suomen ja suomalaisten turvallisuudesta. Vaikutti silt\u00e4, ett\u00e4 somalien turvapaikanhakuoikeus on noille puolueille t\u00e4rke\u00e4mpi kuin suomalaisten itsen\u00e4isyys ja henki.<\/p>\n<h3>SDP:n ylin johtaja ei antanut siimaa Vasemmistoliitolle ja Vihreille<\/h3>\n<p><strong>Antti Lindtman<\/strong>, SDP:n puheenjohtaja, teki omalta osaltaan selv\u00e4ksi sosiaalidemokraattien k\u00e4\u00e4nnytyslaille my\u00f6nteisen kannan, ja muistutti ett\u00e4 olemme tekemisiss\u00e4 valtion -siis Ven\u00e4j\u00e4n- kanssa, joka viimeksi eilen syyllistyi ala-arvoiseen terroritekoon iskem\u00e4ll\u00e4 ohjuksilla kiovalaiseen lastensairaalaan.<\/p>\n<h3>Biaudet yhtyi Vasemmistoon ja Vihreisiin<\/h3>\n<p>Niin kuin odottaa sopi, <strong>RKP<\/strong>:n kansanedustaja <strong>Eva Biaudet<\/strong> puhui lakia vastaan ehk\u00e4 jyrkemmin kuin Vasemmistoliiton ja Vihreiden edustajat yhteens\u00e4. On outoa, ett\u00e4 Biuadet on viel\u00e4 puolueensa j\u00e4sen, kun h\u00e4n on l\u00e4hes poikkeuksetta eri mielt\u00e4 oman eduskuntaryhm\u00e4ns\u00e4 ja hallituksen kanssa.<\/p>\n<h3>KD:n Sari Tanus palasi perusasioihin, -SDP:n Nasima Ramyar vaati hylk\u00e4\u00e4mist\u00e4<\/h3>\n<p><strong>Sari Tanus<\/strong> (KD) vetosi -aihellisesti- siihen, ett\u00e4 kansainv\u00e4liset sopimukset eiv\u00e4t huomioi v\u00e4lineellistetty\u00e4 maahanmuuttoa, ja tilanne on siis kv-lakien ulottumattomissa.<\/p>\n<p>Esimerkiksi 1949 solmittu <strong>Geneven<\/strong> sopimusnippu ei tunnista moista asiaa, ei tietenk\u00e4\u00e4n, koska se kirjoitettiin ensisijaisesti suojelemaan ymp\u00e4ri Eurooppaa II-maailmansodan j\u00e4lkeen harhailevia juutalaisia ja muita kodittomia ja maattomia.<\/p>\n<p><strong>Nasima Razmyar<\/strong> vaati muita &#8221;ty\u00f6kaluja&#8221;, mutta ei kuitenkaan esitt\u00e4nyt yht\u00e4k\u00e4\u00e4n, vaikka edustajatoverit h\u00e4nelt\u00e4 niit\u00e4 \u00e4\u00e4nekk\u00e4\u00e4stikin kyseliv\u00e4t. Helposti her\u00e4\u00e4kin ajatus, ett\u00e4 afgaanitaustaisella Razmyarilla ei ole mit\u00e4\u00e4n vaihtoehtoa laille, on vain kova tarve saada rajat auki maanmiehilleen tulla Suomeen.<\/p>\n<h3>Ben Zyskowicz muistutti, ett\u00e4 uhkakuvat eiv\u00e4t ole toteutuneet<\/h3>\n<p>T\u00e4ll\u00e4 h\u00e4n viittasi siihen, ett\u00e4 vaikka puoli vuotta sitten hyv\u00e4ksytty rajaturvallisuus laki, ja ennen muuta sen 16. pyk\u00e4l\u00e4 jolla it\u00e4raja suljettiin, sai ankaraa kritiikki\u00e4 Suomen oikeustieteen professoreilta vihreist\u00e4 ja Vasemmistoliitosta puhumattakaan,\u00a0 pelottelut kuinka <strong>Euroopan Unioni<\/strong> tulee saattamaan Suomen kansainv\u00e4lisiin oikeusistuimiin eiv\u00e4t toteutuneet.<\/p>\n<blockquote><p><strong>Ben Zyskowicz: <\/strong>&#8221;Yht\u00e4\u00e4n ainutta kannetta ei ole EU:sta p\u00e4in tullut, on ollut ihan hiljaista&#8221;.<\/p><\/blockquote>\n<p>Zyskowicz arveli, ett\u00e4 my\u00f6sk\u00e4\u00e4n kun t\u00e4m\u00e4 Suomen itsen\u00e4isyyden ja kansallisen turvallisuuden kannalta v\u00e4ltt\u00e4m\u00e4t\u00f6n laki hyv\u00e4ksyt\u00e4\u00e4n niin tuskin Euroopan Unioni hy\u00f6kk\u00e4\u00e4 Suomea vastaan, joka siis turvaa t\u00e4ll\u00e4 lailla suvereniteettinsa.<\/p>\n<p>Vihre\u00e4t v\u00e4ittiv\u00e4t <strong>Maria Ohisalon<\/strong> (Vihreiden ex-puheenjohtaja) suulla, ett\u00e4 Suomen hallitus kannattaa demokratiasta luopumista, eroa Euroopan Unionista, Ihmisoikeussopimuksista luopumista. Ohisalo siis asiallisesti ottaen syytti <strong>Petteri Orpon<\/strong> hallitusta <em>diktatuurista<\/em> ja vertasi sit\u00e4 Putinin hallintoon.<\/p>\n<p>Ohisalo ei tietenk\u00e4\u00e4n -niin kuin eiv\u00e4t muutakaan poikkeuslain vastustajat- esitt\u00e4nyt yht\u00e4\u00e4n ainoaa keinoa est\u00e4\u00e4 v\u00e4lineellistetty maahanmuutto.<\/p>\n<h3>K\u00e4\u00e4nnytyslain kaataminen voi maksaa Suomelle yhteiskuntarauhan menett\u00e4misen, -ja vuodessa sata miljardia euroa<\/h3>\n<p>Suomen tiedustelun mukaan,-jonka tuloksia Tasavallan presidentti <strong>Alexander Stubb<\/strong> viime viikolla referoi-Ven\u00e4j\u00e4ll\u00e4 on valmiudet ty\u00f6nt\u00e4\u00e4 meid\u00e4n it\u00e4rajallemme tuhansia henkil\u00f6it\u00e4 muutamassa tunnissa vuorokaudet ymp\u00e4riins\u00e4 eli kuukaudessa 700 000 tulijaa.<\/p>\n<p>T\u00e4m\u00e4 taas olettaen, ett\u00e4 se &#8221;j\u00e4isi&#8221; siihen niin kustannukset vuodessa nousisivat liki main sataan miljardiin euroon vuositasolla, puhumattakaan yhteiskuntarauhan hukkaamisesta.<\/p>\n<p><em><strong>Vuonna 2015<\/strong><\/em> tuli noin 35 000 &#8221;turvapaikanhakijaa&#8221; vuodessa, eli viisi prosenttia siit\u00e4 mik\u00e4 on tiedustelumme skenaario hybridity\u00f6nt\u00e4misest\u00e4, niin voi vain arvata sit\u00e4 rikosten -ennen muuta seksuaalirikosten- kasvua, samoin ry\u00f6st\u00f6jen ja murhien. N\u00e4in k\u00e4vi my\u00f6s 2015. Kun tuo 2015 hirveydet 20 kertaistetaan niin sanat eiv\u00e4t riit\u00e4.<\/p>\n<p><strong>Kokoomuksen<\/strong> kansanedustaja oululainen poliisimies <strong>Juha H\u00e4nninen<\/strong> kuittasi kaikkien Suomen itsen\u00e4isyytt\u00e4 puolustavien kansanedustajien tunnot kuittaamalla keskustelun : &#8221;<em>Min\u00e4 en halua, ett\u00e4 kasakka nauraa Oulun rotuaarilla tai Helsingin Senaatintorilla ja siksi t\u00e4m\u00e4 laki on hyv\u00e4ksytt\u00e4v\u00e4.<\/em>&#8221;<\/p>\n<p>Seppo Huhta<\/p>\n","protected":false},"excerpt":{"rendered":"<p>N\u00e4in semminkin, vaikka se olisi tulkittavissa olevan v\u00e4liaikaisesti ristiriidassa kansainv\u00e4listen ihmisoikeussopimusten kanssa. Nimen omaan t\u00e4t\u00e4 painotti Hallintovaliokunnan varapuheenjohtaja Pihla Keto-Huovinen (Kok.) esitelless\u00e4 eduskunnalle t\u00e4n\u00e4\u00e4n valiokunnan mietinn\u00f6n k\u00e4\u00e4nnytys laiksi. Valiokunnassa Vasemmistoliitto ja Vihre\u00e4t asettuivat lakia vastustamaa,n samoin kuin perustuslakivaliokunnassa. My\u00f6s SDP:n edustajista muutamien uskotaan \u00e4\u00e4nest\u00e4v\u00e4n lakia vastaan. Mutta riitt\u00e4\u00e4k\u00f6 se kaatamaan lain\u00a0 kiireelliseksi julistamisen, eli 5\/6 [&hellip;]<\/p>\n","protected":false},"author":5,"featured_media":2473,"comment_status":"open","ping_status":"open","sticky":false,"template":"","format":"standard","meta":{"footnotes":""},"categories":[49],"tags":[],"_links":{"self":[{"href":"https:\/\/www.uutispeili.fi\/index.php\/wp-json\/wp\/v2\/posts\/2472"}],"collection":[{"href":"https:\/\/www.uutispeili.fi\/index.php\/wp-json\/wp\/v2\/posts"}],"about":[{"href":"https:\/\/www.uutispeili.fi\/index.php\/wp-json\/wp\/v2\/types\/post"}],"author":[{"embeddable":true,"href":"https:\/\/www.uutispeili.fi\/index.php\/wp-json\/wp\/v2\/users\/5"}],"replies":[{"embeddable":true,"href":"https:\/\/www.uutispeili.fi\/index.php\/wp-json\/wp\/v2\/comments?post=2472"}],"version-history":[{"count":1,"href":"https:\/\/www.uutispeili.fi\/index.php\/wp-json\/wp\/v2\/posts\/2472\/revisions"}],"predecessor-version":[{"id":2474,"href":"https:\/\/www.uutispeili.fi\/index.php\/wp-json\/wp\/v2\/posts\/2472\/revisions\/2474"}],"wp:featuredmedia":[{"embeddable":true,"href":"https:\/\/www.uutispeili.fi\/index.php\/wp-json\/wp\/v2\/media\/2473"}],"wp:attachment":[{"href":"https:\/\/www.uutispeili.fi\/index.php\/wp-json\/wp\/v2\/media?parent=2472"}],"wp:term":[{"taxonomy":"category","embeddable":true,"href":"https:\/\/www.uutispeili.fi\/index.php\/wp-json\/wp\/v2\/categories?post=2472"},{"taxonomy":"post_tag","embeddable":true,"href":"https:\/\/www.uutispeili.fi\/index.php\/wp-json\/wp\/v2\/tags?post=2472"}],"curies":[{"name":"wp","href":"https:\/\/api.w.org\/{rel}","templated":true}]}}