{"id":2353,"date":"2024-07-02T13:37:35","date_gmt":"2024-07-02T13:37:35","guid":{"rendered":"https:\/\/www.uutispeili.fi\/?p=2353"},"modified":"2024-07-02T13:37:36","modified_gmt":"2024-07-02T13:37:36","slug":"itsenainen-suomi-vai-putinin-perustama-somalien-siirtomaa","status":"publish","type":"post","link":"https:\/\/www.uutispeili.fi\/index.php\/2024\/07\/02\/itsenainen-suomi-vai-putinin-perustama-somalien-siirtomaa\/","title":{"rendered":"Itsen\u00e4inen Suomi, vai Putinin perustama somalien siirtomaa"},"content":{"rendered":"<p><strong>Eduskunnan hallintovaliokunta koittaa j\u00e4lleen t\u00e4n\u00e4\u00e4n saada tolkkua ns. <em>k\u00e4\u00e4nnytyslain<\/em> kiemuroihin.<\/strong><\/p>\n<p><strong>Perustuslakivaliokunta<\/strong> sai asian jo kohtuu kohdalleen eli \u00e4\u00e4nin 15-2 hyv\u00e4ksyi hallituksen esityksen v\u00e4liaikaisesta turvapaikanhaun kielt\u00e4misest\u00e4 <strong>Ven\u00e4j\u00e4n<\/strong> ty\u00f6nt\u00e4ess\u00e4 maassa olevia <strong>L\u00e4hi-id\u00e4n<\/strong> ja <strong>Pohjois-Afrikan<\/strong> maiden kansalaisia Suomen it\u00e4rajan yli, ja oikeuskanslerikin on n\u00e4ytt\u00e4nyt sille vihre\u00e4\u00e4. Perustuslakivaliokunnassa vain <strong>Vihreiden<\/strong> ja <strong>Vasemmistoliiton<\/strong> edustajat ajoivat avoimien ovien politiikkaa.<\/p>\n<h3>Demareita yskitt\u00e4\u00e4, kun kansainv\u00e4lisi\u00e4 sopimuksia pit\u00e4isi joksikin aikaa hyllytt\u00e4\u00e4<\/h3>\n<p>Mutta <strong>sosiaalidemokraatit<\/strong>, jotka perustuslakivaliokunnassa seisoivat is\u00e4nmaallisessa rintamassa -yhdess\u00e4 Kokoomuksen, perussuomalaisten, Keskustan, RKP:n ,kristillisten ja Liike Nytin kanssa- kuin <em>tannerilaiset<\/em> aikoinaan, ovatkin nyt ryhtyneet v\u00e4nk\u00e4\u00e4m\u00e4\u00e4n ja esittelem\u00e4\u00e4n kantoja, joilla koko k\u00e4\u00e4nnytyslaki menett\u00e4\u00e4 merkityksens\u00e4. -ja ennen kaikkea vaikuttavuutensa.<\/p>\n<p>Asialla on nuorempi joukko demarien kansanedustajista: kuten esim. <strong>Elisa Gebhard<\/strong>, joka oli <strong>Sanna<\/strong> <strong>Marinin<\/strong> avustaja edellisess\u00e4 hallituksessa, vaasalainen sivari <strong>Matias M\u00e4kynen<\/strong>, ja tietysti afgaanitaustainen stalinistiprofessorin tyt\u00e4r <strong>Nazima Razmyar<\/strong>. Viime mainittu on tullut tunnetuksi viime vuosina ankarasta suomalaisten ja Suomen arvostelusta, suoranaisesta <em>Suomi vihasta<\/em>.<\/p>\n<p>Se mit\u00e4 tied\u00e4mme tuosta joukosta, joka on Suomeen pyrkim\u00e4ss\u00e4, ja jota ollaan t\u00e4nne ty\u00f6nt\u00e4m\u00e4ss\u00e4, niin suuri joukko on <em>afgaaneja<\/em>, eli Naziman toiminta on h\u00e4nen n\u00e4k\u00f6kulmastaan ymm\u00e4rrett\u00e4v\u00e4\u00e4, mutta Suomen n\u00e4k\u00f6kulmasta se ei ole hyv\u00e4ksytt\u00e4v\u00e4\u00e4.<\/p>\n<p>SDP:n \u00e4nkyr\u00e4t vetoavat joihinkin kansainv\u00e4lisiin sopimuksiin, jotka eiv\u00e4t tunnista mitenk\u00e4\u00e4n <em><strong>hybridisotaa<\/strong><\/em> mit\u00e4 Ven\u00e4j\u00e4 k\u00e4y Suomea vastaan.<\/p>\n<p>\u00c4\u00e4nekk\u00e4immin vedotaan vuonna <strong>1949<\/strong> solmittuihin <strong>Geneven sopimuksiin<\/strong>, joissa ei ole sanallakaan viitattu v\u00e4lineellistettyyn maahantuloon\/- ty\u00f6nt\u00e4miseen, mik\u00e4 on ymm\u00e4rrett\u00e4v\u00e4\u00e4, koska niiden taustalla -vuonna 49- oli juutalaisten puolustaminen ja uuden holokaustin v\u00e4ltt\u00e4minen.<\/p>\n<blockquote><p>Kaksisataaviisikymment\u00e4yksi suomalaistutkijaa vaatii rajoja auki, ja v\u00e4h\u00e4ttelee mahdollista- jopa miljoonien ihmisten- siirtolaisvy\u00f6ry\u00e4.<\/p><\/blockquote>\n<p><em>&#8221;Lain t\u00e4rkeytt\u00e4 perustellaan Ven\u00e4j\u00e4n aiheuttamalla v\u00e4lineellistetyn maahanmuuton uhalla, mutta hallitus ei ole pystynyt osoittamaan, miten turvapaikanhakijoiden m\u00e4\u00e4r\u00e4n kasvu sin\u00e4ns\u00e4 aiheuttaisi Suomelle vakavaa turvallisuusuhkaa.&#8221;<\/em><\/p>\n<p>Tuollaisella t\u00e4ysin per\u00e4tt\u00f6m\u00e4ll\u00e4 v\u00e4itteell\u00e4 n\u00e4m\u00e4 &#8221;<em>yliopistoherrat<\/em>&#8221; mm. perustelevat kapinaansa vaaleilla valittua eduskuntaa ja sen tukea nauttimaa hallitusta vastaan. Me tied\u00e4mme oikein hyvin omista kokemuksista, ja muun Euroopan kokemuksista, mit\u00e4 valtavat siirtolaisjoukot saivat ja saavat aikaan eri maissa.<\/p>\n<p>Hyv\u00e4ss\u00e4 muistissa ovat <strong>Oulun<\/strong> joukkoraiskaukset vuodelta 2018 ja 2022, jolloin taas tuli uusia. Me muistamme &#8221;<em>kunniamurhat<\/em>&#8221;, me saimme kuulla muutama p\u00e4iv\u00e4 sitten kuinka muuan &#8221;turvapaikanhakija&#8221; oli polttanut el\u00e4v\u00e4lt\u00e4 perheens\u00e4, eik\u00e4 ole sanottua etteik\u00f6 Vantaa &#8221;<em>saunapalo<\/em>&#8221; ollut my\u00f6skin aivan muuta kuin kerrottiin.<\/p>\n<p>Ja jokainen ymm\u00e4rt\u00e4\u00e4 -varsinkinkin korkeasti &#8221;sivistyneet&#8221; professorit ja muut &#8221;tutkijat&#8221;-, ett\u00e4 jos johonkin maahan vy\u00f6ryy toisesta maasta satoja tuhansia tai miljoonia p\u00e4\u00e4osin nuorehkoja miehi\u00e4 aivan toisesta kulttuurista ja uskonnosta niin, siit\u00e4 aiheutuu kuoleman vakavia konflikteja, raiskauksia, pahoinpitelyit\u00e4, ry\u00f6st\u00f6j\u00e4 ja murhia.<\/p>\n<p>Tuossa vaatimuskirjelm\u00e4ss\u00e4\u00e4n n\u00e4m\u00e4 251 ilmeisen paatunutta vihervasemmistolaista kehtaavat valehdella lis\u00e4\u00e4 edellisen lainauksen mukaisessa hengess\u00e4, ja viel\u00e4p\u00e4 sielt\u00e4 &#8221;<em>pukinsorkkakin<\/em>&#8221; vilahtelee, kun yritet\u00e4\u00e4n syyllist\u00e4\u00e4 <strong>Ukrainasta<\/strong> Suomeen sodan jaloista tulleita pakolaisia, joista 90 %:a on naisia ja lapsia, -p\u00e4in vastoin kuin Ven\u00e4j\u00e4lt\u00e4 tulevista 90 %:a on 20-40 v muslimi miehenpuolia, joiden sopeutuminen, saatikka kotouttaminen ei onnistu koskaan, niin kuin olemme jo 1990-luvun alusta n\u00e4hneet :<\/p>\n<blockquote><p>&#8221;Muistutamme, ett\u00e4 syksyll\u00e4 2015 Suomi selviytyi yli 35000 turvapaikanhakijan saapumisesta ilman, ett\u00e4 harkittiin ihmisoikeussopimusten noudattamisen hylk\u00e4\u00e4mist\u00e4. Suomi on my\u00f6s vastaanottanut yli 68000 Ukrainan sotaa paenneen tilap\u00e4isen suojelun hakemusta helmikuun 2022 j\u00e4lkeen ilman mainittavaa kriisi\u00e4&#8221;.<\/p><\/blockquote>\n<p>Ukrainasta tulleet eiv\u00e4t ole aiheuttaneet mink\u00e4\u00e4nlaista kriisi\u00e4, he kun opiskelevat suomea, lapset ovat koulussa ja harvat miehet joita joukossa on, ovat ty\u00f6ss\u00e4 tai ty\u00f6harjoittelussa- Sit\u00e4 paitsi ukrainalaiset ovat kristittyj\u00e4. Mutta n\u00e4ist\u00e4, joista &#8221;kirjelm\u00f6itsij\u00e4t &#8221; puhuvat, on aiheutunut kriisej\u00e4 joka ikinen p\u00e4iv\u00e4. Esimerkiksi nyt <strong>Saksassa<\/strong> meneill\u00e4\u00e4n olevien <strong>jalkapallon EM-kisojen<\/strong> aikana on tehty useita puutotuksia &#8221;<em>alienien<\/em>&#8221; toimesta.<\/p>\n<h3>Kapinatutkijoilla ei ole mink\u00e4\u00e4nlaista asiantuntemusta k\u00e4\u00e4nnytyslain tai maahantunkeutumisen suhteen<\/h3>\n<p>On hyv\u00e4 muistaa, ett\u00e4 syksyll\u00e4 kun n\u00e4it\u00e4 Ven\u00e4j\u00e4n avustamia polkupy\u00f6r\u00e4-kolonnia saapui Suomen rajalle, niin he itse asiasta kuultuna kertoivat, ett\u00e4 ensinn\u00e4kin ovat <strong>Afganistanista<\/strong>, <strong>Irakista<\/strong>, <strong>Iranista<\/strong>, <strong>Marokosta<\/strong> ja <strong>Somaliasta<\/strong>. Monet heist\u00e4 olivat asuneet ennen t\u00e4nne tunkemistaan jo kymmenen vuotta ihan kaikessa rauhassa Ven\u00e4j\u00e4ll\u00e4, ja osa oli ollut siell\u00e4 jo vuosia t\u00f6iss\u00e4kin. Eli tarvetta mihink\u00e4\u00e4n turvapaikkaan ei ole.<\/p>\n<p>Ja Suomen ulkomaantiedustelun tiedustelun mukaan on selv\u00e4\u00e4, ett\u00e4 my\u00f6s uudet tulijat olisivat samaa sakkia: Ven\u00e4j\u00e4ll\u00e4 heit\u00e4 asuu kymmenen miljoonaa ( siis 10 000 000).<\/p>\n<p>Tiedustelumme oli my\u00f6s kertonut tasavallan presidentti <strong>Alexander Stubb<\/strong>ille, ett\u00e4 Ven\u00e4j\u00e4 kykenee ja haluaa toimittaa it\u00e4rajalle tuhansia ihmisi\u00e4 muutamassa tunnissa vuorokaudet ymp\u00e4riins\u00e4.<\/p>\n<p>T\u00e4m\u00e4 tarkoittaa sit\u00e4, ett\u00e4 jos tullaan noin tuhannen tuntivauhtia, niin se on noin 700 000 kuukaudessa,-Niin, ett\u00e4 &#8221;<em>ei m\u00e4\u00e4r\u00e4ll\u00e4 v\u00e4li\u00e4<\/em>&#8221;. Ongelmahan voisi ratketa, jos n\u00e4m\u00e4 tutkijat majoittaisivat 300 tulijaa per nessu, -eih\u00e4n siit\u00e4 aiheudu &#8221;<em>mainittavaa kriisi\u00e4<\/em>&#8221;.<\/p>\n<p>Tutkijoiden ja Vihreiden sek\u00e4 Vasemmistoliiton kannattajien tuo homma pit\u00e4isi hoitaa, koska ylivoimainen enemmist\u00f6 suomalaisista -eli 62 %:a- haluaa pit\u00e4\u00e4 rajat kiinni. Vain 17 %:a on tutkijoiden ja Vihreiden sek\u00e4 Vasemmistoliiton kannalla, eli vain puolet vihervasemmiston kannattajista haluaa &#8221;avoimet ovet&#8221;.<\/p>\n<p>Kun jaetaan &#8221;<em>ei osaa sanoa<\/em>&#8221;-vasraukset samassa suhteessa kuin kannattajat ja vastustajat, niin rajat haluaa pit\u00e4\u00e4 kiinni likimain kahdeksan kymmenest\u00e4 suomalaisesta.<\/p>\n<h3>Joitakin poimintoja n\u00e4iden &#8221;<em>tutkijoiden<\/em>&#8221; ammatillisesta taustasta<\/h3>\n<p>P\u00e4\u00e4organisaattori tuolle kirjelm\u00f6innille on <strong>Leena N\u00e4re<\/strong>, sosiologian professori, ep\u00e4ilem\u00e4tt\u00e4 &#8221;<em>kiistattoman p\u00e4tev\u00f6itynyt<\/em>&#8221; v\u00e4lineellistettyyn maahanmuuttoon. Ja lis\u00e4\u00e4 toimenkuvia:<\/p>\n<ul>\n<li>Sukupuolen tutkija (3x),<\/li>\n<li>etnisten suhteiden professori,<\/li>\n<li>uskonnon ja historian didaktiikan (opetusrunous) yliopistonlehtori,<\/li>\n<li>postdoc tutkija,<\/li>\n<li>sosiaalipedagogiikan yliopistonlehtori,<\/li>\n<li>monikulttuurisuuskasvatuksen professori,<\/li>\n<li>taiteellisen tutkimuksen professori<\/li>\n<\/ul>\n<p>Niin ett\u00e4 tuollaisella joukolla sitten on p\u00e4\u00e4tetty, ett\u00e4 is\u00e4nmaa j\u00e4tet\u00e4\u00e4n ilman sen rajojen ja suomalaisten puolustamista, ja maamme kansalaiset satojen tuhansien tai jopa miljoonien maahantunkeutujien armoille. Muuten kuvitteleeko joku, ettei noiden joukkojen kanssa tai ainakin jalanj\u00e4ljiss\u00e4 t\u00e4nne marssi Putinin armeijat? Ei varmaankaan mutta, kun t\u00e4rkeint\u00e4 tuntuu joillekin olevan Suomen &#8221;<em>somalointi<\/em>&#8221;, niin mik\u00e4\u00e4n ep\u00e4inhimillinen, Suomen, suomalaisten ja suomalaisuuden vastainen ei ole vierasta.<\/p>\n<p>Seppo Huhta<\/p>\n<p>Tutkijat ennenkin asialla jos toisella:<\/p>\n<p><a href=\"https:\/\/x.com\/HannuJarvinenPS\/status\/1808005041556443382\" target=\"_blank\" rel=\"noopener\"><img loading=\"lazy\" decoding=\"async\" class=\"aligncenter wp-image-2359 size-medium\" src=\"https:\/\/www.uutispeili.fi\/wp-content\/uploads\/2024\/07\/tutkijat000rw-293x300.png\" alt=\"\" width=\"293\" height=\"300\" srcset=\"https:\/\/www.uutispeili.fi\/wp-content\/uploads\/2024\/07\/tutkijat000rw-293x300.png 293w, https:\/\/www.uutispeili.fi\/wp-content\/uploads\/2024\/07\/tutkijat000rw.png 663w\" sizes=\"(max-width: 293px) 100vw, 293px\" \/><\/a><\/p>\n","protected":false},"excerpt":{"rendered":"<p>Eduskunnan hallintovaliokunta koittaa j\u00e4lleen t\u00e4n\u00e4\u00e4n saada tolkkua ns. k\u00e4\u00e4nnytyslain kiemuroihin. Perustuslakivaliokunta sai asian jo kohtuu kohdalleen eli \u00e4\u00e4nin 15-2 hyv\u00e4ksyi hallituksen esityksen v\u00e4liaikaisesta turvapaikanhaun kielt\u00e4misest\u00e4 Ven\u00e4j\u00e4n ty\u00f6nt\u00e4ess\u00e4 maassa olevia L\u00e4hi-id\u00e4n ja Pohjois-Afrikan maiden kansalaisia Suomen it\u00e4rajan yli, ja oikeuskanslerikin on n\u00e4ytt\u00e4nyt sille vihre\u00e4\u00e4. Perustuslakivaliokunnassa vain Vihreiden ja Vasemmistoliiton edustajat ajoivat avoimien ovien politiikkaa. Demareita yskitt\u00e4\u00e4, [&hellip;]<\/p>\n","protected":false},"author":5,"featured_media":2360,"comment_status":"open","ping_status":"open","sticky":false,"template":"","format":"standard","meta":{"footnotes":""},"categories":[49],"tags":[],"_links":{"self":[{"href":"https:\/\/www.uutispeili.fi\/index.php\/wp-json\/wp\/v2\/posts\/2353"}],"collection":[{"href":"https:\/\/www.uutispeili.fi\/index.php\/wp-json\/wp\/v2\/posts"}],"about":[{"href":"https:\/\/www.uutispeili.fi\/index.php\/wp-json\/wp\/v2\/types\/post"}],"author":[{"embeddable":true,"href":"https:\/\/www.uutispeili.fi\/index.php\/wp-json\/wp\/v2\/users\/5"}],"replies":[{"embeddable":true,"href":"https:\/\/www.uutispeili.fi\/index.php\/wp-json\/wp\/v2\/comments?post=2353"}],"version-history":[{"count":4,"href":"https:\/\/www.uutispeili.fi\/index.php\/wp-json\/wp\/v2\/posts\/2353\/revisions"}],"predecessor-version":[{"id":2361,"href":"https:\/\/www.uutispeili.fi\/index.php\/wp-json\/wp\/v2\/posts\/2353\/revisions\/2361"}],"wp:featuredmedia":[{"embeddable":true,"href":"https:\/\/www.uutispeili.fi\/index.php\/wp-json\/wp\/v2\/media\/2360"}],"wp:attachment":[{"href":"https:\/\/www.uutispeili.fi\/index.php\/wp-json\/wp\/v2\/media?parent=2353"}],"wp:term":[{"taxonomy":"category","embeddable":true,"href":"https:\/\/www.uutispeili.fi\/index.php\/wp-json\/wp\/v2\/categories?post=2353"},{"taxonomy":"post_tag","embeddable":true,"href":"https:\/\/www.uutispeili.fi\/index.php\/wp-json\/wp\/v2\/tags?post=2353"}],"curies":[{"name":"wp","href":"https:\/\/api.w.org\/{rel}","templated":true}]}}