{"id":2344,"date":"2024-07-01T16:13:47","date_gmt":"2024-07-01T16:13:47","guid":{"rendered":"https:\/\/www.uutispeili.fi\/?p=2344"},"modified":"2024-07-03T10:52:47","modified_gmt":"2024-07-03T10:52:47","slug":"pekka-toveri-me-olemme-nyt-sodassa-venajan-kanssa","status":"publish","type":"post","link":"https:\/\/www.uutispeili.fi\/index.php\/2024\/07\/01\/pekka-toveri-me-olemme-nyt-sodassa-venajan-kanssa\/","title":{"rendered":"Pekka Toveri: Me olemme nyt sodassa Ven\u00e4j\u00e4n kanssa"},"content":{"rendered":"<p><strong>Kenraalimajuri evp, Kokoomuksen kansanedustaja Pekka Toveri otti lauantaina (29.06.) kantaa Ven\u00e4j\u00e4n Suomeen kohdistamaan painostukseen, k\u00e4ytt\u00e4en sanaa &#8217;sota&#8217;. Aihe on keskusteluttanut.<\/strong><\/p>\n<h3>Sodan tavoitteet mutta ei tuntomerkkej\u00e4<\/h3>\n<p><strong>Kenraalimajuri evp. Pekka Toveri<\/strong> perustaa n\u00e4kemyksens\u00e4 sodankuvan muuttumiseen 2000-luvulla, &#8211;<em>hybridinp\u00e4\u00e4n<\/em> ja ilman &#8221;alkupamausta&#8221; k\u00e4ynnistyv\u00e4\u00e4n kampanjaan, jolla on sodan kaikki ominaisuudet -ja tavoitteet- mutta ei sodan tuntomerkkej\u00e4. Toveri pit\u00e4\u00e4 viime vuosituhannella n\u00e4htyj\u00e4 noottien vaihtoja, ultimaatumeineen, ja muodollista sodanjulistusta ennen hy\u00f6kk\u00e4yst\u00e4 vanhanaikaisena tapana. Painostus kasvaa v\u00e4h\u00e4n kerrallaan, ja k\u00e4rjistyy aikanaan sotilaalliseen interventioon.<\/p>\n<p>Suomeen kohdistuva painostus on jo sill\u00e4 levellill\u00e4, ett\u00e4 rinnastus &#8217;sotaan&#8217; on aiheellinen, huomauttaa entinen sotilas, nykyinen kansanedustaja Pekka Toveri.<\/p>\n<p>Kommentoimme Toverin twiittien j\u00e4lkeen. (Linkki Twitteriin avautuu uudella v\u00e4lilehdell\u00e4.)<\/p>\n<p><a href=\"https:\/\/x.com\/PToveri\/status\/1806998256745853051\" target=\"_blank\" rel=\"noopener\"><img loading=\"lazy\" decoding=\"async\" class=\"size-full wp-image-2346 aligncenter\" src=\"https:\/\/www.uutispeili.fi\/wp-content\/uploads\/2024\/07\/toveri-twiitti600.png\" alt=\"\" width=\"600\" height=\"310\" srcset=\"https:\/\/www.uutispeili.fi\/wp-content\/uploads\/2024\/07\/toveri-twiitti600.png 600w, https:\/\/www.uutispeili.fi\/wp-content\/uploads\/2024\/07\/toveri-twiitti600-300x155.png 300w\" sizes=\"(max-width: 600px) 100vw, 600px\" \/><\/a><\/p>\n<p>Pekka Toverin twiitti-ketju kokonaisuudessaan:<\/p>\n<ul>\n<li><strong>Pekka Toveri<\/strong>, 29.06: Ns <strong>k\u00e4\u00e4nnytyslaki<\/strong> kirjoittaa paljon keskustelua. Muutama ajatus siit\u00e4.<br \/>\nSuuri osa vastustajista ei n\u00e4yt\u00e4 ymm\u00e4rt\u00e4v\u00e4 aikaa, jossa el\u00e4mme ja oikeusvaltion oikeuksia itsens\u00e4 puolustamiseen. Kannattaa lukea vaikka <strong>valmiuslakia<\/strong>. <a href=\"https:\/\/finlex.fi\/fi\/laki\/ajantasa\/2011\/20111552\" target=\"_blank\" rel=\"noopener\">https:\/\/finlex.fi\/fi\/laki\/ajantasa\/2011\/20111552<\/a><\/li>\n<li>Valmiuslaki mahdollistaa <em>kriisitilanteessa<\/em> eritt\u00e4in laajan puuttumisen ihmisten, yhteis\u00f6jen, liikeyritysten jne toimintaan, rajoittamaan ja est\u00e4m\u00e4\u00e4n liikkumista jne. -Eik\u00e4 t\u00e4m\u00e4 ole mitenk\u00e4\u00e4n poikkeuksellinen laki l\u00e4nsimaissa.<\/li>\n<li>Kannattaa muistaa <em>korona-ajan<\/em> kaikkia kieltoja ja <strong>Uudenmaan<\/strong> sulkua jne. Poikkeavat ajat vaativat poikkeuksellisia toimia yhteiskunnan suojaamiseksi, varsinkin sodat. Jo roomalaiset sanoivat &#8221;<em>Silent leges inter arma<\/em>&#8221; (aseiden v\u00e4liss\u00e4 lait vaikenevat).<\/li>\n<\/ul>\n<h3>Ven\u00e4j\u00e4 ei pysty uhkaamaan meit\u00e4 vakavasti sotilaallisesti, se etsii heikkouksia<\/h3>\n<ul>\n<li>Ja me olemme nyt sodassa <strong>Ven\u00e4j\u00e4n<\/strong> kanssa. Katsokaa vaikka kaikkea <strong><em>sabotaasitoimintaa<\/em><\/strong> mit\u00e4 Ven\u00e4j\u00e4 tekee. Koska Ven\u00e4j\u00e4 ei pysty uhkaamaan meit\u00e4 vakavasti sotilaallisesti, se etsii heikkouksia puolustuksestamme hybridisodank\u00e4ynnill\u00e4.<\/li>\n<li><strong><em>Se <\/em><\/strong><em>(Ven\u00e4j\u00e4)<\/em><strong><em> pyrkii pit\u00e4m\u00e4\u00e4n paineen tasolla, miss\u00e4 valmiuslakeja ei oteta k\u00e4ytt\u00f6\u00f6n<\/em><\/strong> ja torjunta on vaikeaa, samalla maksimoiden vahingot.<\/li>\n<li>T\u00e4ll\u00e4 lailla pyrit\u00e4\u00e4n vastaamaan haasteeseen: Rajoitetaan TARVITTAESSA ajallisesti tarkoin rajoitetusti tietyn maahan pyrkiv\u00e4n joukon oikeuksia.<\/li>\n<li>Samalla pyrit\u00e4\u00e4n huolehtimaan todella h\u00e4d\u00e4nalaisten turvallisuudesta. Lakia ei pid\u00e4 sekoittaa normaaliin pakolaisista huolehtimiseen.<\/li>\n<\/ul>\n<h3>Oikeusvaltiolla on oikeus puolustaa itse\u00e4\u00e4n<\/h3>\n<ul>\n<li>Moni vetoaa <em>kv-sopimuksiin<\/em>, vaikka jopa <strong>Euroopan Ihmisoikeus Tuomioistuimen<\/strong> tuomari toteaa ett\u00e4 ennakkotapauksia ei ole ja ett\u00e4 oikeusvaltiolla on oikeus puolustaa itse\u00e4\u00e4n.<\/li>\n<li>Laki ei ole viel\u00e4 edes valmis. Mahdollisimman laajaa konsensusta haetaan turvaten kansallinen turvallisuus ja huolehtien maahan pyrkivien ihmisoikeuksista mahdollisimman v\u00e4hin rajoituksin. <strong><em>Eduskunnan ensisijainen teht\u00e4v\u00e4 on taata kansalaisten turvallisuus.<\/em><\/strong><\/li>\n<li>Yksitt\u00e4inen asiantuntija voi tuijottaa kapeaa tulkintaa, valiokuntien pit\u00e4\u00e4 katsoa kokonaisuutta ja kuunnella eri kantoja ja eri alojen asiantuntijoita. Demokratiassa kansan valitsemat edustajat p\u00e4\u00e4tt\u00e4v\u00e4t, eiv\u00e4t asiantuntijat.<\/li>\n<li>Ja laki voidaan aina testata tuomioistuimissa, my\u00f6s kansainv\u00e4liss\u00e4. Uskon ett\u00e4 Suomen n\u00e4kemyksille ja tarpeille l\u00f6ytyy tukea koska ajat ovat muuttuneet ja lait ja sopimukset ovat aina el\u00e4neet ajassa. Oikeusvaltio ei ole mitenk\u00e4\u00e4n vaarassa Suomessa.<\/li>\n<\/ul>\n<p>N\u00e4in siis kansanedustaja, kenraalimajuri evp. Pekka Toveri. Jatkamme tarkastelua.<\/p>\n<h2>Sotilaallisen intervention eti\u00e4iset, mit\u00e4 Ven\u00e4j\u00e4 tekee &#8217;<em>v\u00e4h\u00e4n ennen<\/em> <em>kun..<\/em>&#8217;<\/h2>\n<p>&#8217;K\u00e4\u00e4nnytyslaki&#8217; on viel\u00e4 vaiheessaan, ja sen tuleva k\u00e4ytt\u00f6 on tulevaisuutta. Voimme kuitenkin tarkastella ennakkotapausta: Mihin toimenpiteisiin nykyinen autokraattisesti johdettu Ven\u00e4j\u00e4 ryhtyy ennen mahdollista (vanhanaikaista) sotilaallista interventiota.<\/p>\n<p><strong>Ukrainan<\/strong> kokemukset parilta vuodelta ennen helmikuussa 2022 alkanut Ven\u00e4j\u00e4n provosoimatonta sotilaallista maahantunkeutumista antavat vihjett\u00e4 siit\u00e4, milt\u00e4 voisi n\u00e4ytt\u00e4\u00e4 sen tyyppinen &#8217;sota&#8217;, johon kansanedustaja viittasi. Tukeudumme ukrainalaisten arvioihin:<\/p>\n<h3>Ven\u00e4j\u00e4n sotilaallista hy\u00f6kk\u00e4yst\u00e4 edelt\u00e4v\u00e4 kampanja alkaa somessa<\/h3>\n<p>Ven\u00e4j\u00e4n sotilaallista hy\u00f6kk\u00e4yst\u00e4 edelt\u00e4v\u00e4 kampanja alkaa median -varsinkin somen- kautta: Hy\u00f6kk\u00e4yksen tulevaa kohdetta &#8221;pehmitet\u00e4\u00e4n&#8221; trollaamalla ja floodaamalla seuraavia asioita:<\/p>\n<ul>\n<li>Some- ja mediakampanjalla hy\u00f6k\u00e4t\u00e4\u00e4n kohdemaan <strong>n\u00e4kyvien ja johtavien poliitikkojen<\/strong> kimppuun, pyrkien <em>h\u00e4p\u00e4isem\u00e4\u00e4n ja nolaamaan<\/em> heit\u00e4. -T\u00e4m\u00e4 tapahtui ukrainalaisten kohdalla -ja jatkuu yh\u00e4 (katso vaikka FB:t\u00e4 ja X:\u00e4\u00e4). <strong>Suomessa:<\/strong> R\u00e4ikein esimerkki on ollut edelliseen p\u00e4\u00e4ministeriin, <strong>Sanna<\/strong> <strong>Marin<\/strong>iin, kohdistunut t\u00f6rkykampanja, joka n\u00e4ytt\u00e4\u00e4 yh\u00e4 jatkuvan.<\/li>\n<li>Samanlaisella kampanjoinnilla toistetaan esm. v\u00e4itett\u00e4 &#8221;<em><strong>Suomi<\/strong> ei ole en\u00e4\u00e4 itsen\u00e4inen!!<\/em>&#8221;. -Viimeksi t\u00e4t\u00e4 lajia levitettiin <strong>DCA<\/strong>-sopimukseen liittyen. Trollaajien mukaan se lopettaa Suomen <em>suvereenisuuden<\/em>. &#8211;<strong>Ukrainassa<\/strong> koettiin ihan samaa, ja tunnistettavalla k\u00e4sialalla: V\u00e4itettiin massiivisissa somekampanjoissa, ett\u00e4 &#8221;(<em>YK:n perustajaj\u00e4senvaltio) Ukraina ei ole edes valtio&#8230;<\/em>&#8221;.<\/li>\n<li>Kohdemaan sis\u00e4isi\u00e4 riitoja yritet\u00e4\u00e4n k\u00e4rjist\u00e4\u00e4. &#8211;<strong>Suomessa<\/strong> mm. <em>kielipolitiikkaa<\/em> koskien.<\/li>\n<li>Ja niin edelleen.<\/li>\n<\/ul>\n<p>Hy\u00f6kk\u00e4ykset tietoverkkoja ja yritysten ja virastojen ATK-toimintoja kohtaan ovat askelta konkreettisempaa sodank\u00e4ynti\u00e4. -Siit\u00e4 onkin kirjoitettu tyhjent\u00e4v\u00e4sti jo muualla, joten sivuutamme.<\/p>\n<p>Sotilaallista hy\u00f6kk\u00e4yst\u00e4 edelt\u00e4v\u00e4n <em>harmaan vaiheen<\/em> aikana voi tapahtua my\u00f6s attentaatteja ja v\u00e4kivaltaisia iskuja. Henkil\u00f6t, infra ja puolustustarvikkeet voivat olla kohteina.<\/p>\n<p>Pekka Kemppainen 01.07. 2024<\/p>\n<p>P.S.<\/p>\n<p>V\u00e4h\u00e4lle huomiolla on j\u00e4\u00e4nyt silloisen p\u00e4\u00e4ministerin <strong>Sanna Marin<\/strong>in tappamista Lahden torilla 24,08. 2024 suunnitelleiden -ja somessa sill\u00e4 uhonneiden- nelj\u00e4n miehen rikostutkinnassa paljastunut kontakti ven\u00e4l\u00e4iseen sotaoperaattoriin <strong>Wagner<\/strong>iin: My\u00f6hemmin pienehk\u00f6ist\u00e4 rikkomuksista tuomitut olivat tutkinta-aineiston mukaan ilmoittautuneet sotimaan <strong>It\u00e4-Ukraina<\/strong>an (kelpaamatta sinne?).<\/p>\n<p>Luettavaa:<\/p>\n<ul>\n<li>Pekka Toverin <a href=\"https:\/\/x.com\/PToveri\/status\/1806998256745853051\" target=\"_blank\" rel=\"noopener\">twiitti<\/a> 29.06. 2024,<\/li>\n<li><strong><a href=\"https:\/\/www.iltalehti.fi\/ulkomaat\/a\/673f3b00-8577-4eac-b1c2-2762d7d6a116\" target=\"_blank\" rel=\"noopener\">Iltalehti<\/a><\/strong> 21.11. 2023:<a href=\"https:\/\/www.iltalehti.fi\/ulkomaat\/a\/673f3b00-8577-4eac-b1c2-2762d7d6a116\" target=\"_blank\" rel=\"noopener\">Ven\u00e4j\u00e4ll\u00e4 uhkaillaan Suomea taas panssarivaunuilla:<\/a> \u201dEtte j\u00e4t\u00e4 meille muuta vaihtoehtoa\u201d; Ven\u00e4j\u00e4n propagandistit vihjailevat jo panssarivaunujen k\u00e4yt\u00f6ll\u00e4 Suomea vastaan.,<\/li>\n<li><a href=\"https:\/\/www.finlex.fi\/fi\/laki\/ajantasa\/2011\/20111552\" target=\"_blank\" rel=\"noopener\">Valmiuslaki<\/a>, Finlex.<\/li>\n<\/ul>\n<blockquote class=\"wp-embedded-content\" data-secret=\"N7XFhWZALS\"><p><a href=\"https:\/\/www.uutispeili.fi\/index.php\/2024\/06\/26\/eduskunnan-puolustusvaliokunta-yksimielinen-rajan-reservilaisia-voi-kayttaa-rajaturvallisuuden-hairiotilanteissa\/\">Eduskunnan puolustusvaliokunta yksimielinen: Rajan reservil\u00e4isi\u00e4 voi k\u00e4ytt\u00e4\u00e4 rajaturvallisuuden h\u00e4iri\u00f6tilanteissa<\/a><\/p><\/blockquote>\n<p><iframe class=\"wp-embedded-content\" sandbox=\"allow-scripts\" security=\"restricted\" style=\"position: absolute; clip: rect(1px, 1px, 1px, 1px);\" title=\"&#8221;Eduskunnan puolustusvaliokunta yksimielinen: Rajan reservil\u00e4isi\u00e4 voi k\u00e4ytt\u00e4\u00e4 rajaturvallisuuden h\u00e4iri\u00f6tilanteissa&#8221; &#8212; \" src=\"https:\/\/www.uutispeili.fi\/index.php\/2024\/06\/26\/eduskunnan-puolustusvaliokunta-yksimielinen-rajan-reservilaisia-voi-kayttaa-rajaturvallisuuden-hairiotilanteissa\/embed\/#?secret=mUUByNlbYN#?secret=N7XFhWZALS\" data-secret=\"N7XFhWZALS\" width=\"600\" height=\"338\" frameborder=\"0\" marginwidth=\"0\" marginheight=\"0\" scrolling=\"no\"><\/iframe><\/p>\n<blockquote class=\"wp-embedded-content\" data-secret=\"MJJfvGRoFm\"><p><a href=\"https:\/\/www.uutispeili.fi\/index.php\/2024\/06\/27\/tali-ihantala-27-6-1944-mita-se-meille-opettaa-raja-asioista\/\">Tali-Ihantala 27.6.1944: Mit\u00e4 se meille opettaa raja-asioista<\/a><\/p><\/blockquote>\n<p><iframe class=\"wp-embedded-content\" sandbox=\"allow-scripts\" security=\"restricted\" style=\"position: absolute; clip: rect(1px, 1px, 1px, 1px);\" title=\"&#8221;Tali-Ihantala 27.6.1944: Mit\u00e4 se meille opettaa raja-asioista&#8221; &#8212; \" src=\"https:\/\/www.uutispeili.fi\/index.php\/2024\/06\/27\/tali-ihantala-27-6-1944-mita-se-meille-opettaa-raja-asioista\/embed\/#?secret=cxUi2vUgqe#?secret=MJJfvGRoFm\" data-secret=\"MJJfvGRoFm\" width=\"600\" height=\"338\" frameborder=\"0\" marginwidth=\"0\" marginheight=\"0\" scrolling=\"no\"><\/iframe><\/p>\n<blockquote class=\"wp-embedded-content\" data-secret=\"2DD7VW5JoH\"><p><a href=\"https:\/\/www.uutispeili.fi\/index.php\/2024\/06\/25\/rajalaki-kriittisessa-vaiheessa-missa-maahanmuuttokriittiset\/\">Rajalaki kriittisess\u00e4 vaiheessa, -miss\u00e4 -maahanmuuttokriittiset&#8217;?<\/a><\/p><\/blockquote>\n<p><iframe class=\"wp-embedded-content\" sandbox=\"allow-scripts\" security=\"restricted\" style=\"position: absolute; clip: rect(1px, 1px, 1px, 1px);\" title=\"&#8221;Rajalaki kriittisess\u00e4 vaiheessa, -miss\u00e4 -maahanmuuttokriittiset&#8217;?&#8221; &#8212; \" src=\"https:\/\/www.uutispeili.fi\/index.php\/2024\/06\/25\/rajalaki-kriittisessa-vaiheessa-missa-maahanmuuttokriittiset\/embed\/#?secret=m8KMStBA9A#?secret=2DD7VW5JoH\" data-secret=\"2DD7VW5JoH\" width=\"600\" height=\"338\" frameborder=\"0\" marginwidth=\"0\" marginheight=\"0\" scrolling=\"no\"><\/iframe><\/p>\n<blockquote class=\"wp-embedded-content\" data-secret=\"v2Sxu8o6WV\"><p><a href=\"https:\/\/www.uutispeili.fi\/index.php\/2024\/06\/20\/kansainvaliset-sopimuksetko-a-la-geneve-korvaavat-suomen-yhteiskunnan-kaatumisen-jos-kun-itarajan-yli-vyoryy-tuhansia-miljoonia-siirtolaisia\/\">Kansainv\u00e4liset sopimuksetko -\u00e1 la Geneve- korvaavat Suomen yhteiskunnan kaatumisen jos\/kun it\u00e4rajan yli vy\u00f6ryy tuhansia\/miljoonia siirtolaisia?<\/a><\/p><\/blockquote>\n<p><iframe class=\"wp-embedded-content\" sandbox=\"allow-scripts\" security=\"restricted\" style=\"position: absolute; clip: rect(1px, 1px, 1px, 1px);\" title=\"&#8221;Kansainv\u00e4liset sopimuksetko -\u00e1 la Geneve- korvaavat Suomen yhteiskunnan kaatumisen jos\/kun it\u00e4rajan yli vy\u00f6ryy tuhansia\/miljoonia siirtolaisia?&#8221; &#8212; \" src=\"https:\/\/www.uutispeili.fi\/index.php\/2024\/06\/20\/kansainvaliset-sopimuksetko-a-la-geneve-korvaavat-suomen-yhteiskunnan-kaatumisen-jos-kun-itarajan-yli-vyoryy-tuhansia-miljoonia-siirtolaisia\/embed\/#?secret=oebpWJW2KB#?secret=v2Sxu8o6WV\" data-secret=\"v2Sxu8o6WV\" width=\"600\" height=\"338\" frameborder=\"0\" marginwidth=\"0\" marginheight=\"0\" scrolling=\"no\"><\/iframe><\/p>\n<p>Aiheesta muissa julkaisuissa toisaalla:<\/p>\n<blockquote class=\"wp-embedded-content\" data-secret=\"UpyPBVHWwi\"><p><a href=\"https:\/\/uutisiahauskastijakiinnostavasti.wordpress.com\/2023\/11\/24\/ovatko-venajan-ukrainan-sotaan-keraamat-syyrialais-soturit-jo-suomen-rajalla-vaiko-jo-suomessa\/\">Ovatko Ven\u00e4j\u00e4n Ukrainan sotaan ker\u00e4\u00e4m\u00e4t syyrialais-soturit jo Suomen rajalla, vaiko jo&nbsp;Suomessa<\/a><\/p><\/blockquote>\n<p><iframe class=\"wp-embedded-content\" sandbox=\"allow-scripts\" security=\"restricted\" style=\"position: absolute; clip: rect(1px, 1px, 1px, 1px);\" title=\"&#8221;Ovatko Ven\u00e4j\u00e4n Ukrainan sotaan ker\u00e4\u00e4m\u00e4t syyrialais-soturit jo Suomen rajalla, vaiko jo&nbsp;Suomessa&#8221; &#8212; Uutisia Hauskasti ja Kiinnostavasti\" src=\"https:\/\/uutisiahauskastijakiinnostavasti.wordpress.com\/2023\/11\/24\/ovatko-venajan-ukrainan-sotaan-keraamat-syyrialais-soturit-jo-suomen-rajalla-vaiko-jo-suomessa\/embed\/#?secret=tdMYpDgdDp#?secret=UpyPBVHWwi\" data-secret=\"UpyPBVHWwi\" width=\"600\" height=\"338\" frameborder=\"0\" marginwidth=\"0\" marginheight=\"0\" scrolling=\"no\"><\/iframe><\/p>\n<blockquote class=\"wp-embedded-content\" data-secret=\"2B9rNPAPpw\"><p><a href=\"https:\/\/uutisiahauskastijakiinnostavasti.wordpress.com\/2023\/10\/12\/turvallisuuskatsaus-ei-ihan-kaikkee-kerro\/\">Turvallisuuskatsaus ei ihan kaikkee&nbsp;kerro&#8230;<\/a><\/p><\/blockquote>\n<p><iframe class=\"wp-embedded-content\" sandbox=\"allow-scripts\" security=\"restricted\" style=\"position: absolute; clip: rect(1px, 1px, 1px, 1px);\" title=\"&#8221;Turvallisuuskatsaus ei ihan kaikkee&nbsp;kerro&#8230;&#8221; &#8212; Uutisia Hauskasti ja Kiinnostavasti\" src=\"https:\/\/uutisiahauskastijakiinnostavasti.wordpress.com\/2023\/10\/12\/turvallisuuskatsaus-ei-ihan-kaikkee-kerro\/embed\/#?secret=3ioUTqrZ2n#?secret=2B9rNPAPpw\" data-secret=\"2B9rNPAPpw\" width=\"600\" height=\"338\" frameborder=\"0\" marginwidth=\"0\" marginheight=\"0\" scrolling=\"no\"><\/iframe><\/p>\n<blockquote class=\"wp-embedded-content\" data-secret=\"5fO5KGmkD9\"><p><a href=\"https:\/\/uutisiahauskastijakiinnostavasti.wordpress.com\/2022\/08\/07\/turvallisuusuhka-muistio-listasi-venajan-hybridikeinoja-jo-2017-toteutumistarkastelu\/\">Turvallisuusuhka-muistio listasi Ven\u00e4j\u00e4n hybridikeinoja jo 2017: Toteutumistarkastelu<\/a><\/p><\/blockquote>\n<p><iframe class=\"wp-embedded-content\" sandbox=\"allow-scripts\" security=\"restricted\" style=\"position: absolute; clip: rect(1px, 1px, 1px, 1px);\" title=\"&#8221;Turvallisuusuhka-muistio listasi Ven\u00e4j\u00e4n hybridikeinoja jo 2017: Toteutumistarkastelu&#8221; &#8212; Uutisia Hauskasti ja Kiinnostavasti\" src=\"https:\/\/uutisiahauskastijakiinnostavasti.wordpress.com\/2022\/08\/07\/turvallisuusuhka-muistio-listasi-venajan-hybridikeinoja-jo-2017-toteutumistarkastelu\/embed\/#?secret=kZUIVWxXba#?secret=5fO5KGmkD9\" data-secret=\"5fO5KGmkD9\" width=\"600\" height=\"338\" frameborder=\"0\" marginwidth=\"0\" marginheight=\"0\" scrolling=\"no\"><\/iframe><\/p>\n<blockquote class=\"wp-embedded-content\" data-secret=\"wTIbOBoHuk\"><p><a href=\"https:\/\/uutisiahauskastijakiinnostavasti.wordpress.com\/2023\/11\/04\/vladimir-putinin-yksityisarmeijoilla-suomi-konteksti\/\">Vladimir Putinin yksityisarmeijoilla Suomi-konteksti<\/a><\/p><\/blockquote>\n<p><iframe class=\"wp-embedded-content\" sandbox=\"allow-scripts\" security=\"restricted\" style=\"position: absolute; clip: rect(1px, 1px, 1px, 1px);\" title=\"&#8221;Vladimir Putinin yksityisarmeijoilla Suomi-konteksti&#8221; &#8212; Uutisia Hauskasti ja Kiinnostavasti\" src=\"https:\/\/uutisiahauskastijakiinnostavasti.wordpress.com\/2023\/11\/04\/vladimir-putinin-yksityisarmeijoilla-suomi-konteksti\/embed\/#?secret=E2gI98N4vJ#?secret=wTIbOBoHuk\" data-secret=\"wTIbOBoHuk\" width=\"600\" height=\"338\" frameborder=\"0\" marginwidth=\"0\" marginheight=\"0\" scrolling=\"no\"><\/iframe><\/p>\n","protected":false},"excerpt":{"rendered":"<p>Kenraalimajuri evp, Kokoomuksen kansanedustaja Pekka Toveri otti lauantaina (29.06.) kantaa Ven\u00e4j\u00e4n Suomeen kohdistamaan painostukseen, k\u00e4ytt\u00e4en sanaa &#8217;sota&#8217;. Aihe on keskusteluttanut. Sodan tavoitteet mutta ei tuntomerkkej\u00e4 Kenraalimajuri evp. Pekka Toveri perustaa n\u00e4kemyksens\u00e4 sodankuvan muuttumiseen 2000-luvulla, &#8211;hybridinp\u00e4\u00e4n ja ilman &#8221;alkupamausta&#8221; k\u00e4ynnistyv\u00e4\u00e4n kampanjaan, jolla on sodan kaikki ominaisuudet -ja tavoitteet- mutta ei sodan tuntomerkkej\u00e4. Toveri pit\u00e4\u00e4 viime vuosituhannella [&hellip;]<\/p>\n","protected":false},"author":3,"featured_media":2197,"comment_status":"open","ping_status":"open","sticky":false,"template":"","format":"standard","meta":{"footnotes":""},"categories":[68,18],"tags":[],"_links":{"self":[{"href":"https:\/\/www.uutispeili.fi\/index.php\/wp-json\/wp\/v2\/posts\/2344"}],"collection":[{"href":"https:\/\/www.uutispeili.fi\/index.php\/wp-json\/wp\/v2\/posts"}],"about":[{"href":"https:\/\/www.uutispeili.fi\/index.php\/wp-json\/wp\/v2\/types\/post"}],"author":[{"embeddable":true,"href":"https:\/\/www.uutispeili.fi\/index.php\/wp-json\/wp\/v2\/users\/3"}],"replies":[{"embeddable":true,"href":"https:\/\/www.uutispeili.fi\/index.php\/wp-json\/wp\/v2\/comments?post=2344"}],"version-history":[{"count":6,"href":"https:\/\/www.uutispeili.fi\/index.php\/wp-json\/wp\/v2\/posts\/2344\/revisions"}],"predecessor-version":[{"id":2381,"href":"https:\/\/www.uutispeili.fi\/index.php\/wp-json\/wp\/v2\/posts\/2344\/revisions\/2381"}],"wp:featuredmedia":[{"embeddable":true,"href":"https:\/\/www.uutispeili.fi\/index.php\/wp-json\/wp\/v2\/media\/2197"}],"wp:attachment":[{"href":"https:\/\/www.uutispeili.fi\/index.php\/wp-json\/wp\/v2\/media?parent=2344"}],"wp:term":[{"taxonomy":"category","embeddable":true,"href":"https:\/\/www.uutispeili.fi\/index.php\/wp-json\/wp\/v2\/categories?post=2344"},{"taxonomy":"post_tag","embeddable":true,"href":"https:\/\/www.uutispeili.fi\/index.php\/wp-json\/wp\/v2\/tags?post=2344"}],"curies":[{"name":"wp","href":"https:\/\/api.w.org\/{rel}","templated":true}]}}