{"id":2300,"date":"2024-06-26T17:23:16","date_gmt":"2024-06-26T17:23:16","guid":{"rendered":"https:\/\/www.uutispeili.fi\/?p=2300"},"modified":"2024-06-26T17:23:16","modified_gmt":"2024-06-26T17:23:16","slug":"purra-vastaa-kirjalliseen-kysymykseen-hallituksen-toimet-laskevat-liikennepolttoaineiden-hintoja","status":"publish","type":"post","link":"https:\/\/www.uutispeili.fi\/index.php\/2024\/06\/26\/purra-vastaa-kirjalliseen-kysymykseen-hallituksen-toimet-laskevat-liikennepolttoaineiden-hintoja\/","title":{"rendered":"Purra vastaa kirjalliseen kysymykseen: Hallituksen toimet laskevat liikennepolttoaineiden hintoja"},"content":{"rendered":"<p><strong>Valtiovarainministeri Riikka Purra on vastannut kansanedustaja Ovaskan kirjalliseen kysymykseen hallituksen p\u00e4\u00e4t\u00f6sten vaikutuksista liikennepolttoaineiden hintoihin ja niiden kompensoimisesta autoilijoille.<\/strong><\/p>\n<p>(Arkistokuva, kuval\u00e4hde: Eduskunta.)<\/p>\n<p>Hallitus on p\u00e4\u00e4tt\u00e4nyt useista toimista, jotka alentavat liikennepolttoaineiden hintoja, toteaa VVM <strong>Riikka<\/strong> <strong>Purra<\/strong>.<\/p>\n<h3>Jakeluvelvoitetasoja alennetaan vuosina 2024\u20132027<\/h3>\n<blockquote><p>&#8221;Ensinn\u00e4kin, hallitus alentaa hallitusohjelman mukaisesti vuosien 2024\u20132027 jakeluvelvoitetasoja verrattuna <strong>Marinin-Saarikon<\/strong> hallituksen s\u00e4\u00e4t\u00e4miin uusiutuvien polttoaineiden jakeluvelvoitetasoihin. Vuonna 2027 jakeluvelvoitteen yleisvelvoite tulee olemaan 7,5 prosenttiyksikk\u00f6\u00e4 ja lis\u00e4velvoite 2 prosenttiyksikk\u00f6\u00e4 matalampi voimassa olevaan lakiin n\u00e4hden.&#8221;<\/p><\/blockquote>\n<p>Polttoaineveroa on alennettu jo kuluvan vuoden alusta, muistuttaa ministeri, -ja lis\u00e4alennuksia on tulossa:<\/p>\n<p><em>&#8221;Toisekseen t\u00e4m\u00e4n vuoden alusta toteutettu polttoaineveron alennus sek\u00e4 julkisen talouden suunnitelman mukaiset polttoaineverojen alennukset vuosina 2026 ja 2027 alentavat polttoaineiden kuluttajahintaa vuoden 2027 tasolla yhteens\u00e4 arviolta noin <strong>8 sentti\u00e4 litralta<\/strong>. Hallituksen p\u00e4\u00e4tt\u00e4m\u00e4n yleisen arvonlis\u00e4verokannan korotuksen polttoaineiden kuluttajahintaa nostava vaikutus on puolestaan noin 2,2\u2013<strong>2,5 sentti\u00e4 litralta<\/strong>.&#8221;<\/em><\/p>\n<h3>Ilmastosuunnitelman mukaiset indeksitarkistukset j\u00e4tet\u00e4\u00e4n tekem\u00e4tt\u00e4<\/h3>\n<blockquote><p>&#8221;N\u00e4iden p\u00e4\u00e4t\u00f6sten lis\u00e4ksi Marinin-Saarikon hallituksen keskipitk\u00e4n aikav\u00e4lin ilmastosuunnitelmaan sis\u00e4ltyi polttoaineverojen indeksitarkistukset vuodesta 2024 eteenp\u00e4in. N\u00e4iden indeksitarkistusten tekem\u00e4tt\u00e4 j\u00e4tt\u00e4misen vaikutus polttoaineiden kuluttajahintoihin on noin <strong>6 sentti\u00e4 litralta<\/strong> vuoden 2027 tasolla.&#8221;<\/p><\/blockquote>\n<p>Hallituksen t\u00e4h\u00e4nastisten p\u00e4\u00e4t\u00f6sten vaikutus alentaa hintoja jo <strong>20 sentti\u00e4 per litra<\/strong>:<\/p>\n<blockquote><p>&#8221;Kokonaisuudessaan hallituksen t\u00e4h\u00e4n asti tekem\u00e4t p\u00e4\u00e4t\u00f6kset ovat siten alentaneet polttoaineiden kuluttajahintoja noin 20 sentti\u00e4 litralta edellisen hallituksen ilmastopolitiikkauraan verrattuna.&#8221;<\/p><\/blockquote>\n<h3>EU:n p\u00e4\u00e4st\u00f6kauppaj\u00e4rjestelm\u00e4\u00e4n liittymist\u00e4 ei viivytet\u00e4<\/h3>\n<p>Edustaja <strong>Ovaska<\/strong> kysyi my\u00f6s, miksi hallitus on p\u00e4\u00e4tt\u00e4nyt liitt\u00e4\u00e4 Suomen fossiilisen polttoaineen jakelua koskevaan <strong>EU- p\u00e4\u00e4st\u00f6kauppaj\u00e4rjestelm\u00e4\u00e4n<\/strong> jo vuonna 2027, eik\u00e4 k\u00e4ytt\u00e4nyt mahdollisuutta lyk\u00e4t\u00e4 sit\u00e4 vuoteen 2031.<\/p>\n<p>&#8221;<em>Tulee muistaa, ett\u00e4 kyseess\u00e4 on p\u00e4\u00e4ministeri <strong>Marinin<\/strong> hallituskaudella p\u00e4\u00e4tetty EU-tason ratkaisu, jonka k\u00e4ytt\u00f6\u00f6notto oli Marinin-<strong>Saarikon<\/strong> hallituksen linjaama p\u00e4\u00e4st\u00f6v\u00e4hennystoimi&#8221;, vastaa Purra.<\/em><\/p>\n<p><em>&#8221;P\u00e4\u00e4st\u00f6kaupan k\u00e4ytt\u00f6\u00f6noton lykk\u00e4\u00e4minen vuoteen 2031 olisi aiheuttanut nettom\u00e4\u00e4r\u00e4isesti huomattavia kustannuksia julkiselle taloudelle, kun huomioidaan Marinin-Saarikon hallituksen EU:n p\u00e4\u00e4st\u00f6kauppaneuvotteluissa sopimat maksut sosiaaliseen ilmastorahastoon. Lis\u00e4ksi p\u00e4\u00e4st\u00f6kaupan lykk\u00e4\u00e4minen vuoteen 2031 olisi luonut alan toimijoille merkitt\u00e4v\u00e4n ep\u00e4varmuuden ja taloudellisen riskin p\u00e4\u00e4st\u00f6kaupan k\u00e4ytt\u00f6\u00f6noton lykk\u00e4\u00e4misen kriteerien t\u00e4yttymisest\u00e4<\/em>.&#8221;<\/p>\n<h3>&#8217;<em>Ammattidiesel&#8217;<\/em> otetaan k\u00e4ytt\u00f6\u00f6n, l. valmisteveron palautus<\/h3>\n<blockquote><p>&#8211; P\u00e4\u00e4ministeri Orpon hallitus on p\u00e4\u00e4tt\u00e4nyt kohtuullistaa uudesta p\u00e4\u00e4st\u00f6kaupasta aiheutuvia kustannuksia logistiikkaketjuun ottamalla k\u00e4ytt\u00f6\u00f6n vuoden 2027 alusta <strong>raskaalle liikenteelle kohdistetun dieselpolttoaineen valmisteveron palautusj\u00e4rjestelm\u00e4n<\/strong> eli niin sanotun ammattidieselin&#8221;, toteaa VVM Purra kirjallisessa vastauksessaan.<\/p><\/blockquote>\n<p>Perussuomalaisiin ennen vaaleja kohdistuneet odotukset kulminoituvat mm. liikennepolttoaineiden luvattuun\/odotettuun alenevaan hintakehitykseen.\u00a0 <img loading=\"lazy\" decoding=\"async\" class=\"alignnone size-full wp-image-144\" src=\"https:\/\/www.uutispeili.fi\/wp-content\/uploads\/2023\/11\/di.gold_.gif\" alt=\"\" width=\"11\" height=\"11\" \/><\/p>\n<p>.<\/p>\n","protected":false},"excerpt":{"rendered":"<p>Valtiovarainministeri Riikka Purra on vastannut kansanedustaja Ovaskan kirjalliseen kysymykseen hallituksen p\u00e4\u00e4t\u00f6sten vaikutuksista liikennepolttoaineiden hintoihin ja niiden kompensoimisesta autoilijoille. (Arkistokuva, kuval\u00e4hde: Eduskunta.) Hallitus on p\u00e4\u00e4tt\u00e4nyt useista toimista, jotka alentavat liikennepolttoaineiden hintoja, toteaa VVM Riikka Purra. Jakeluvelvoitetasoja alennetaan vuosina 2024\u20132027 &#8221;Ensinn\u00e4kin, hallitus alentaa hallitusohjelman mukaisesti vuosien 2024\u20132027 jakeluvelvoitetasoja verrattuna Marinin-Saarikon hallituksen s\u00e4\u00e4t\u00e4miin uusiutuvien polttoaineiden jakeluvelvoitetasoihin. Vuonna 2027 [&hellip;]<\/p>\n","protected":false},"author":3,"featured_media":2301,"comment_status":"open","ping_status":"open","sticky":false,"template":"","format":"standard","meta":{"footnotes":""},"categories":[49,25],"tags":[],"_links":{"self":[{"href":"https:\/\/www.uutispeili.fi\/index.php\/wp-json\/wp\/v2\/posts\/2300"}],"collection":[{"href":"https:\/\/www.uutispeili.fi\/index.php\/wp-json\/wp\/v2\/posts"}],"about":[{"href":"https:\/\/www.uutispeili.fi\/index.php\/wp-json\/wp\/v2\/types\/post"}],"author":[{"embeddable":true,"href":"https:\/\/www.uutispeili.fi\/index.php\/wp-json\/wp\/v2\/users\/3"}],"replies":[{"embeddable":true,"href":"https:\/\/www.uutispeili.fi\/index.php\/wp-json\/wp\/v2\/comments?post=2300"}],"version-history":[{"count":1,"href":"https:\/\/www.uutispeili.fi\/index.php\/wp-json\/wp\/v2\/posts\/2300\/revisions"}],"predecessor-version":[{"id":2302,"href":"https:\/\/www.uutispeili.fi\/index.php\/wp-json\/wp\/v2\/posts\/2300\/revisions\/2302"}],"wp:featuredmedia":[{"embeddable":true,"href":"https:\/\/www.uutispeili.fi\/index.php\/wp-json\/wp\/v2\/media\/2301"}],"wp:attachment":[{"href":"https:\/\/www.uutispeili.fi\/index.php\/wp-json\/wp\/v2\/media?parent=2300"}],"wp:term":[{"taxonomy":"category","embeddable":true,"href":"https:\/\/www.uutispeili.fi\/index.php\/wp-json\/wp\/v2\/categories?post=2300"},{"taxonomy":"post_tag","embeddable":true,"href":"https:\/\/www.uutispeili.fi\/index.php\/wp-json\/wp\/v2\/tags?post=2300"}],"curies":[{"name":"wp","href":"https:\/\/api.w.org\/{rel}","templated":true}]}}