{"id":2297,"date":"2024-06-26T13:43:13","date_gmt":"2024-06-26T13:43:13","guid":{"rendered":"https:\/\/www.uutispeili.fi\/?p=2297"},"modified":"2024-06-26T13:43:14","modified_gmt":"2024-06-26T13:43:14","slug":"eduskunnan-puolustusvaliokunta-yksimielinen-rajan-reservilaisia-voi-kayttaa-rajaturvallisuuden-hairiotilanteissa","status":"publish","type":"post","link":"https:\/\/www.uutispeili.fi\/index.php\/2024\/06\/26\/eduskunnan-puolustusvaliokunta-yksimielinen-rajan-reservilaisia-voi-kayttaa-rajaturvallisuuden-hairiotilanteissa\/","title":{"rendered":"Eduskunnan puolustusvaliokunta yksimielinen: Rajan reservil\u00e4isi\u00e4 voi k\u00e4ytt\u00e4\u00e4 rajaturvallisuuden h\u00e4iri\u00f6tilanteissa"},"content":{"rendered":"<p><strong>Eduskunnan puolustusvaliokunta puoltaa t\u00e4n\u00e4\u00e4n valmistuneessa mietinn\u00f6ss\u00e4 yksimielisesti asevelvollisuuslain muutosta, jolla rajajoukkoihin sijoitettuja reservil\u00e4isi\u00e4 voidaan aiempaa nopeammin kutsua Rajavartiolaitoksen avuksi esimerkiksi v\u00e4lineellistetyn maahanmuuton torjuntaan.\u00a0<\/strong><\/p>\n<p>(Kuvaan on k\u00e4ytetty aineistoa eri l\u00e4hteist\u00e4.)<\/p>\n<blockquote><p>&#8221;Turvallisuusymp\u00e4rist\u00f6mme on arvaamaton, ja meid\u00e4n on varauduttava <strong>Ven\u00e4j\u00e4n<\/strong> hybridiuhkiin kaikin mahdollisin keinoin. Rajavartiolaitoksen oma henkil\u00f6kunta ei v\u00e4ltt\u00e4m\u00e4tt\u00e4 riit\u00e4 \u00e4killisiin tilanteisiin, eik\u00e4 silloin voida odottaa kolmea kuukautta kertausharjoituskutsun kanssa. Rajajoukkojen valmiutta sujuvasti nostamalla ja laskemalla voidaan taata kansallinen turvallisuus ja rajaturvallisuus&#8221;, valiokunnan puheenjohtaja <strong>Jukka Kopra<\/strong> (kok.) perustelee.<\/p><\/blockquote>\n<h3>Kertausharjoituksiin kutsumisen perustetta laajennetaan lakiesityksess\u00e4 <em>rajaturvallisuuden vakavaan vaarantumiseen<\/em><\/h3>\n<p>Nykylain mukaan reservil\u00e4isi\u00e4 voi m\u00e4\u00e4r\u00e4t\u00e4 <em>nopeutetulla menettelyll\u00e4<\/em> vain sellaiseen kertausharjoitukseen, jonka tarkoitus on<em> sotilaallisen valmiuden kohottaminen<\/em>. <strong>Lakimuutoksen j\u00e4lkeen<\/strong> pikakertausharjoituksen perusteeksi tulee my\u00f6s rajaturvallisuuden vakava vaarantuminen.<\/p>\n<p><strong><em>Pikakertausharjoitukseen<\/em><\/strong> kutsuttuja reservil\u00e4isi\u00e4 voidaan k\u00e4ytt\u00e4\u00e4 lakiesityksen mukaan esimerkiksi rajan aistivalvontaan ja partiointiin, vartiointiin, opastukseen, liikenteenohjaukseen sek\u00e4 erilaisiin tukiteht\u00e4viin rajavartiomiehen v\u00e4litt\u00f6m\u00e4ss\u00e4 ohjauksessa ja valvonnassa. Asevelvollisia ei k\u00e4sket\u00e4 vaarallisiin teht\u00e4viin t\u00e4n\u00e4\u00e4n valiokunnassa hyv\u00e4ksytyss\u00e4 lakiesityksess\u00e4.<\/p>\n<h3>&#8221;<em>Vaarallinen tilanne voi synty\u00e4 yll\u00e4tt\u00e4en<\/em>&#8221;<\/h3>\n<blockquote><p>&#8221;T\u00e4m\u00e4 oli valiokunnan mielest\u00e4 t\u00e4rke\u00e4 rajaus, joskin Rajavartiolaitoksen teht\u00e4vien takia voimakeinojen k\u00e4ytt\u00f6\u00e4 tai h\u00e4t\u00e4varjelua edellytt\u00e4v\u00e4 vaarallinen tilanne voi synty\u00e4 riskiarvioinnista huolimatta yll\u00e4tt\u00e4en, eik\u00e4 riski\u00e4 voi t\u00e4ysin poistaa kertausharjoituksen tarkoitusta vaarantamatta&#8221;, Kopra toteaa.<\/p><\/blockquote>\n<h3>Voimassa oleva laki s\u00e4\u00e4dettiin vuonna 2007 toisenlaisessa turvallisuustilanteessa<\/h3>\n<p>Puolustusvaliokunta kiinnitt\u00e4\u00e4 huomiota my\u00f6s laajempaan tarpeeseen uudistaa Puolustusvoimia, vapaaehtoista maanpuolustusta ja asevelvollisuutta koskevia lakeja. Ne s\u00e4\u00e4dettiin vuonna 2007 toisenlaisessa turvallisuustilanteessa. Osauudistuksista huolimatta lakien toimivuutta pit\u00e4isi tarkastella puolustusselonteon yhteydess\u00e4. Lait vaativat muutoksia my\u00f6s Suomen <strong>Nato-j\u00e4senyyden<\/strong> my\u00f6t\u00e4.\u00a0<img loading=\"lazy\" decoding=\"async\" class=\"alignnone size-full wp-image-144\" src=\"https:\/\/www.uutispeili.fi\/wp-content\/uploads\/2023\/11\/di.gold_.gif\" alt=\"\" width=\"11\" height=\"11\" \/><\/p>\n<p>Luettavaa:<\/p>\n<ul>\n<li>Puolustusvaliokunnan mietint\u00f6 <a href=\"https:\/\/www.eduskunta.fi\/FI\/vaski\/Mietinto\/Sivut\/PuVM_2+2024.aspx\" target=\"_blank\" rel=\"noopener\">PuVM 2\/2024 \u2013 HE 66\/2024 vp<\/a>,<\/li>\n<\/ul>\n","protected":false},"excerpt":{"rendered":"<p>Eduskunnan puolustusvaliokunta puoltaa t\u00e4n\u00e4\u00e4n valmistuneessa mietinn\u00f6ss\u00e4 yksimielisesti asevelvollisuuslain muutosta, jolla rajajoukkoihin sijoitettuja reservil\u00e4isi\u00e4 voidaan aiempaa nopeammin kutsua Rajavartiolaitoksen avuksi esimerkiksi v\u00e4lineellistetyn maahanmuuton torjuntaan.\u00a0 (Kuvaan on k\u00e4ytetty aineistoa eri l\u00e4hteist\u00e4.) &#8221;Turvallisuusymp\u00e4rist\u00f6mme on arvaamaton, ja meid\u00e4n on varauduttava Ven\u00e4j\u00e4n hybridiuhkiin kaikin mahdollisin keinoin. Rajavartiolaitoksen oma henkil\u00f6kunta ei v\u00e4ltt\u00e4m\u00e4tt\u00e4 riit\u00e4 \u00e4killisiin tilanteisiin, eik\u00e4 silloin voida odottaa kolmea kuukautta [&hellip;]<\/p>\n","protected":false},"author":3,"featured_media":2298,"comment_status":"open","ping_status":"open","sticky":false,"template":"","format":"standard","meta":{"footnotes":""},"categories":[49],"tags":[],"_links":{"self":[{"href":"https:\/\/www.uutispeili.fi\/index.php\/wp-json\/wp\/v2\/posts\/2297"}],"collection":[{"href":"https:\/\/www.uutispeili.fi\/index.php\/wp-json\/wp\/v2\/posts"}],"about":[{"href":"https:\/\/www.uutispeili.fi\/index.php\/wp-json\/wp\/v2\/types\/post"}],"author":[{"embeddable":true,"href":"https:\/\/www.uutispeili.fi\/index.php\/wp-json\/wp\/v2\/users\/3"}],"replies":[{"embeddable":true,"href":"https:\/\/www.uutispeili.fi\/index.php\/wp-json\/wp\/v2\/comments?post=2297"}],"version-history":[{"count":1,"href":"https:\/\/www.uutispeili.fi\/index.php\/wp-json\/wp\/v2\/posts\/2297\/revisions"}],"predecessor-version":[{"id":2299,"href":"https:\/\/www.uutispeili.fi\/index.php\/wp-json\/wp\/v2\/posts\/2297\/revisions\/2299"}],"wp:featuredmedia":[{"embeddable":true,"href":"https:\/\/www.uutispeili.fi\/index.php\/wp-json\/wp\/v2\/media\/2298"}],"wp:attachment":[{"href":"https:\/\/www.uutispeili.fi\/index.php\/wp-json\/wp\/v2\/media?parent=2297"}],"wp:term":[{"taxonomy":"category","embeddable":true,"href":"https:\/\/www.uutispeili.fi\/index.php\/wp-json\/wp\/v2\/categories?post=2297"},{"taxonomy":"post_tag","embeddable":true,"href":"https:\/\/www.uutispeili.fi\/index.php\/wp-json\/wp\/v2\/tags?post=2297"}],"curies":[{"name":"wp","href":"https:\/\/api.w.org\/{rel}","templated":true}]}}