{"id":2287,"date":"2024-06-25T13:47:43","date_gmt":"2024-06-25T13:47:43","guid":{"rendered":"https:\/\/www.uutispeili.fi\/?p=2287"},"modified":"2024-06-25T14:13:48","modified_gmt":"2024-06-25T14:13:48","slug":"rajalaki-kriittisessa-vaiheessa-missa-maahanmuuttokriittiset","status":"publish","type":"post","link":"https:\/\/www.uutispeili.fi\/index.php\/2024\/06\/25\/rajalaki-kriittisessa-vaiheessa-missa-maahanmuuttokriittiset\/","title":{"rendered":"Rajalaki kriittisess\u00e4 vaiheessa, -miss\u00e4 -maahanmuuttokriittiset&#8217;?"},"content":{"rendered":"<p><strong>Suomalainen <em>\u00e4\u00e4rioikeisto<\/em>, joka yleens\u00e4 r\u00e4ksytt\u00e4\u00e4 ty\u00f6kseen <em>Perussuomalaisille<\/em>, kuin piski puun alla -jossa teeri istuu oksalla- unohti iloita viime vuoden marraskuussa s\u00e4\u00e4detyist\u00e4 it\u00e4rajan moratoriosta, ja sama jengi n\u00e4ytt\u00e4\u00e4 olevan hiljaa hallituksen rajalaki-esityksest\u00e4? -Niin miksi.<\/strong><\/p>\n<p>Juuri nyt kaikkien <strong>#is\u00e4nmaallisten<\/strong> suomalaisten tulisi antaa vankka ja vilpit\u00f6n tuki istuvalle hallitukselle, sen ponnistellessa it\u00e4rajan takaa v\u00e4ijyv\u00e4\u00e4 uhkaa vastaan. -Muistamme kaikki elokuun <strong>2015<\/strong>, jolloin <strong>Rajavartiostolla<\/strong> oli valmis operaatiosuunnitelma, sille nimetyt toimeenpanijat ja resurssit, mutta <strong>poliittinen p\u00e4\u00e4t\u00f6s<\/strong> j\u00e4i uupumaan. T\u00e4n\u00e4\u00e4n on toisin.<\/p>\n<p>Nuoret varusmiehet joutuivat v.2015 kantamaan paperittomien (=luvattomien) maahantulijoiden kaps\u00e4kkej\u00e4 -ja aivan v\u00e4\u00e4r\u00e4\u00e4n suuntaan- ja Suomeen tulvahti 30-50 000 tulijaa. My\u00f6hemmin on toki my\u00f6nnetty, ettei mik\u00e4\u00e4n laki tai sopimus olisi pakottanut Suomea ottamaan tulijoita vastaan.<\/p>\n<blockquote><p>En muistele, keit\u00e4 silloin oli &#8221;puikoissa&#8221;, -nyt menn\u00e4\u00e4n eteenp\u00e4in kaivelematta vanhoja.<\/p><\/blockquote>\n<p>Marraskuussa 2023 saatiin aikaan tilap\u00e4istoimet, ja kes\u00e4ll\u00e4-24 on pysyv\u00e4isratkaisu p\u00f6yd\u00e4ll\u00e4 eduskunnassa, hallituksen lakiesityksen\u00e4. J\u00e4nnitet\u00e4\u00e4n, mit\u00e4 <em>demarit<\/em> tekee, -he ovat vaa&#8217;ankielen\u00e4. Pidet\u00e4\u00e4n peukkua!<\/p>\n<p>-Mutta meill\u00e4h\u00e4n ulkoparlamentaaristakin &#8217;<em>maahanmuuttokritiikki\u00e4<\/em>&#8217;! -Sielt\u00e4h\u00e4n varmaan kuuluu tukea hallitukselle, joka (t\u00e4ll\u00e4 kertaa) on <em>Oikealla Asialla<\/em>? -Kuuluuhan??<\/p>\n<p>Ellei sitten Suomen pelastajana ole nyt v\u00e4\u00e4r\u00e4t tahot, ja musulmaanien invaasio uhkaa Suomea aivan v\u00e4\u00e4r\u00e4st\u00e4 ilmansuunnasta? Nyt tarvittaisiin hallituksen monien (pitk\u00e4aikaiset) toiveet t\u00e4ytt\u00e4v\u00e4n esityksen tukemista, -ei <em>reviirinvartiointia<\/em>.<\/p>\n<p>Saahan sit\u00e4 kysy\u00e4.<\/p>\n<p>Pekka Kemppainen 25.06. 2024<\/p>\n<p>Luettavaa:<\/p>\n<ul>\n<li><a href=\"https:\/\/www.is.fi\/politiikka\/art-2000010022233.html\" target=\"_blank\" rel=\"noopener\"><strong>Iltasanomat<\/strong><\/a> 28.11. 2023: <a href=\"https:\/\/www.is.fi\/politiikka\/art-2000010022233.html\" target=\"_blank\" rel=\"noopener\">Koko it\u00e4raja kiinni kahdeksi viikoksi<\/a><br \/>\n<a href=\"_wp_link_placeholder\">Kansainv\u00e4lisen suojelun hakeminen keskitet\u00e4\u00e4n avoinna oleville lentoliikenteen ja vesiliikenteen rajanylityspaikoille<\/a>; HALLITUS on p\u00e4\u00e4tt\u00e4nyt sulkea koko it\u00e4rajan. P\u00e4\u00e4t\u00f6s astuu voimaan keskiviikon ja torstain v\u00e4lisen\u00e4 y\u00f6n\u00e4 kello 00.00.<\/li>\n<\/ul>\n<blockquote class=\"wp-embedded-content\" data-secret=\"zbLBDcIJv0\"><p><a href=\"https:\/\/www.uutispeili.fi\/index.php\/2024\/03\/05\/lissu-huomautti-aarioikeisto-on-venajan-puolella\/\">Li huomautti: \u00c4\u00e4rioikeisto on Ven\u00e4j\u00e4n puolella<\/a><\/p><\/blockquote>\n<p><iframe class=\"wp-embedded-content\" sandbox=\"allow-scripts\" security=\"restricted\" style=\"position: absolute; clip: rect(1px, 1px, 1px, 1px);\" title=\"&#8221;Li huomautti: \u00c4\u00e4rioikeisto on Ven\u00e4j\u00e4n puolella&#8221; &#8212; \" src=\"https:\/\/www.uutispeili.fi\/index.php\/2024\/03\/05\/lissu-huomautti-aarioikeisto-on-venajan-puolella\/embed\/#?secret=IF1jW9BHr3#?secret=zbLBDcIJv0\" data-secret=\"zbLBDcIJv0\" width=\"600\" height=\"338\" frameborder=\"0\" marginwidth=\"0\" marginheight=\"0\" scrolling=\"no\"><\/iframe><\/p>\n<p>Aiheesta muissa medioissa:<\/p>\n<blockquote class=\"wp-embedded-content\" data-secret=\"PKlwSGaOmo\"><p><a href=\"https:\/\/uutisiahauskastijakiinnostavasti.wordpress.com\/2023\/11\/28\/itaraja-meni-sitten-kiinni-hallelujaa\/\">It\u00e4raja meni sitten kiinni,&nbsp;Hallelujaa!<\/a><\/p><\/blockquote>\n<p><iframe class=\"wp-embedded-content\" sandbox=\"allow-scripts\" security=\"restricted\" style=\"position: absolute; clip: rect(1px, 1px, 1px, 1px);\" title=\"&#8221;It\u00e4raja meni sitten kiinni,&nbsp;Hallelujaa!&#8221; &#8212; Uutisia Hauskasti ja Kiinnostavasti\" src=\"https:\/\/uutisiahauskastijakiinnostavasti.wordpress.com\/2023\/11\/28\/itaraja-meni-sitten-kiinni-hallelujaa\/embed\/#?secret=lrSUjwtWEH#?secret=PKlwSGaOmo\" data-secret=\"PKlwSGaOmo\" width=\"600\" height=\"338\" frameborder=\"0\" marginwidth=\"0\" marginheight=\"0\" scrolling=\"no\"><\/iframe><\/p>\n","protected":false},"excerpt":{"rendered":"<p>Suomalainen \u00e4\u00e4rioikeisto, joka yleens\u00e4 r\u00e4ksytt\u00e4\u00e4 ty\u00f6kseen Perussuomalaisille, kuin piski puun alla -jossa teeri istuu oksalla- unohti iloita viime vuoden marraskuussa s\u00e4\u00e4detyist\u00e4 it\u00e4rajan moratoriosta, ja sama jengi n\u00e4ytt\u00e4\u00e4 olevan hiljaa hallituksen rajalaki-esityksest\u00e4? -Niin miksi. Juuri nyt kaikkien #is\u00e4nmaallisten suomalaisten tulisi antaa vankka ja vilpit\u00f6n tuki istuvalle hallitukselle, sen ponnistellessa it\u00e4rajan takaa v\u00e4ijyv\u00e4\u00e4 uhkaa vastaan. -Muistamme kaikki [&hellip;]<\/p>\n","protected":false},"author":3,"featured_media":2288,"comment_status":"open","ping_status":"open","sticky":false,"template":"","format":"standard","meta":{"footnotes":""},"categories":[21],"tags":[],"_links":{"self":[{"href":"https:\/\/www.uutispeili.fi\/index.php\/wp-json\/wp\/v2\/posts\/2287"}],"collection":[{"href":"https:\/\/www.uutispeili.fi\/index.php\/wp-json\/wp\/v2\/posts"}],"about":[{"href":"https:\/\/www.uutispeili.fi\/index.php\/wp-json\/wp\/v2\/types\/post"}],"author":[{"embeddable":true,"href":"https:\/\/www.uutispeili.fi\/index.php\/wp-json\/wp\/v2\/users\/3"}],"replies":[{"embeddable":true,"href":"https:\/\/www.uutispeili.fi\/index.php\/wp-json\/wp\/v2\/comments?post=2287"}],"version-history":[{"count":2,"href":"https:\/\/www.uutispeili.fi\/index.php\/wp-json\/wp\/v2\/posts\/2287\/revisions"}],"predecessor-version":[{"id":2290,"href":"https:\/\/www.uutispeili.fi\/index.php\/wp-json\/wp\/v2\/posts\/2287\/revisions\/2290"}],"wp:featuredmedia":[{"embeddable":true,"href":"https:\/\/www.uutispeili.fi\/index.php\/wp-json\/wp\/v2\/media\/2288"}],"wp:attachment":[{"href":"https:\/\/www.uutispeili.fi\/index.php\/wp-json\/wp\/v2\/media?parent=2287"}],"wp:term":[{"taxonomy":"category","embeddable":true,"href":"https:\/\/www.uutispeili.fi\/index.php\/wp-json\/wp\/v2\/categories?post=2287"},{"taxonomy":"post_tag","embeddable":true,"href":"https:\/\/www.uutispeili.fi\/index.php\/wp-json\/wp\/v2\/tags?post=2287"}],"curies":[{"name":"wp","href":"https:\/\/api.w.org\/{rel}","templated":true}]}}