{"id":2237,"date":"2024-06-19T11:00:20","date_gmt":"2024-06-19T11:00:20","guid":{"rendered":"https:\/\/www.uutispeili.fi\/?p=2237"},"modified":"2024-06-22T08:51:29","modified_gmt":"2024-06-22T08:51:29","slug":"perustuslakivaliokunta-paatti-olla-suomalaisten-puolella","status":"publish","type":"post","link":"https:\/\/www.uutispeili.fi\/index.php\/2024\/06\/19\/perustuslakivaliokunta-paatti-olla-suomalaisten-puolella\/","title":{"rendered":"Perustuslakivaliokunta p\u00e4\u00e4tti olla suomalaisten puolella"},"content":{"rendered":"<p><strong>Perustuslakivaliokunnan ylivoimainen enemmist\u00f6 on \u00e4\u00e4nest\u00e4nyt -17 vastaan 2- it\u00e4rajan k\u00e4\u00e4nnytysten puolesta.<\/strong><\/p>\n<p>(Kuvaan on k\u00e4ytetty Extrauutisten aineistoa.)<\/p>\n<p>Holtittoman <strong>Ven\u00e4j\u00e4n<\/strong> harjoittaman v\u00e4lineellistetyn, ihmisest\u00e4 aseen tekev\u00e4n, maahanmuuton kannalle asettuivat eduskuntapuolueista vain <em>Vasemmistoliiton<\/em> <strong>Anna Kontula<\/strong> ja <em>Vihreiden<\/em> <strong>Fatim Diarra<\/strong>.<\/p>\n<p>Vihre\u00e4th\u00e4n olivat k\u00e4\u00e4nnytyslakia vastaan \u200b\u200bjo ennen kuin sanaakaan lakiehdotuksesta oli kirjoitettu. Fatim Diarralle vastustajansa ovat antaneet -ilke\u00e4n- &#8221;lempinimen&#8221; &#8221;<em>Darra<\/em>&#8221;.<\/p>\n<p>Stadilainen vihre\u00e4 Diarra on tullut valtakunnan julkkikseksi ensin v\u00e4itt\u00e4m\u00e4ll\u00e4, ett\u00e4 &#8221;<em>Pello on Kuusamon naapurikunta<\/em>&#8221;. -Oikeasti linnuntiet\u00e4 matkaa on yli 200 kilometri\u00e4. Fatima my\u00f6s esitti joku vuosi sitten, ett\u00e4 &#8217;<em>persut asuvat mets\u00e4ss\u00e4, jotta -kun he hakkaa vaimojaan, niin kukaan ei kuule<\/em>&#8217;.<\/p>\n<p>Perusuomalaisten \u00e4\u00e4nist\u00e4 tulee vaalitulosten mukaan ylivoimainen enemmist\u00f6 kaupungeista, ja niist\u00e4kin maamme kymmenest\u00e4 suurimmasta kaupungista. Diarra kunnostautui my\u00f6s vaatimalla <strong>Helkama<\/strong>lta lahjuksena 3000 euron s\u00e4hk\u00f6py\u00f6r\u00e4\u00e4, mutta kun asia tuli julki niin h\u00e4n joutuikin itse maksamaan py\u00f6r\u00e4n.<\/p>\n<p><strong>Anna Kontula<\/strong> my\u00f6s on omintakeinen kansanedustaja. H\u00e4n on manselainen valtiop\u00e4iv\u00e4-nainen, akateemiselta arvoltaan tohtori, ja kertoo olevansa &#8221;<em>eduskunnan ainoa kommunisti<\/em>&#8221;.\u00a0 -Niin h\u00e4n on itse vakuuttanut.<\/p>\n<h3>K\u00e4\u00e4nnytyslain toteuttaminen hallituksen esitt\u00e4m\u00e4ss\u00e4 muodossa on sosialidemokraattien k\u00e4siss\u00e4<\/h3>\n<div>Lain on l\u00e4pimenn\u00e4kseen nopeutetussa j\u00e4rjestyksess\u00e4 -eli siis aika lailla kohta- saatava 5\/6 edustajista taakseen,. Muutoin se siirtyy seuraavalle eduskunnalle. On selv\u00e4\u00e4, ett\u00e4 Vasemmistoliiton ja Vihreiden \u00e4\u00e4net -24 yhteens\u00e4- eiv\u00e4t riit\u00e4 lain kaatamiseen. Siihen tarvitaan 34 \u00e4\u00e4nt\u00e4.<\/div>\n<div><\/div>\n<div>\u00a0T\u00e4ss\u00e4 kohtaa kuvaan astuvat demarien vastaanhangoittelijat, vaikkakin eduskunnassa sosiaalidemokraattien k\u00e4ymieni keskustelujen perusteella vaikuttaa vahvasti silt\u00e4, ett\u00e4 he\u00a0 ovat valmiita hyv\u00e4ksym\u00e4\u00e4n k\u00e4\u00e4nnytyslain hallituksen esitt\u00e4m\u00e4ss\u00e4 muodossa. -Sen verran &#8221;<em>Tannerilaisuutta<\/em>&#8221; puolueessa on. Ehk\u00e4 joitakin pieni\u00e4 viilauksia tullaan vaatimaan.<\/div>\n<div><\/div>\n<div>Toki muutama &#8221;<em>\u00e4nkyr\u00e4<\/em>&#8221; l\u00f6ytyy, kuten t\u00e4m\u00e4n hetken tiedon perusteella ainakin ensimm\u00e4isen kauden kansanedustaja helsinkil\u00e4inen <strong>Elisa Gebhard<\/strong>. H\u00e4net muistetaan <strong>Sanna Marinin<\/strong> erityisavustajana viime hallituksen ajoilta.<\/div>\n<div><\/div>\n<div>My\u00f6s SDP:n <strong>Helsingin<\/strong> puoluevaltuutetut vaativat omia edustajiaan laittamaan lain puihin. Samalla kannalla ovat Helsingin <strong>demarinuoret<\/strong>.<\/div>\n<div><\/div>\n<blockquote>\n<div>Demarien k\u00e4ytt\u00e4ytyminen on nyt lujasti kiinni siit\u00e4 mihin puolueen puheenjohtaja <strong>Antti Lindtman<\/strong> ja eduskuntaryhm\u00e4n puheenjohtaja <strong>Tytti Tuppurainen<\/strong> kallistuvat.<\/div>\n<\/blockquote>\n<div><\/div>\n<div>Molemmat ovat suhtautuneet kielteisesti <strong>Ven\u00e4j\u00e4n<\/strong> vastenmieliseen operaatioon Suomea kohtaan. mutta ovat painottaneet &#8221;<em>ihmisoikeus-kysymyksi\u00e4<\/em>&#8221;, koska k\u00e4\u00e4nnytyslakiesitys est\u00e4isi m\u00e4\u00e4r\u00e4-ajaksi turvapaikan haun it\u00e4rajallamme.<\/div>\n<div><\/div>\n<div>Lain puoltajat taas katsovat, ett\u00e4 kysymyksess\u00e4 on hy\u00f6kk\u00e4ys Suomea kohtaan, sill\u00e4 noista rajan yli pyrkij\u00f6ist\u00e4 -on jo t\u00e4nne tulleiden- puhutteluissa k\u00e4ynyt ilmi, ett\u00e4 suuri joukko heist\u00e4 on asunut kaikessa rauhassa Ven\u00e4j\u00e4ll\u00e4 -jopa yli 10 vuotta- eli mist\u00e4\u00e4n todellisesta turvapaikan hausta ei ole kysymys.<\/div>\n<div><\/div>\n<h3>Lain vastustajien vastuu on valtava<\/h3>\n<div><\/div>\n<div>Ensinn\u00e4kin, on kysymys Suomen ja suomalaisten turvallisuudesta: Jos rajat taas avataan, ja Ven\u00e4j\u00e4 &#8221;<em>painaa kaasun pohjaan<\/em>&#8221; ajaessaan siell\u00e4 olevia ulkomaalaistaustaisia -ennen muuta muslimeita- rajan yli Suomeen, voi kysymys on miljoonista siirtolaisista. Oikeasti turvapaikkaan oikeuttavia perusteita ei ehk\u00e4 sitten l\u00f6ydy kuin promillelta heist\u00e4,\u00a0 jos silt\u00e4k\u00e4\u00e4n m\u00e4\u00e4r\u00e4lt\u00e4, -ja sit\u00e4 paitsi Ven\u00e4j\u00e4 on turvallinen maa.<\/div>\n<div><\/div>\n<div>Jos siis tuo mahdollinen kauhuskenaario toteutuu, Suomen talous romahtaa ja samoin romahtaa suomalainen yhteiskunta. Tuollaisen invaasion kohdatessa maahamme syntyy sotatila, mit\u00e4 varmasti Vasemmistoliitto, eiv\u00e4t Vihre\u00e4t, eiv\u00e4tk\u00e4 demarinuoret ole maksamassa, tai sit\u00e4 onnekkaasti selvitt\u00e4m\u00e4ss\u00e4.<\/div>\n<div><\/div>\n<blockquote>\n<div>T\u00e4ss\u00e4 laissa on kysymys Suomen itsen\u00e4isyydest\u00e4. Karrikoidusti voi kysy\u00e4 &#8221;Darralta&#8221;, Annalta ja Elisalta, mik\u00e4 teille on t\u00e4rke\u00e4mp\u00e4\u00e4: Maamme itsem\u00e4\u00e4r\u00e4\u00e4misoikeus, rauha, Suomi, suomalaiset ja suomalaisuus, vai luku-, kirjoitus-, ammatti-, kieli- ja tapataidottomien p\u00e4\u00e4sy suomalaisten kustantamaan liki ikiaikaiseen pitop\u00f6yt\u00e4\u00e4n.<\/div>\n<\/blockquote>\n<div><\/div>\n<div>Seppo Huhta<\/div>\n<div><\/div>\n","protected":false},"excerpt":{"rendered":"<p>Perustuslakivaliokunnan ylivoimainen enemmist\u00f6 on \u00e4\u00e4nest\u00e4nyt -17 vastaan 2- it\u00e4rajan k\u00e4\u00e4nnytysten puolesta. (Kuvaan on k\u00e4ytetty Extrauutisten aineistoa.) Holtittoman Ven\u00e4j\u00e4n harjoittaman v\u00e4lineellistetyn, ihmisest\u00e4 aseen tekev\u00e4n, maahanmuuton kannalle asettuivat eduskuntapuolueista vain Vasemmistoliiton Anna Kontula ja Vihreiden Fatim Diarra. Vihre\u00e4th\u00e4n olivat k\u00e4\u00e4nnytyslakia vastaan \u200b\u200bjo ennen kuin sanaakaan lakiehdotuksesta oli kirjoitettu. Fatim Diarralle vastustajansa ovat antaneet -ilke\u00e4n- &#8221;lempinimen&#8221; &#8221;Darra&#8221;. Stadilainen [&hellip;]<\/p>\n","protected":false},"author":5,"featured_media":0,"comment_status":"open","ping_status":"open","sticky":false,"template":"","format":"standard","meta":{"footnotes":""},"categories":[49,54],"tags":[],"_links":{"self":[{"href":"https:\/\/www.uutispeili.fi\/index.php\/wp-json\/wp\/v2\/posts\/2237"}],"collection":[{"href":"https:\/\/www.uutispeili.fi\/index.php\/wp-json\/wp\/v2\/posts"}],"about":[{"href":"https:\/\/www.uutispeili.fi\/index.php\/wp-json\/wp\/v2\/types\/post"}],"author":[{"embeddable":true,"href":"https:\/\/www.uutispeili.fi\/index.php\/wp-json\/wp\/v2\/users\/5"}],"replies":[{"embeddable":true,"href":"https:\/\/www.uutispeili.fi\/index.php\/wp-json\/wp\/v2\/comments?post=2237"}],"version-history":[{"count":2,"href":"https:\/\/www.uutispeili.fi\/index.php\/wp-json\/wp\/v2\/posts\/2237\/revisions"}],"predecessor-version":[{"id":2268,"href":"https:\/\/www.uutispeili.fi\/index.php\/wp-json\/wp\/v2\/posts\/2237\/revisions\/2268"}],"wp:attachment":[{"href":"https:\/\/www.uutispeili.fi\/index.php\/wp-json\/wp\/v2\/media?parent=2237"}],"wp:term":[{"taxonomy":"category","embeddable":true,"href":"https:\/\/www.uutispeili.fi\/index.php\/wp-json\/wp\/v2\/categories?post=2237"},{"taxonomy":"post_tag","embeddable":true,"href":"https:\/\/www.uutispeili.fi\/index.php\/wp-json\/wp\/v2\/tags?post=2237"}],"curies":[{"name":"wp","href":"https:\/\/api.w.org\/{rel}","templated":true}]}}