{"id":2092,"date":"2024-05-30T15:52:40","date_gmt":"2024-05-30T15:52:40","guid":{"rendered":"https:\/\/www.uutispeili.fi\/?p=2092"},"modified":"2024-05-30T15:52:40","modified_gmt":"2024-05-30T15:52:40","slug":"ukraina-saa-kayttaa-tanskan-lahjoittamia-f-16-havittajia-venajan-alueella","status":"publish","type":"post","link":"https:\/\/www.uutispeili.fi\/index.php\/2024\/05\/30\/ukraina-saa-kayttaa-tanskan-lahjoittamia-f-16-havittajia-venajan-alueella\/","title":{"rendered":"Ukraina saa k\u00e4ytt\u00e4\u00e4 Tanskan lahjoittamia F-16 -h\u00e4vitt\u00e4ji\u00e4 Ven\u00e4j\u00e4n alueella"},"content":{"rendered":"<p><strong>Tanskan ulkoministeri\u00a0totesi t\u00e4n\u00e4\u00e4n torstaina Brysseliss\u00e4, ett\u00e4 Ukraina voi k\u00e4ytt\u00e4\u00e4 tanskalaisia \u200b\u200bF-16-h\u00e4vitt\u00e4ji\u00e4 iskem\u00e4\u00e4n sotilaallisiin kohteisiin my\u00f6s Ven\u00e4j\u00e4n alueella.<\/strong><\/p>\n<p>Ulkoministeri <strong>Lars L\u00fccke Rasmussen <\/strong>vastasi toimittajien kysymykseen, sallitaanko Tanska <strong>Ukrainan<\/strong> k\u00e4ytt\u00e4\u00e4 maansa luovuttamia <strong>F-16<\/strong>-h\u00e4vitt\u00e4j\u00e4lentokoneita iske\u00e4kseen <strong>Ven\u00e4j\u00e4n<\/strong> alueella oleviin kohteisiin.<\/p>\n<h2>&#8221;Lyhyt vastaus on kyll\u00e4&#8221;<\/h2>\n<blockquote><p>&#8221;Lyhyt vastaus on kyll\u00e4&#8221;, Rasmussen sanoi. <span style=\"font-size: revert; color: initial;\">&#8221;Kun keskustelimme t\u00e4st\u00e4 ulkoasiainvaliokuntamme kanssa Tanskan parlamentissa, teimme alusta alkaen selv\u00e4ksi, ett\u00e4 t\u00e4m\u00e4 on osa itsepuolustusta, joten se on mahdollista. hy\u00f6k\u00e4t\u00e4 my\u00f6s sotilaskohteisiin hy\u00f6kk\u00e4\u00e4j\u00e4n alueella&#8221;, ministeri t\u00e4smensi.<\/span><\/p><\/blockquote>\n<p>Brittil\u00e4isen <em>Evening Standard<\/em> -sanomalehden10.05. julkaistussa uutisessa kerrottiin &#8221;<em>korkea-arvoiseen sotilasl\u00e4hteeseen<\/em>&#8221; viitaten, ett\u00e4 Ukraina saa ensimm\u00e4iset F-16-h\u00e4vitt\u00e4j\u00e4t &#8221;<em>muutaman viikon sis\u00e4ll\u00e4<\/em>&#8221;. Ensimm\u00e4inen ryhm\u00e4 <strong>Yhdysvalloissa<\/strong> koulutettavista ukrainalaisista \u200b\u200blent\u00e4jist\u00e4 on jo suorittanut koulutuksen F-16-koneilla. He opiskelivat sotilastukikohdassa <strong>Arizonassa<\/strong>.<\/p>\n<p>Ukrainan uutistoimisto on jo aiemmin raportoinut <strong>Tanskan<\/strong> p\u00e4\u00e4ministeri <strong>Mette Frederiksen<\/strong>in sanoneen F-16-monitoimih\u00e4vitt\u00e4jien saapuvan Ukrainaan kuukauden sis\u00e4ll\u00e4. Ukraina on jo saanut <strong>T\u0161ekin<\/strong> tasavallasta ensimm\u00e4isen F-16-monitoimih\u00e4vitt\u00e4j\u00e4lentokoneen simulaattorin. Muiden maiden ohella Norja ja Belgia ovat ilmoittaneet aikomuksestaan \u200b\u200bsiirt\u00e4\u00e4 F-16 -h\u00e4vitt\u00e4ji\u00e4 Ukrainaan, ja j\u00e4lkimm\u00e4inen siirt\u00e4\u00e4 30 h\u00e4vitt\u00e4j\u00e4\u00e4 vuoteen 2028 menness\u00e4.<\/p>\n<p>Ukrainan parantuva kyky lentokoneista l\u00e4hetett\u00e4vien ohjusten ja liitopommien torjuntaan, -k\u00e4ytt\u00e4m\u00e4ll\u00e4 mm. F-16-h\u00e4vitt\u00e4jien aseita viel\u00e4 Ven\u00e4j\u00e4n ilmatilassa olevia hy\u00f6kk\u00e4\u00e4ji\u00e4 vastaan- helpottaa asutuskeskusten suojaamista ilma-iskuilta. <img loading=\"lazy\" decoding=\"async\" class=\"alignnone size-full wp-image-144\" src=\"https:\/\/www.uutispeili.fi\/wp-content\/uploads\/2023\/11\/di.gold_.gif\" alt=\"\" width=\"11\" height=\"11\" \/><\/p>\n<p>Luettavaa:<\/p>\n<ul>\n<li><a href=\"https:\/\/ukranews.com\/en\/news\/1009970-ukraine-will-be-able-to-use-danish-f-16-fighter-jets-to-strike-targets-in-russia-minister?utm_source=gravitec&amp;utm_medium=push&amp;utm_campaign=\" target=\"_blank\" rel=\"noopener\">Ukrainian News<\/a> 30.05. 2024,<\/li>\n<li><a href=\"https:\/\/www.eurointegration.com.ua\/news\/2024\/05\/30\/7187061\/\" target=\"_blank\" rel=\"noopener\">Europeiska Pravda<\/a> 30.05. 2024,<\/li>\n<\/ul>\n","protected":false},"excerpt":{"rendered":"<p>Tanskan ulkoministeri\u00a0totesi t\u00e4n\u00e4\u00e4n torstaina Brysseliss\u00e4, ett\u00e4 Ukraina voi k\u00e4ytt\u00e4\u00e4 tanskalaisia \u200b\u200bF-16-h\u00e4vitt\u00e4ji\u00e4 iskem\u00e4\u00e4n sotilaallisiin kohteisiin my\u00f6s Ven\u00e4j\u00e4n alueella. Ulkoministeri Lars L\u00fccke Rasmussen vastasi toimittajien kysymykseen, sallitaanko Tanska Ukrainan k\u00e4ytt\u00e4\u00e4 maansa luovuttamia F-16-h\u00e4vitt\u00e4j\u00e4lentokoneita iske\u00e4kseen Ven\u00e4j\u00e4n alueella oleviin kohteisiin. &#8221;Lyhyt vastaus on kyll\u00e4&#8221; &#8221;Lyhyt vastaus on kyll\u00e4&#8221;, Rasmussen sanoi. &#8221;Kun keskustelimme t\u00e4st\u00e4 ulkoasiainvaliokuntamme kanssa Tanskan parlamentissa, teimme alusta [&hellip;]<\/p>\n","protected":false},"author":3,"featured_media":2094,"comment_status":"open","ping_status":"open","sticky":false,"template":"","format":"standard","meta":{"footnotes":""},"categories":[7],"tags":[],"_links":{"self":[{"href":"https:\/\/www.uutispeili.fi\/index.php\/wp-json\/wp\/v2\/posts\/2092"}],"collection":[{"href":"https:\/\/www.uutispeili.fi\/index.php\/wp-json\/wp\/v2\/posts"}],"about":[{"href":"https:\/\/www.uutispeili.fi\/index.php\/wp-json\/wp\/v2\/types\/post"}],"author":[{"embeddable":true,"href":"https:\/\/www.uutispeili.fi\/index.php\/wp-json\/wp\/v2\/users\/3"}],"replies":[{"embeddable":true,"href":"https:\/\/www.uutispeili.fi\/index.php\/wp-json\/wp\/v2\/comments?post=2092"}],"version-history":[{"count":2,"href":"https:\/\/www.uutispeili.fi\/index.php\/wp-json\/wp\/v2\/posts\/2092\/revisions"}],"predecessor-version":[{"id":2095,"href":"https:\/\/www.uutispeili.fi\/index.php\/wp-json\/wp\/v2\/posts\/2092\/revisions\/2095"}],"wp:featuredmedia":[{"embeddable":true,"href":"https:\/\/www.uutispeili.fi\/index.php\/wp-json\/wp\/v2\/media\/2094"}],"wp:attachment":[{"href":"https:\/\/www.uutispeili.fi\/index.php\/wp-json\/wp\/v2\/media?parent=2092"}],"wp:term":[{"taxonomy":"category","embeddable":true,"href":"https:\/\/www.uutispeili.fi\/index.php\/wp-json\/wp\/v2\/categories?post=2092"},{"taxonomy":"post_tag","embeddable":true,"href":"https:\/\/www.uutispeili.fi\/index.php\/wp-json\/wp\/v2\/tags?post=2092"}],"curies":[{"name":"wp","href":"https:\/\/api.w.org\/{rel}","templated":true}]}}