{"id":2042,"date":"2024-05-18T07:48:19","date_gmt":"2024-05-18T07:48:19","guid":{"rendered":"https:\/\/www.uutispeili.fi\/?p=2042"},"modified":"2024-05-18T08:10:07","modified_gmt":"2024-05-18T08:10:07","slug":"viitsisiko-joku-vastata-maahanmuuttajan-kysymykseen-onko-yliopisto-muuttunut-madrassi-kouluksi","status":"publish","type":"post","link":"https:\/\/www.uutispeili.fi\/index.php\/2024\/05\/18\/viitsisiko-joku-vastata-maahanmuuttajan-kysymykseen-onko-yliopisto-muuttunut-madrassi-kouluksi\/","title":{"rendered":"Viitsisik\u00f6 joku vastata maahanmuuttajan kysymykseen: Onko yliopisto muuttunut madrassi-kouluksi?"},"content":{"rendered":"<p><strong>Helsingin yliopiston Porthania on liputettu ja piiritetty telttaleirill\u00e4, ja meininki vaikuttaa islamistisen Hamas-terroristikoplan tukemiselta.<\/strong><\/p>\n<h3>Mit\u00e4 Suomen p\u00e4\u00e4kaupungissa on tekeill\u00e4, kysyy Suomessa asuva maahanmuuttaja<\/h3>\n<p><a href=\"https:\/\/x.com\/BijanRezai\/status\/1791448484639322535\" target=\"_blank\" rel=\"noopener\"><img loading=\"lazy\" decoding=\"async\" class=\"size-full wp-image-2044 aligncenter\" src=\"https:\/\/www.uutispeili.fi\/wp-content\/uploads\/2024\/05\/twiitti-bijan0000.png\" alt=\"\" width=\"602\" height=\"575\" srcset=\"https:\/\/www.uutispeili.fi\/wp-content\/uploads\/2024\/05\/twiitti-bijan0000.png 602w, https:\/\/www.uutispeili.fi\/wp-content\/uploads\/2024\/05\/twiitti-bijan0000-300x287.png 300w\" sizes=\"(max-width: 602px) 100vw, 602px\" \/><\/a><\/p>\n<ul>\n<li><a href=\"https:\/\/x.com\/BijanRezai\/status\/1791448484639322535\" target=\"_blank\" rel=\"noopener\">https:\/\/x.com\/BijanRezai\/status\/1791448484639322535<\/a><\/li>\n<\/ul>\n<blockquote><p>\n<strong>Bijan Rezai Jahromi \u0628\u06cc\u0698\u0646 \u0631\u0636\u0627\u06cc\u06cc \u062c\u0647\u0631\u0645\u06cc<\/strong> kysyy: Onko t\u00e4m\u00e4 Suomen paras oikeustieteellinen tiedekunta vai naisten ja lasten raiskauksiin perustuva uskonnollinen islamilainen pappiskoulu. T\u00e4m\u00e4 on <strong>Helsinki\u00e4<\/strong> toukokuussa 2024.<\/p><\/blockquote>\n<p><strong>Porthania<\/strong> on tuttu paikka sukupolville suomalaisia opiskelijoita, tiedon, tieteen ja j\u00e4rjen tukikohtana. Toukokuussa 2024 sit\u00e4 leimaa yksipuolinen kannanottaminen L\u00e4hi-Id\u00e4n kriiseihin, ja kritiikitt\u00f6myys \u00e4\u00e4rij\u00e4rjest\u00f6\u00e4 kohtaan.<\/p>\n<p>\u00c4\u00e4riajattelijoiden dominoimat koraanikoulut, <em>madrassit<\/em>, sekoittivat nuorten afgaanien p\u00e4\u00e4t 2010-luvulla niin pahasti, ett\u00e4 ongelmat <strong>Afganistanissa<\/strong> jatkuvat yh\u00e4. -Toki, emme voi kotoisessa Suomessakaan paukutella henkseleit\u00e4: Aivan samoilla sijoilla, kuin t\u00e4n\u00e4\u00e4n islamistien tukijoiden telttaleiri, n\u00e4imme 1970-luvulla kotimaisten <em>talebaani<\/em>-versioiden, <em>stalibaanien<\/em> (taistolaisstalinistien) flaierien jakajajia, -ja aivan yht\u00e4 yksisilm\u00e4isen ja simppelin maailmankuvan agitaattoreina.<\/p>\n<p>Milloin palaa viile\u00e4 akateeminen j\u00e4rjenk\u00e4ytt\u00f6?<\/p>\n<p><em>O tempora, o mores! <img loading=\"lazy\" decoding=\"async\" class=\"alignnone size-full wp-image-144\" src=\"https:\/\/www.uutispeili.fi\/wp-content\/uploads\/2023\/11\/di.gold_.gif\" alt=\"\" width=\"11\" height=\"11\" \/><\/em><\/p>\n<blockquote class=\"wp-embedded-content\" data-secret=\"cKnBB7la6U\"><p><a href=\"https:\/\/www.uutispeili.fi\/index.php\/2024\/03\/25\/suomalaisilla-freelance-muusikoilla-ei-sitten-ole-mitaan-kantaa-joukkomurhaan-ulkoilmafestivaaleilla-viime-lokakuussa\/\">Suomalaisilla &#8217;Freelance-muusikoilla&#8217; ei sitten ole mit\u00e4\u00e4n kantaa joukkomurhaan ulkoilmafestivaaleilla viime lokakuussa?<\/a><\/p><\/blockquote>\n<p><iframe class=\"wp-embedded-content\" sandbox=\"allow-scripts\" security=\"restricted\" style=\"position: absolute; clip: rect(1px, 1px, 1px, 1px);\" title=\"&#8221;Suomalaisilla &#8217;Freelance-muusikoilla&#8217; ei sitten ole mit\u00e4\u00e4n kantaa joukkomurhaan ulkoilmafestivaaleilla viime lokakuussa?&#8221; &#8212; \" src=\"https:\/\/www.uutispeili.fi\/index.php\/2024\/03\/25\/suomalaisilla-freelance-muusikoilla-ei-sitten-ole-mitaan-kantaa-joukkomurhaan-ulkoilmafestivaaleilla-viime-lokakuussa\/embed\/#?secret=BhWE59UYzy#?secret=cKnBB7la6U\" data-secret=\"cKnBB7la6U\" width=\"600\" height=\"338\" frameborder=\"0\" marginwidth=\"0\" marginheight=\"0\" scrolling=\"no\"><\/iframe><\/p>\n<blockquote class=\"wp-embedded-content\" data-secret=\"kBkhuYjLTO\"><p><a href=\"https:\/\/www.uutispeili.fi\/index.php\/2024\/04\/09\/jumalia-joka-paikkaan-yliopistoonkin\/\">Jumalia joka paikkaan: Yliopistoonkin<\/a><\/p><\/blockquote>\n<p><iframe class=\"wp-embedded-content\" sandbox=\"allow-scripts\" security=\"restricted\" style=\"position: absolute; clip: rect(1px, 1px, 1px, 1px);\" title=\"&#8221;Jumalia joka paikkaan: Yliopistoonkin&#8221; &#8212; \" src=\"https:\/\/www.uutispeili.fi\/index.php\/2024\/04\/09\/jumalia-joka-paikkaan-yliopistoonkin\/embed\/#?secret=NDT6l1P0su#?secret=kBkhuYjLTO\" data-secret=\"kBkhuYjLTO\" width=\"600\" height=\"338\" frameborder=\"0\" marginwidth=\"0\" marginheight=\"0\" scrolling=\"no\"><\/iframe><\/p>\n<blockquote class=\"wp-embedded-content\" data-secret=\"DoKEDv5QsY\"><p><a href=\"https:\/\/www.uutispeili.fi\/index.php\/2024\/03\/14\/mita-amerikkalasisissa-kouluissa-tapahtuu-opettaja-kerasi-rahaa-vihasaarnaajalle\/\">Mit\u00e4 amerikkalaisissa kouluissa tapahtuu? -Opettaja ker\u00e4si rahaa vihasaarnaajalle<\/a><\/p><\/blockquote>\n<p><iframe class=\"wp-embedded-content\" sandbox=\"allow-scripts\" security=\"restricted\" style=\"position: absolute; clip: rect(1px, 1px, 1px, 1px);\" title=\"&#8221;Mit\u00e4 amerikkalaisissa kouluissa tapahtuu? -Opettaja ker\u00e4si rahaa vihasaarnaajalle&#8221; &#8212; \" src=\"https:\/\/www.uutispeili.fi\/index.php\/2024\/03\/14\/mita-amerikkalasisissa-kouluissa-tapahtuu-opettaja-kerasi-rahaa-vihasaarnaajalle\/embed\/#?secret=0lNketmfAp#?secret=DoKEDv5QsY\" data-secret=\"DoKEDv5QsY\" width=\"600\" height=\"338\" frameborder=\"0\" marginwidth=\"0\" marginheight=\"0\" scrolling=\"no\"><\/iframe><\/p>\n<blockquote class=\"wp-embedded-content\" data-secret=\"UMljgpstyu\"><p><a href=\"https:\/\/www.uutispeili.fi\/index.php\/2024\/04\/22\/yhdysvaltain-kampuksilla-protestileireja-harvard-sulkeutui-mielenosoituksilta-gaza-hiertaa-kengassa\/\">Yhdysvaltain kampuksilla protestileirej\u00e4, Harvard sulkeutui mielenosoituksilta, -Gaza hiert\u00e4\u00e4 keng\u00e4ss\u00e4<\/a><\/p><\/blockquote>\n<p><iframe class=\"wp-embedded-content\" sandbox=\"allow-scripts\" security=\"restricted\" style=\"position: absolute; clip: rect(1px, 1px, 1px, 1px);\" title=\"&#8221;Yhdysvaltain kampuksilla protestileirej\u00e4, Harvard sulkeutui mielenosoituksilta, -Gaza hiert\u00e4\u00e4 keng\u00e4ss\u00e4&#8221; &#8212; \" src=\"https:\/\/www.uutispeili.fi\/index.php\/2024\/04\/22\/yhdysvaltain-kampuksilla-protestileireja-harvard-sulkeutui-mielenosoituksilta-gaza-hiertaa-kengassa\/embed\/#?secret=bhFzID7M6z#?secret=UMljgpstyu\" data-secret=\"UMljgpstyu\" width=\"600\" height=\"338\" frameborder=\"0\" marginwidth=\"0\" marginheight=\"0\" scrolling=\"no\"><\/iframe><\/p>\n<blockquote class=\"wp-embedded-content\" data-secret=\"QP8tHiTKWW\"><p><a href=\"https:\/\/www.uutispeili.fi\/index.php\/2024\/02\/24\/antisemitismi-nostaa-rumaa-paataan-lantisessa-euroopassa-euroviisut-lyomaaseena\/\">Antisemitismi nostaa rumaa p\u00e4\u00e4t\u00e4\u00e4n l\u00e4ntisess\u00e4 Euroopassa, -Euroviisut ly\u00f6m\u00e4aseena<\/a><\/p><\/blockquote>\n<p><iframe class=\"wp-embedded-content\" sandbox=\"allow-scripts\" security=\"restricted\" style=\"position: absolute; clip: rect(1px, 1px, 1px, 1px);\" title=\"&#8221;Antisemitismi nostaa rumaa p\u00e4\u00e4t\u00e4\u00e4n l\u00e4ntisess\u00e4 Euroopassa, -Euroviisut ly\u00f6m\u00e4aseena&#8221; &#8212; \" src=\"https:\/\/www.uutispeili.fi\/index.php\/2024\/02\/24\/antisemitismi-nostaa-rumaa-paataan-lantisessa-euroopassa-euroviisut-lyomaaseena\/embed\/#?secret=D8lV8dL4z5#?secret=QP8tHiTKWW\" data-secret=\"QP8tHiTKWW\" width=\"600\" height=\"338\" frameborder=\"0\" marginwidth=\"0\" marginheight=\"0\" scrolling=\"no\"><\/iframe><\/p>\n<blockquote class=\"wp-embedded-content\" data-secret=\"JimtxGRTFB\"><p><a href=\"https:\/\/www.uutispeili.fi\/index.php\/2023\/12\/14\/hamas-aikoi-iskea-juutalaisiin-euroopassa\/\">Berliiniss\u00e4 pid\u00e4tettiin Hamas-terroristeja, ja yliopisto sulki luentotilaisuuden juutalais-opiskelijoilta<\/a><\/p><\/blockquote>\n<p><iframe class=\"wp-embedded-content\" sandbox=\"allow-scripts\" security=\"restricted\" style=\"position: absolute; clip: rect(1px, 1px, 1px, 1px);\" title=\"&#8221;Berliiniss\u00e4 pid\u00e4tettiin Hamas-terroristeja, ja yliopisto sulki luentotilaisuuden juutalais-opiskelijoilta&#8221; &#8212; \" src=\"https:\/\/www.uutispeili.fi\/index.php\/2023\/12\/14\/hamas-aikoi-iskea-juutalaisiin-euroopassa\/embed\/#?secret=xjg1LB9PNo#?secret=JimtxGRTFB\" data-secret=\"JimtxGRTFB\" width=\"600\" height=\"338\" frameborder=\"0\" marginwidth=\"0\" marginheight=\"0\" scrolling=\"no\"><\/iframe><\/p>\n<blockquote class=\"wp-embedded-content\" data-secret=\"zLUFM0YqFt\"><p><a href=\"https:\/\/www.uutispeili.fi\/index.php\/2024\/03\/04\/ykn-tutkijat-syyta-epailla-seksuaalista-vakivaltaa-kaytetyn-hamasin-hyokkayksessa-7-lokakuuta\/\">YK:n tutkijat: &#8217;Syyt\u00e4 ep\u00e4ill\u00e4&#8217; seksuaalista v\u00e4kivaltaa k\u00e4ytetyn Hamasin hy\u00f6kk\u00e4yksess\u00e4 7. lokakuuta<\/a><\/p><\/blockquote>\n<p><iframe class=\"wp-embedded-content\" sandbox=\"allow-scripts\" security=\"restricted\" style=\"position: absolute; clip: rect(1px, 1px, 1px, 1px);\" title=\"&#8221;YK:n tutkijat: &#8217;Syyt\u00e4 ep\u00e4ill\u00e4&#8217; seksuaalista v\u00e4kivaltaa k\u00e4ytetyn Hamasin hy\u00f6kk\u00e4yksess\u00e4 7. lokakuuta&#8221; &#8212; \" src=\"https:\/\/www.uutispeili.fi\/index.php\/2024\/03\/04\/ykn-tutkijat-syyta-epailla-seksuaalista-vakivaltaa-kaytetyn-hamasin-hyokkayksessa-7-lokakuuta\/embed\/#?secret=TmWrqN0DFJ#?secret=zLUFM0YqFt\" data-secret=\"zLUFM0YqFt\" width=\"600\" height=\"338\" frameborder=\"0\" marginwidth=\"0\" marginheight=\"0\" scrolling=\"no\"><\/iframe><\/p>\n","protected":false},"excerpt":{"rendered":"<p>Helsingin yliopiston Porthania on liputettu ja piiritetty telttaleirill\u00e4, ja meininki vaikuttaa islamistisen Hamas-terroristikoplan tukemiselta. Mit\u00e4 Suomen p\u00e4\u00e4kaupungissa on tekeill\u00e4, kysyy Suomessa asuva maahanmuuttaja https:\/\/x.com\/BijanRezai\/status\/1791448484639322535 Bijan Rezai Jahromi \u0628\u06cc\u0698\u0646 \u0631\u0636\u0627\u06cc\u06cc \u062c\u0647\u0631\u0645\u06cc kysyy: Onko t\u00e4m\u00e4 Suomen paras oikeustieteellinen tiedekunta vai naisten ja lasten raiskauksiin perustuva uskonnollinen islamilainen pappiskoulu. T\u00e4m\u00e4 on Helsinki\u00e4 toukokuussa 2024. Porthania on tuttu paikka [&hellip;]<\/p>\n","protected":false},"author":3,"featured_media":2043,"comment_status":"open","ping_status":"open","sticky":false,"template":"","format":"standard","meta":{"footnotes":""},"categories":[31,6,42],"tags":[],"_links":{"self":[{"href":"https:\/\/www.uutispeili.fi\/index.php\/wp-json\/wp\/v2\/posts\/2042"}],"collection":[{"href":"https:\/\/www.uutispeili.fi\/index.php\/wp-json\/wp\/v2\/posts"}],"about":[{"href":"https:\/\/www.uutispeili.fi\/index.php\/wp-json\/wp\/v2\/types\/post"}],"author":[{"embeddable":true,"href":"https:\/\/www.uutispeili.fi\/index.php\/wp-json\/wp\/v2\/users\/3"}],"replies":[{"embeddable":true,"href":"https:\/\/www.uutispeili.fi\/index.php\/wp-json\/wp\/v2\/comments?post=2042"}],"version-history":[{"count":3,"href":"https:\/\/www.uutispeili.fi\/index.php\/wp-json\/wp\/v2\/posts\/2042\/revisions"}],"predecessor-version":[{"id":2049,"href":"https:\/\/www.uutispeili.fi\/index.php\/wp-json\/wp\/v2\/posts\/2042\/revisions\/2049"}],"wp:featuredmedia":[{"embeddable":true,"href":"https:\/\/www.uutispeili.fi\/index.php\/wp-json\/wp\/v2\/media\/2043"}],"wp:attachment":[{"href":"https:\/\/www.uutispeili.fi\/index.php\/wp-json\/wp\/v2\/media?parent=2042"}],"wp:term":[{"taxonomy":"category","embeddable":true,"href":"https:\/\/www.uutispeili.fi\/index.php\/wp-json\/wp\/v2\/categories?post=2042"},{"taxonomy":"post_tag","embeddable":true,"href":"https:\/\/www.uutispeili.fi\/index.php\/wp-json\/wp\/v2\/tags?post=2042"}],"curies":[{"name":"wp","href":"https:\/\/api.w.org\/{rel}","templated":true}]}}