{"id":1987,"date":"2024-05-09T09:01:01","date_gmt":"2024-05-09T09:01:01","guid":{"rendered":"https:\/\/www.uutispeili.fi\/?p=1987"},"modified":"2024-05-09T13:38:00","modified_gmt":"2024-05-09T13:38:00","slug":"1987","status":"publish","type":"post","link":"https:\/\/www.uutispeili.fi\/index.php\/2024\/05\/09\/1987\/","title":{"rendered":"Kuolematonta musiikkia: Jacques Brel ja &#8217;Amsterdam&#8217;"},"content":{"rendered":"<p><strong>Vuonna 1966 -onko siit\u00e4 niin kauan?- nousee estradille pieni ruma mies, jonka laulu j\u00e4tt\u00e4\u00e4 kuulijan j\u00e4ljen, vaikkei h\u00e4n kaikkea ymm\u00e4rt\u00e4isik\u00e4\u00e4n. <em>Rumuuden estetiikkaa<\/em>, -voi joku sanoa- mutta laulaja j\u00e4\u00e4 aiheensa varjoon.<\/strong><\/p>\n<p><strong>Jacques Brel<\/strong> on loistava, sen kaikki my\u00f6nt\u00e4v\u00e4t, mutta h\u00e4n ei perusta karismaansa s\u00f6p\u00f6ilyyn, niinkuin t\u00e4n\u00e4\u00e4n vaikkapa <em>Taylor Swift<\/em> -jos muistin nimen oikein?- jonka l\u00e4pimurto-esiintyminen Mick Jaggerin kanssa toi lavalle ihan tarpeeksi ja ihan aitoa karheaa rumuutta -Jaggerin my\u00f6t\u00e4- mutta Breliss\u00e4 on maanl\u00e4heisyytt\u00e4 jota vanhassa rollarissa ei ole, kurttuisuudestaan huolimatta.<\/p>\n<p>1966 n\u00e4imme lavalla pienen hikisen miehen ryppyisess\u00e4 huonosti istuvassa puvussa, jonka voi kuvitella kuluneeksi ja kiilt\u00e4v\u00e4ksi istutuksi, kuin niiden Amsterdamin, Rotterdamin ja Zeebruggen satamien baarien miehill\u00e4, joista Brel lauloi ja jotka h\u00e4n toi tietoisuuteemme: Rumuudessaan, ep\u00e4moraalisuudessaan, kovuudessaan ja proletaarisuudessaan. Emme olleet heit\u00e4 n\u00e4hneet, k\u00e4\u00e4nsimme katseemme pois, -he eiv\u00e4t kuuluneet maailmaamme.<\/p>\n<p>Niin mihin ajankohtaan, kollektiivisen l\u00e4nsimaisen tajuntamme aikalaisvaiheeseen, joukkotiedotuksen muokkaaman sielunmaisemamme kulttuurihistorialliseen aikakauteen Brelin laulu osui? Silloin oli jo vuosien 1967-68 murros it\u00e4m\u00e4ss\u00e4, sen siemenet oli kylvetty. Vanha kollektiivinen sokeus oli v\u00e4istym\u00e4ss\u00e4, ja tekisi pian tilaa uudelle.<\/p>\n<p>Tarkkaavainen lukija jo ymm\u00e4rsi, ett\u00e4 viittasin 60-luvun vasemmistolaistumis-buumiin. L\u00e4nsimainen nuoriso -muutamat ik\u00e4luokat- tulisi pian menett\u00e4m\u00e4\u00e4n <em>poliittisen impeytens\u00e4<\/em>, -ja hakemaan uutta vasemmalta. -Lauluilla tulisi olemaan tietty rooli t\u00e4ss\u00e4kin her\u00e4\u00e4misess\u00e4.<\/p>\n<p>Mutta Jacques Brelille &#8221;<em>proletariaatti<\/em>&#8221; -pienipalkkaiset kovan ty\u00f6n tekij\u00e4t- eiv\u00e4t olleet <em>jaloja villej\u00e4<\/em>, vaan lihaa ja verta, kovaa el\u00e4m\u00e4\u00e4 ja paheita. Olen joskus viitannut -enk\u00e4 yst\u00e4v\u00e4lliseen s\u00e4vyyn- &#8217;<em>suojattua el\u00e4m\u00e4\u00e4 viett\u00e4neiden<\/em>&#8217; vasemmisto-snobbailuun, ja siit\u00e4 seuranneeseen pseudovallankumoukselliseen egotrippiin. -Onneksi olen saanut havaita, ettei t\u00e4m\u00e4 ennakkok\u00e4sitys osu aivan kaikkiin, mutta <em>eronkyyneleet<\/em> idealistiseen maailmankuvaan on monen viel\u00e4 nielt\u00e4v\u00e4?<\/p>\n<p>Brel kuvaa kohdettaan tummia s\u00e4vyj\u00e4 s\u00e4\u00e4st\u00e4m\u00e4tt\u00e4, mutta my\u00f6t\u00e4tunnolla. Tulee t\u00e4ysin selv\u00e4ksi, ett\u00e4 h\u00e4n on seiloreidensa puolella. -Ja tuntee heid\u00e4t. N\u00e4emme estradilla pienen ruman miehen, joka liikehtii rujosti, l\u00e4hes apinamaisesti, ja el\u00e4ytyy&#8230; -ei, h\u00e4n <em>el\u00e4\u00e4<\/em>&#8211; biisins\u00e4 mukana m\u00e4rin kasvoin -emme voi tiet\u00e4\u00e4 itkeek\u00f6 h\u00e4n vai hikoileeko. Brel kertoo meille jotakin.<\/p>\n<p>Ymm\u00e4rsimmek\u00f6? <img loading=\"lazy\" decoding=\"async\" class=\"alignnone size-full wp-image-144\" src=\"https:\/\/www.uutispeili.fi\/wp-content\/uploads\/2023\/11\/di.gold_.gif\" alt=\"\" width=\"11\" height=\"11\" \/><\/p>\n<ul>\n<li>Jacques Brel &#8211; <a href=\"https:\/\/www.youtube.com\/watch?v=-Z0UGGvb4sQ\" target=\"_blank\" rel=\"noopener\">Amsterdam -Live officiel Les Adieux \u00e0 l\u2019Olympia 1966,<\/a>\u00a0(VIDEO),<\/li>\n<li>Saara Pakkasvirta: <a href=\"https:\/\/www.youtube.com\/watch?v=gMFa0BWjA-Y\" target=\"_blank\" rel=\"noopener\">Laulusi el\u00e4\u00e4, Brel<\/a> (VIDEO),<\/li>\n<\/ul>\n","protected":false},"excerpt":{"rendered":"<p>Vuonna 1966 -onko siit\u00e4 niin kauan?- nousee estradille pieni ruma mies, jonka laulu j\u00e4tt\u00e4\u00e4 kuulijan j\u00e4ljen, vaikkei h\u00e4n kaikkea ymm\u00e4rt\u00e4isik\u00e4\u00e4n. Rumuuden estetiikkaa, -voi joku sanoa- mutta laulaja j\u00e4\u00e4 aiheensa varjoon. Jacques Brel on loistava, sen kaikki my\u00f6nt\u00e4v\u00e4t, mutta h\u00e4n ei perusta karismaansa s\u00f6p\u00f6ilyyn, niinkuin t\u00e4n\u00e4\u00e4n vaikkapa Taylor Swift -jos muistin nimen oikein?- jonka l\u00e4pimurto-esiintyminen Mick [&hellip;]<\/p>\n","protected":false},"author":3,"featured_media":1988,"comment_status":"open","ping_status":"open","sticky":false,"template":"","format":"standard","meta":{"footnotes":""},"categories":[38],"tags":[],"_links":{"self":[{"href":"https:\/\/www.uutispeili.fi\/index.php\/wp-json\/wp\/v2\/posts\/1987"}],"collection":[{"href":"https:\/\/www.uutispeili.fi\/index.php\/wp-json\/wp\/v2\/posts"}],"about":[{"href":"https:\/\/www.uutispeili.fi\/index.php\/wp-json\/wp\/v2\/types\/post"}],"author":[{"embeddable":true,"href":"https:\/\/www.uutispeili.fi\/index.php\/wp-json\/wp\/v2\/users\/3"}],"replies":[{"embeddable":true,"href":"https:\/\/www.uutispeili.fi\/index.php\/wp-json\/wp\/v2\/comments?post=1987"}],"version-history":[{"count":3,"href":"https:\/\/www.uutispeili.fi\/index.php\/wp-json\/wp\/v2\/posts\/1987\/revisions"}],"predecessor-version":[{"id":1996,"href":"https:\/\/www.uutispeili.fi\/index.php\/wp-json\/wp\/v2\/posts\/1987\/revisions\/1996"}],"wp:featuredmedia":[{"embeddable":true,"href":"https:\/\/www.uutispeili.fi\/index.php\/wp-json\/wp\/v2\/media\/1988"}],"wp:attachment":[{"href":"https:\/\/www.uutispeili.fi\/index.php\/wp-json\/wp\/v2\/media?parent=1987"}],"wp:term":[{"taxonomy":"category","embeddable":true,"href":"https:\/\/www.uutispeili.fi\/index.php\/wp-json\/wp\/v2\/categories?post=1987"},{"taxonomy":"post_tag","embeddable":true,"href":"https:\/\/www.uutispeili.fi\/index.php\/wp-json\/wp\/v2\/tags?post=1987"}],"curies":[{"name":"wp","href":"https:\/\/api.w.org\/{rel}","templated":true}]}}