{"id":1973,"date":"2024-05-08T21:04:50","date_gmt":"2024-05-08T21:04:50","guid":{"rendered":"https:\/\/www.uutispeili.fi\/?p=1973"},"modified":"2025-11-22T13:42:35","modified_gmt":"2025-11-22T11:42:35","slug":"lasten-militarisoinnin-suurvalta-viettaa-jotain-paivaa","status":"publish","type":"post","link":"https:\/\/www.uutispeili.fi\/index.php\/2024\/05\/08\/lasten-militarisoinnin-suurvalta-viettaa-jotain-paivaa\/","title":{"rendered":"Lasten militarisoinnin &#8221;suurvalta&#8221; viett\u00e4\u00e4 jotain p\u00e4iv\u00e4\u00e4"},"content":{"rendered":"<p><strong>Kuvaan lis\u00e4tty lause, &#8211;<em>\u0418 \u0432 \u0440\u0438\u0441\u0443\u043d\u043a\u0430\u0445 \u0434\u0435\u0442\u0435\u0439 \u2013\u0422\u0430\u043d\u043a\u0438, \u0432\u0437\u0440\u044b\u0432\u044b \u0438 \u0441\u043c\u0435\u0440\u0442\u044c!<\/em>&#8211; tarkoittaa: <em>Lasten piirustuksissa, tankkeja, r\u00e4j\u00e4hdyksi\u00e4 ja kuolema<\/em>. Lause sopii kuvaamaan Ven\u00e4j\u00e4ll\u00e4 t\u00e4n\u00e4\u00e4n vietett\u00e4v\u00e4\u00e4 irvokasta &#8221;<em>voiton p\u00e4iv\u00e4\u00e4<\/em>&#8221;. Ven\u00e4j\u00e4 militarisoi lapsiaan, tartuttaa heihin vihaa, ja normalisoi heid\u00e4n mieless\u00e4\u00e4n julmuuden.<\/strong><\/p>\n<p>T\u00e4m\u00e4n myrkynkylv\u00f6n tulokset olemme jo n\u00e4hneet <strong>Irbin<\/strong>iss\u00e4, <strong>Butsha<\/strong>ssa ja <strong>Ukrainan<\/strong> sodan rintamilla. Ven\u00e4l\u00e4iset ovat n\u00e4hneet ne jo rauhan aikana: Poikiensa kohtelussa ven\u00e4l\u00e4isiss\u00e4 varuskunnissa. Totalitaarisuuteen pyrkiv\u00e4 hallinto kylv\u00e4\u00e4 brutaalisuutta, ja tekee ep\u00e4normaalista normaalia. -T\u00e4m\u00e4 on n\u00e4hty historiassa ennenkin, -eik\u00e4 vain Ven\u00e4j\u00e4ll\u00e4.<\/p>\n<blockquote><p>P\u00e4ivitys:\u00a0<a href=\"https:\/\/www.is.fi\/ulkomaat\/art-2000011641075.html\" target=\"_blank\" rel=\"noopener\">Asiantuntija j\u00e4rkyttyi Putinin h\u00e4ijyst\u00e4 suunnitelmasta \u2013 \u201dPelottavaa katsoa\u201d<\/a><br \/>\n<a href=\"https:\/\/www.uutispeili.fi\/index.php\/2025\/10\/28\/venaja-aikoo-sotia-pitkaan-lapset-militarisoidaan-ja-aivopestaan\/_wp_link_placeholder\">Kreml haluaa ehti\u00e4 lasten p\u00e4\u00e4n sis\u00e4\u00e4n ennen kuin l\u00e4ntisen vihollisen vaikutus pilaa heid\u00e4<\/a>t.\u00a0<a href=\"https:\/\/www.is.fi\/ulkomaat\/art-2000011641075.html\" target=\"_blank\" rel=\"noopener\"><strong>Iltasanomat<\/strong><\/a>\u00a022.11. 2025.<\/p><\/blockquote>\n<p>Kuvaan on pys\u00e4ytetty laulajan, <strong>Tanja Malaja<\/strong>n, kasvot h\u00e4nen huutaessaan juuri noita sanoja. Tuskaa ei voi n\u00e4ytell\u00e4, -eik\u00e4 k\u00e4tke\u00e4. Mit\u00e4 he ovat tehneet heille?<\/p>\n<p>Ettek\u00f6 usko Malajan kertomaa? -Katsokaa itse, mit\u00e4 Ven\u00e4j\u00e4n lapset piirt\u00e4v\u00e4t, olkaa hyv\u00e4t:<\/p>\n<figure id=\"attachment_1975\" aria-describedby=\"caption-attachment-1975\" style=\"width: 626px\" class=\"wp-caption aligncenter\"><img loading=\"lazy\" decoding=\"async\" class=\"wp-image-1975 size-full\" src=\"https:\/\/www.uutispeili.fi\/wp-content\/uploads\/2024\/05\/venaja-lapset0000.png\" alt=\"\" width=\"626\" height=\"622\" srcset=\"https:\/\/www.uutispeili.fi\/wp-content\/uploads\/2024\/05\/venaja-lapset0000.png 626w, https:\/\/www.uutispeili.fi\/wp-content\/uploads\/2024\/05\/venaja-lapset0000-300x298.png 300w, https:\/\/www.uutispeili.fi\/wp-content\/uploads\/2024\/05\/venaja-lapset0000-150x150.png 150w\" sizes=\"(max-width: 626px) 100vw, 626px\" \/><figcaption id=\"caption-attachment-1975\" class=\"wp-caption-text\">Kuva: Twitter \/ Igor Kyivskyi<\/figcaption><\/figure>\n<p>Joko ymm\u00e4rr\u00e4tte ep\u00e4toivon? <em>\u0414\u0443\u0448\u0438 \u0441\u043b\u0438\u0448\u043a\u043e\u043c \u0440\u0430\u043d\u0438\u043c\u044b \u0427\u0442\u043e\u0431 \u0442\u0435\u0440\u043f\u0435\u0442\u044c \u044d\u0442\u0443 \u0431\u043e\u043b\u044c \u2026<\/em><\/p>\n<blockquote class=\"twitter-tweet\" data-width=\"550\" data-dnt=\"true\">\n<p lang=\"en\" dir=\"ltr\">russia. <\/p>\n<p>Which country really needs demilitarization and denazification? In russia, where since infancy they have been brought up in militarism, propaganda of war, aggression&#8230;<\/p>\n<p>Where children are taught to calmly look at murder and violence. And support this violence. This\u2026 <a href=\"https:\/\/t.co\/t7FaHPSUEB\">pic.twitter.com\/t7FaHPSUEB<\/a><\/p>\n<p>&mdash; Igor Kyivskyi (@Igor_from_Kyiv_) <a href=\"https:\/\/twitter.com\/Igor_from_Kyiv_\/status\/1787059740570157412?ref_src=twsrc%5Etfw\">May 5, 2024<\/a><\/p><\/blockquote>\n<p><script async src=\"https:\/\/platform.twitter.com\/widgets.js\" charset=\"utf-8\"><\/script><\/p>\n<p><em>\u0414\u0435\u0442\u0438 \u2013 \u0443\u0431\u0438\u0439\u0446\u044b,<\/em><br \/>\n<em>\u041c\u044b \u2013 \u043d\u0430 \u043f\u0440\u0438\u0446\u0435\u043b\u0435,<\/em><br \/>\n<em>\u042f\u0440\u043e\u0441\u0442\u044c \u0431\u0435\u0437 \u0441\u043c\u044b\u0441\u043b\u0430,<\/em><br \/>\n<em>\u0416\u0435\u0441\u0442\u043e\u043a\u043e\u0441\u0442\u044c \u0431\u0435\u0437 \u0446\u0435\u043b\u0438.<\/em><br \/>\n<em>\u0416\u0438\u0437\u043d\u044c \u0438\u0445 \u0437\u0430\u0434\u0435\u043b\u0430<\/em><br \/>\n<em>\u0421\u0432\u043e\u0438\u043c \u0440\u0430\u0432\u043d\u043e\u0434\u0443\u0448\u043d\u044b\u043c \u043f\u043b\u0435\u0447\u043e\u043c,<\/em><br \/>\n<em>\u0416\u0435\u0440\u0442\u0432\u0430 \u043c\u0435\u0447\u0442\u0430\u0435\u0442<\/em><br \/>\n<em>\u041a\u043e\u0433\u0434\u0430-\u043d\u0438\u0431\u0443\u0434\u044c \u0441\u0442\u0430\u0442\u044c \u043f\u0430\u043b\u0430\u0447\u043e\u043c.<\/em><br \/>\n\u2026.<\/p>\n<p>Lapset ovat tappajia, olemme tavoitteessamme. Raivo ilman merkityst\u00e4, julmuus ilman tarkoitusta. El\u00e4m\u00e4 kosketti heit\u00e4, v\u00e4linpit\u00e4m\u00e4tt\u00f6myydell\u00e4. Uhri n\u00e4kee unta, ett\u00e4 tulee jonain p\u00e4iv\u00e4n\u00e4 teloittajaksi.<\/p>\n<p>Tanja Malaja\u00a0k\u00e4ytt\u00e4\u00e4 sanoja <em>\u0414\u0435\u0442\u0438-\u043c\u0438\u0448\u0435\u043d\u0438, \u0434\u0435\u0442\u0438-\u0443\u0431\u0438\u0439\u0446\u044b<\/em>. H\u00e4n laulaa\u00a0<em>tappajalapsista<\/em>.<\/p>\n<blockquote>\n<h3>\u0414\u0435\u0442\u0438 \u043c\u0438\u0448\u0435\u043d\u0438 -\u0434\u0435\u0442\u0438 \u0443\u0431\u0438\u0439\u0446\u044b\u201d, Tappajalapset\u201d<\/h3>\n<p>\u0414\u0443\u0448\u0438 \u0441\u043b\u0438\u0448\u043a\u043e\u043c \u0440\u0430\u043d\u0438\u043c\u044b<br \/>\n\u0427\u0442\u043e\u0431 \u0442\u0435\u0440\u043f\u0435\u0442\u044c \u044d\u0442\u0443 \u0431\u043e\u043b\u044c \u2026<br \/>\n\u0427\u0442\u043e \u043c\u044b \u0434\u0435\u043b\u0430\u0435\u043c \u0441 \u043d\u0438\u043c\u0438?<br \/>\n\u041e\u0441\u0442\u0430\u0432\u043b\u044f\u0435\u043c \u0438\u043c \u0441\u0442\u0440\u0430\u0445<br \/>\n\u0418 \u0441\u0442\u0440\u0430\u0434\u0430\u043d\u044c\u044f \u0432 \u043d\u0430\u0441\u043b\u0435\u0434\u0441\u0442\u0432\u043e<br \/>\n\u0421\u043b\u043e\u0432\u043d\u043e \u043a\u0430\u0436\u0434\u044b\u0439 \u0438\u0437 \u043d\u0430\u0441 \u2013<br \/>\n\u0418\u0437\u043d\u0430\u0441\u0438\u043b\u043e\u0432\u0430\u043d \u0441 \u0434\u0435\u0442\u0441\u0442\u0432\u0430<\/p>\n<p>\u0412 \u043c\u0438\u0440\u0435 \u0441\u0442\u0440\u0430\u043d\u043d\u044b\u0445 \u0438\u0434\u0435\u0439<br \/>\n\u0427\u0442\u043e \u0438\u0445 \u0436\u0434\u0451\u0442 \u2013 \u043d\u0435\u0438\u0437\u0432\u0435\u0441\u0442\u043d\u043e \u2026<br \/>\n\u0421\u0440\u0435\u0434\u0438 \u0432\u0437\u0440\u043e\u0441\u043b\u044b\u0445 \u043b\u044e\u0434\u0435\u0439<br \/>\n\u0418\u043c \u0441\u0442\u0430\u043d\u043e\u0432\u0438\u0442\u0441\u044f \u0442\u0435\u0441\u043d\u043e \u2026<br \/>\n\u0422\u0430\u043a \u0438\u0441\u043f\u043e\u0440\u0442\u0438\u0442\u044c \u0441\u0432\u043e\u0439 \u043c\u0438\u0440 \u2013<br \/>\n\u0422\u043e\u0436\u0435 \u043d\u0430\u0434\u043e \u0443\u043c\u0435\u0442\u044c<br \/>\n\u0418 \u0432 \u0440\u0438\u0441\u0443\u043d\u043a\u0430\u0445 \u0434\u0435\u0442\u0435\u0439 \u2013<\/p>\n<p>Sielut ovat liian haavoittuvia, kest\u00e4m\u00e4\u00e4n t\u00e4t\u00e4 tuskaa\u2026<br \/>\nMit\u00e4 teemme heille? J\u00e4t\u00e4mme heille pelon,<br \/>\nJa k\u00e4rsimyksen perinn\u00f6ksi<br \/>\nKuten jokainen meist\u00e4 -Lapsuudesta raiskattu,<br \/>\nOutojen ideoiden maailmassa, mik\u00e4 heit\u00e4 odottaa, on tuntematon \u2026<br \/>\nAikuisten keskuudessa, tulee tungosta \u2026 Joten pilaa maailmasi-<br \/>\nSinun on my\u00f6s kyett\u00e4v\u00e4 Ja lasten piirustuksissa -Tankkeja, r\u00e4j\u00e4hdyksi\u00e4 ja kuolema!<\/p><\/blockquote>\n<p>Ven\u00e4j\u00e4n uusi sukupolvi huutaa vastalausettaan, tuskaansa, kunnes \u00e4\u00e4ni s\u00e4rkyy ja senkin j\u00e4lkeen. He haluavat katkaista tuhoisan jatkuvuuden. Jos he onnistuvat, Ven\u00e4j\u00e4ll\u00e4 ja Ven\u00e4j\u00e4n naapureilla on toivoa. <img loading=\"lazy\" decoding=\"async\" class=\"alignnone size-full wp-image-144\" src=\"https:\/\/www.uutispeili.fi\/wp-content\/uploads\/2023\/11\/di.gold_.gif\" alt=\"\" width=\"11\" height=\"11\" \/><\/p>\n<p><a href=\"https:\/\/www.youtube.com\/watch?v=UZxJ39I9fRM\" target=\"_blank\" rel=\"noopener\">Uuteen ikkunaan<\/a> avautuvassa videossa <strong>Elysium Band<\/strong>in livetaltiointi <strong>17.09. 2021<\/strong> konsertista <strong>Moskovassa<\/strong>. Suosittelen katsomista.<\/p>\n<p><a href=\"https:\/\/www.youtube.com\/watch?v=UZxJ39I9fRM\" target=\"_blank\" rel=\"noopener\"><img loading=\"lazy\" decoding=\"async\" class=\"size-full wp-image-1976 aligncenter\" src=\"https:\/\/www.uutispeili.fi\/wp-content\/uploads\/2024\/05\/elysium800450malaja.png\" alt=\"\" width=\"800\" height=\"450\" srcset=\"https:\/\/www.uutispeili.fi\/wp-content\/uploads\/2024\/05\/elysium800450malaja.png 800w, https:\/\/www.uutispeili.fi\/wp-content\/uploads\/2024\/05\/elysium800450malaja-300x169.png 300w, https:\/\/www.uutispeili.fi\/wp-content\/uploads\/2024\/05\/elysium800450malaja-768x432.png 768w\" sizes=\"(max-width: 800px) 100vw, 800px\" \/><\/a><\/p>\n","protected":false},"excerpt":{"rendered":"<p>Kuvaan lis\u00e4tty lause, &#8211;\u0418 \u0432 \u0440\u0438\u0441\u0443\u043d\u043a\u0430\u0445 \u0434\u0435\u0442\u0435\u0439 \u2013\u0422\u0430\u043d\u043a\u0438, \u0432\u0437\u0440\u044b\u0432\u044b \u0438 \u0441\u043c\u0435\u0440\u0442\u044c!&#8211; tarkoittaa: Lasten piirustuksissa, tankkeja, r\u00e4j\u00e4hdyksi\u00e4 ja kuolema. Lause sopii kuvaamaan Ven\u00e4j\u00e4ll\u00e4 t\u00e4n\u00e4\u00e4n vietett\u00e4v\u00e4\u00e4 irvokasta &#8221;voiton p\u00e4iv\u00e4\u00e4&#8221;. Ven\u00e4j\u00e4 militarisoi lapsiaan, tartuttaa heihin vihaa, ja normalisoi heid\u00e4n mieless\u00e4\u00e4n julmuuden. T\u00e4m\u00e4n myrkynkylv\u00f6n tulokset olemme jo n\u00e4hneet Irbiniss\u00e4, Butshassa ja Ukrainan sodan rintamilla. Ven\u00e4l\u00e4iset ovat n\u00e4hneet ne jo [&hellip;]<\/p>\n","protected":false},"author":3,"featured_media":1974,"comment_status":"open","ping_status":"open","sticky":false,"template":"","format":"standard","meta":{"footnotes":""},"categories":[38,55,7],"tags":[],"_links":{"self":[{"href":"https:\/\/www.uutispeili.fi\/index.php\/wp-json\/wp\/v2\/posts\/1973"}],"collection":[{"href":"https:\/\/www.uutispeili.fi\/index.php\/wp-json\/wp\/v2\/posts"}],"about":[{"href":"https:\/\/www.uutispeili.fi\/index.php\/wp-json\/wp\/v2\/types\/post"}],"author":[{"embeddable":true,"href":"https:\/\/www.uutispeili.fi\/index.php\/wp-json\/wp\/v2\/users\/3"}],"replies":[{"embeddable":true,"href":"https:\/\/www.uutispeili.fi\/index.php\/wp-json\/wp\/v2\/comments?post=1973"}],"version-history":[{"count":3,"href":"https:\/\/www.uutispeili.fi\/index.php\/wp-json\/wp\/v2\/posts\/1973\/revisions"}],"predecessor-version":[{"id":9539,"href":"https:\/\/www.uutispeili.fi\/index.php\/wp-json\/wp\/v2\/posts\/1973\/revisions\/9539"}],"wp:featuredmedia":[{"embeddable":true,"href":"https:\/\/www.uutispeili.fi\/index.php\/wp-json\/wp\/v2\/media\/1974"}],"wp:attachment":[{"href":"https:\/\/www.uutispeili.fi\/index.php\/wp-json\/wp\/v2\/media?parent=1973"}],"wp:term":[{"taxonomy":"category","embeddable":true,"href":"https:\/\/www.uutispeili.fi\/index.php\/wp-json\/wp\/v2\/categories?post=1973"},{"taxonomy":"post_tag","embeddable":true,"href":"https:\/\/www.uutispeili.fi\/index.php\/wp-json\/wp\/v2\/tags?post=1973"}],"curies":[{"name":"wp","href":"https:\/\/api.w.org\/{rel}","templated":true}]}}