{"id":1951,"date":"2024-05-06T14:08:32","date_gmt":"2024-05-06T14:08:32","guid":{"rendered":"https:\/\/www.uutispeili.fi\/?p=1951"},"modified":"2024-05-06T14:08:33","modified_gmt":"2024-05-06T14:08:33","slug":"aarioikeisto-iski-vaitetysti-vappu-viikolla-laittomien-siirtolaisten-illegados-asuintiloihin-portossa","status":"publish","type":"post","link":"https:\/\/www.uutispeili.fi\/index.php\/2024\/05\/06\/aarioikeisto-iski-vaitetysti-vappu-viikolla-laittomien-siirtolaisten-illegados-asuintiloihin-portossa\/","title":{"rendered":"\u00c4\u00e4rioikeisto iski v\u00e4itetysti vappu-viikolla laittomien siirtolaisten -&#8221;illegados&#8221;- asuintiloihin Portossa"},"content":{"rendered":"<p><strong>Portugalissa, Portossa, kohdistui maahanmuuttajiin vappu-viikolla v\u00e4kivaltaisia hy\u00f6kk\u00e4yksi\u00e4. Kuutta portugalilaista ep\u00e4ill\u00e4\u00e4n teoista. Tapaus on her\u00e4tt\u00e4nyt Portugalissa suuren kohun. V\u00e4itet\u00e4\u00e4n &#8217;<em>aseistautuneiden rasistien<\/em>&#8217; tunkeutuneen laittomasti Portugalissa oleskelevien asuintilaan, ja &#8217;<em>laittaneen paikat p\u00e4reiksi<\/em>&#8217;.<\/strong><\/p>\n<p><strong>Porto<\/strong>ssa vappu-viikolla tapahtuneiden iskujen tekij\u00f6ill\u00e4 on yhteyksi\u00e4 &#8217;<em>nationalistisesta ja uusnatsi-ideologiastaan<\/em>&#8217; tunnettuun \u00e4\u00e4rioikeistoryhm\u00e4\u00e4n, kertoo lehti. Varhain perjantaina (03.05.) tapahtui kolme eri hy\u00f6kk\u00e4yst\u00e4 maahanmuuttajia vastaan.<\/p>\n<blockquote class=\"twitter-tweet\" data-width=\"550\" data-dnt=\"true\">\n<p lang=\"pt\" dir=\"ltr\">Mais uma noticia sobre a noite de ontem no Porto.<br \/>&quot;Dois homens, de nacionalidade argelina,foram agredidos com paus&#8230;<br \/>Minutos depois,na Rua do Bonfim,ali pr\u00f3ximo,10 argelinos,foram atacados por 10 a 15 homens,com paus e uma arma,na casa onde pernoitavam.&quot;<a href=\"https:\/\/t.co\/kJbnjcI6yr\">https:\/\/t.co\/kJbnjcI6yr<\/a><\/p>\n<p>&mdash; Suevo (@kteste52) <a href=\"https:\/\/twitter.com\/kteste52\/status\/1786582136687902763?ref_src=twsrc%5Etfw\">May 4, 2024<\/a><\/p><\/blockquote>\n<p><script async src=\"https:\/\/platform.twitter.com\/widgets.js\" charset=\"utf-8\"><\/script><\/p>\n<ul>\n<li>Poliisi (PSP) sai h\u00e4lytyksen -noin kello 01:00- nelj\u00e4n tai viiden miehen ryhm\u00e4n hy\u00f6kk\u00e4yksest\u00e4 <strong>Campo 24 de Agosto<\/strong>ssa Portossa kahta maahanmuuttajaa vastaan. Hy\u00f6kk\u00e4yksen tekij\u00e4t pakenivat ennen poliisien saapumista.<\/li>\n<li>Noin 10 minuuttia my\u00f6hemmin <strong>Rua do Bonfim<\/strong> -kadulla kymmenen maahanmuuttajan kimppuun hy\u00f6kk\u00e4si heid\u00e4n asuinpaikassaan 10 kepeill\u00e4 ja v\u00e4itetysti ampuma-aseella aseistautunutta miest\u00e4.<\/li>\n<li>Kello kolmen aikaan hy\u00f6k\u00e4ttiin <strong>Rua Fernandes Tom\u00e1s<\/strong>illa maahanmuuttajan kimppuun, ja t\u00e4ss\u00e4kin tapauksessa k\u00e4ytettiin ampuma-asetta.<\/li>\n<\/ul>\n<p>Viisi maahanmuuttajaa vietiin sairaalaan n\u00e4iss\u00e4 hy\u00f6kk\u00e4yksiss\u00e4 saatujen vammojensa vuoksi. Somessa kerrotaan poliisin lausunnoista ja median v\u00e4litt\u00e4m\u00e4st\u00e4 poikkeavaa n\u00e4kemyst\u00e4: Ainakin Rua do Bonfinilla tapahtumiin liittyy maahanmuuttaja-jengi.<\/p>\n<blockquote class=\"twitter-tweet\" data-width=\"550\" data-dnt=\"true\">\n<p lang=\"pt\" dir=\"ltr\">Testemunho na primeira pessoa, que mora ao lado do gangue dos argelinos, Rua do Bonfim, 612 no Porto. Se n\u00e3o h\u00e1 jornalismo honesto, segue testemunho pelo pr\u00f3prio. <a href=\"https:\/\/t.co\/075Jk86sIq\">pic.twitter.com\/075Jk86sIq<\/a><\/p>\n<p>&mdash; DrG (@docGX1) <a href=\"https:\/\/twitter.com\/docGX1\/status\/1787148657461960859?ref_src=twsrc%5Etfw\">May 5, 2024<\/a><\/p><\/blockquote>\n<p><script async src=\"https:\/\/platform.twitter.com\/widgets.js\" charset=\"utf-8\"><\/script><\/p>\n<p>Hy\u00f6kk\u00e4yksist\u00e4 ep\u00e4ill\u00e4\u00e4n kuutta miest\u00e4. Heid\u00e4n ep\u00e4ill\u00e4\u00e4n kuuluvan \u00e4\u00e4rioikeistoryhm\u00e4\u00e4n <strong><em>1143<\/em><\/strong>, jonka julkisuudessa n\u00e4kyv\u00e4 hahmo on er\u00e4s <strong>M\u00e1rio<\/strong> <strong>Machado<\/strong>. Toistaiseksi pid\u00e4tettyn\u00e4 on vain yksi henkil\u00f6: 26-vuotias nainen, joka pid\u00e4tettiin laittomasta aseen hallussapidosta. H\u00e4n oli jo oikeudessa, ja asetettiin tutkintavankeuteen.<\/p>\n<p>Porton kaupunginvaltuuston pormestari <strong>Rui Moreira<\/strong> tuomitsee tapahtuneet hy\u00f6kk\u00e4ykset maahanmuuttajia vastaan.\u00a0 H\u00e4n k\u00e4ytt\u00e4\u00e4 sanontaa &#8217;<strong><em>viharikos<\/em><\/strong>&#8217;. Pormestarin mukaan tekoja ei voida hyv\u00e4ksy\u00e4, eik\u00e4 n\u00e4ille teoille ole mit\u00e4\u00e4n oikeutusta.<\/p>\n<blockquote class=\"twitter-tweet\" data-width=\"550\" data-dnt=\"true\">\n<p lang=\"pt\" dir=\"ltr\">Viol\u00eancia e assaltos no Porto \ud83c\uddf5\ud83c\uddf9<br \/>Imigra\u00e7\u00e3o descontrolada e sem crit\u00e9rios <a href=\"https:\/\/t.co\/4YbfZuii8D\">pic.twitter.com\/4YbfZuii8D<\/a><\/p>\n<p>&mdash; Direita em direto (@direitaemdireto) <a href=\"https:\/\/twitter.com\/direitaemdireto\/status\/1785634139351167427?ref_src=twsrc%5Etfw\">May 1, 2024<\/a><\/p><\/blockquote>\n<p><script async src=\"https:\/\/platform.twitter.com\/widgets.js\" charset=\"utf-8\"><\/script><\/p>\n<h3>Tekij\u00f6ill\u00e4 yhteys poliittiseen ryhm\u00e4\u00e4n<\/h3>\n<p>Portugalin viranomaiset tutkivat mahdollisia yhteyksi\u00e4 viime perjantain iskujen ep\u00e4iltyjen tekij\u00f6iden ja M\u00e1rio Machadon johtaman \u00e4\u00e4rioikeistolaisen ryhm\u00e4n v\u00e4lill\u00e4. Niin sanottu 1143 oli Portossa huhtikuussa j\u00e4rjestetyn mielenosoituksen organisaattori.<\/p>\n<p>Mielenilmaisun tunnuksena oli &#8221;<em>V\u00e4hemm\u00e4n maahanmuuttoa, enemm\u00e4n asuntoja<\/em>&#8221;. Lehti havaitsi omissa selvityksiss\u00e4\u00e4n, ett\u00e4 ainakin hy\u00f6kk\u00e4yksist\u00e4 ep\u00e4ilty oli paikalla em. mielenosoituksessa, kuten my\u00f6s jotkut viidest\u00e4 muusta poliisin tunnistamasta, joita ei ole pid\u00e4tetty.<\/p>\n<p>Portugalilaiset ovat olleet jo pitk\u00e4\u00e4n tyytym\u00e4tt\u00f6mi\u00e4 etenkin <strong>Algeriasta<\/strong> ja <strong>Marokosta<\/strong> tuleviin laittomiin siirtolaisiin, ja yhdist\u00e4v\u00e4t heid\u00e4t yleistyneeseen ry\u00f6stelyyn, v\u00e4kivaltaan ja kaduilla n\u00e4kyv\u00e4\u00e4n huumekauppaan, -ja yleiseen siivottomuuteen. Vappu-viikon v\u00e4kivallanteoilla on mahdollisesti pyritty vetoamaan t\u00e4h\u00e4n tyytym\u00e4tt\u00f6myyteen, ja ker\u00e4\u00e4m\u00e4\u00e4n sen kautta poliittista nostetta jollekin asialle. &#8221;<em>Illegados<\/em>&#8221; ovat poliittisesti kuuma aihe, -ja sill\u00e4 ratsastetaan.<\/p>\n<p><strong>Euroopan Unionin<\/strong> maiden maahanmuuttopolitiikka on perustunut pitk\u00e4\u00e4n hyv\u00e4uskoisuuteen tulijoiden motiiveja kohtaan, eik\u00e4 kouluttamattoman v\u00e4en vastaanottamisen kuluja ole osattu oikein arvioida. Virheen korjaamisen viiv\u00e4styminen -ja kansalaisten tyytym\u00e4tt\u00f6myyden kasautuminen- ovat ruokkineet poliittisia keinottelijoita, joilla ei aina ole p\u00e4iv\u00e4nvaloa kest\u00e4vi\u00e4 motiiveja.<\/p>\n<p>Tyytym\u00e4tt\u00f6myyden aiheet ovat kuitenkin todellisuutta, ja laiton maahantulo on todellinen ongelma. <strong>Suomessa<\/strong> ongelman hoito n\u00e4ytt\u00e4\u00e4 etenev\u00e4n Portugalia paremmilla urilla: Kev\u00e4\u00e4n aikana k\u00e4sitell\u00e4\u00e4n eduskunnassa useita hallituksen esityksi\u00e4 maahanmuuttoa koskien. <img loading=\"lazy\" decoding=\"async\" class=\"alignnone size-full wp-image-144\" src=\"https:\/\/www.uutispeili.fi\/wp-content\/uploads\/2023\/11\/di.gold_.gif\" alt=\"\" width=\"11\" height=\"11\" \/><\/p>\n<blockquote class=\"twitter-tweet\" data-width=\"550\" data-dnt=\"true\">\n<p lang=\"pt\" dir=\"ltr\">Quem abriu as portas \u00e0 imigra\u00e7\u00e3o descontrolada tamb\u00e9m tem a responsabilidade moral e material?<a href=\"https:\/\/t.co\/U3HPQ8eI6F\">https:\/\/t.co\/U3HPQ8eI6F<\/a><\/p>\n<p>&mdash; Pathtoludes (@pathtoludes) <a href=\"https:\/\/twitter.com\/pathtoludes\/status\/1786791759151772086?ref_src=twsrc%5Etfw\">May 4, 2024<\/a><\/p><\/blockquote>\n<p><script async src=\"https:\/\/platform.twitter.com\/widgets.js\" charset=\"utf-8\"><\/script><\/p>\n<p>Luettavaa:<\/p>\n<ul>\n<li><a href=\"https:\/\/www.rtp.pt\/noticias\/pais\/suspeitos-de-ataque-a-imigrantes-no-porto-estarao-ligados-a-grupo-de-mario-machado_n1569495\" target=\"_blank\" rel=\"noopener\">RTP<\/a> 06.05. 2024,<\/li>\n<li><a href=\"https:\/\/www.rtp.pt\/noticias\/pais\/agressoes-no-porto-contra-imigrantes-terao-ligacoes-a-grupo-de-extrema-direita_a1569448\" target=\"_blank\" rel=\"noopener\">RTP<\/a> 06.05. 2024,<\/li>\n<li><a href=\"https:\/\/www.rtp.pt\/noticias\/pais\/imigrantes-sofrem-tres-ataques-em-escassas-horas-no-porto_v1569158\" target=\"_blank\" rel=\"noopener\">RTP<\/a> 05.05. 2024,<\/li>\n<li><a href=\"https:\/\/www.rtp.pt\/noticias\/pais\/oscot-considera-preocupantes-ataques-contra-imigrantes-verificados-no-porto_a1569479\" target=\"_blank\" rel=\"noopener\">RTP<\/a> 06.05. 2024 (p\u00e4ivitetty),<\/li>\n<li><a href=\"https:\/\/www.jn.pt\/1808877550\/encapuzados-armados-invadem-casa-e-espancam-imigrantes\/\" target=\"_blank\" rel=\"noopener\">JN<\/a> 04.05. 2024 : Aseistetut hupulliset miehet tunkeutuvat kotiin ja hakkaavat maahanmuuttajia,<\/li>\n<li><a href=\"https:\/\/24.sapo.pt\/atualidade\/artigos\/ataques-contra-imigrantes-no-porto-o-que-aconteceu-e-quais-as-reacoes\" target=\"_blank\" rel=\"noopener\">SAPO24<\/a> 05.05. 2024,<\/li>\n<\/ul>\n<blockquote class=\"wp-embedded-content\" data-secret=\"c6Qc9ZnGgz\"><p><a href=\"https:\/\/www.uutispeili.fi\/index.php\/2024\/04\/18\/maahanmuutto-politiikkaa-tiukennetaan-kertoi-ministeri-mari-rantanen\/\">Maahanmuutto-politiikkaa tiukennetaan, kertoi ministeri Mari Rantanen<\/a><\/p><\/blockquote>\n<p><iframe class=\"wp-embedded-content\" sandbox=\"allow-scripts\" security=\"restricted\" style=\"position: absolute; clip: rect(1px, 1px, 1px, 1px);\" title=\"&#8221;Maahanmuutto-politiikkaa tiukennetaan, kertoi ministeri Mari Rantanen&#8221; &#8212; \" src=\"https:\/\/www.uutispeili.fi\/index.php\/2024\/04\/18\/maahanmuutto-politiikkaa-tiukennetaan-kertoi-ministeri-mari-rantanen\/embed\/#?secret=oFkwen9vZl#?secret=c6Qc9ZnGgz\" data-secret=\"c6Qc9ZnGgz\" width=\"600\" height=\"338\" frameborder=\"0\" marginwidth=\"0\" marginheight=\"0\" scrolling=\"no\"><\/iframe><\/p>\n<blockquote class=\"wp-embedded-content\" data-secret=\"c4hhxIz8lW\"><p><a href=\"https:\/\/www.uutispeili.fi\/index.php\/2024\/04\/25\/oikeusministeri-leena-meri-esitteli-jengirikollisuudentorjunta-ohjelman-video\/\">Oikeusministeri Leena Meri esitteli jengirikollisuudentorjunta ohjelman (VIDEO)<\/a><\/p><\/blockquote>\n<p><iframe class=\"wp-embedded-content\" sandbox=\"allow-scripts\" security=\"restricted\" style=\"position: absolute; clip: rect(1px, 1px, 1px, 1px);\" title=\"&#8221;Oikeusministeri Leena Meri esitteli jengirikollisuudentorjunta ohjelman (VIDEO)&#8221; &#8212; \" src=\"https:\/\/www.uutispeili.fi\/index.php\/2024\/04\/25\/oikeusministeri-leena-meri-esitteli-jengirikollisuudentorjunta-ohjelman-video\/embed\/#?secret=O0OlefS8AF#?secret=c4hhxIz8lW\" data-secret=\"c4hhxIz8lW\" width=\"600\" height=\"338\" frameborder=\"0\" marginwidth=\"0\" marginheight=\"0\" scrolling=\"no\"><\/iframe><\/p>\n<blockquote class=\"wp-embedded-content\" data-secret=\"b7tnYXwoH2\"><p><a href=\"https:\/\/www.uutispeili.fi\/index.php\/2024\/04\/26\/mauri-peltokangas-vasemmisto-opposition-maahanmuuttolinja-on-vastuuton\/\">Mauri Peltokangas: Vasemmisto-opposition maahanmuuttolinja on vastuuton!<\/a><\/p><\/blockquote>\n<p><iframe class=\"wp-embedded-content\" sandbox=\"allow-scripts\" security=\"restricted\" style=\"position: absolute; clip: rect(1px, 1px, 1px, 1px);\" title=\"&#8221;Mauri Peltokangas: Vasemmisto-opposition maahanmuuttolinja on vastuuton!&#8221; &#8212; \" src=\"https:\/\/www.uutispeili.fi\/index.php\/2024\/04\/26\/mauri-peltokangas-vasemmisto-opposition-maahanmuuttolinja-on-vastuuton\/embed\/#?secret=btU6HnNVXY#?secret=b7tnYXwoH2\" data-secret=\"b7tnYXwoH2\" width=\"600\" height=\"338\" frameborder=\"0\" marginwidth=\"0\" marginheight=\"0\" scrolling=\"no\"><\/iframe><\/p>\n","protected":false},"excerpt":{"rendered":"<p>Portugalissa, Portossa, kohdistui maahanmuuttajiin vappu-viikolla v\u00e4kivaltaisia hy\u00f6kk\u00e4yksi\u00e4. Kuutta portugalilaista ep\u00e4ill\u00e4\u00e4n teoista. Tapaus on her\u00e4tt\u00e4nyt Portugalissa suuren kohun. V\u00e4itet\u00e4\u00e4n &#8217;aseistautuneiden rasistien&#8217; tunkeutuneen laittomasti Portugalissa oleskelevien asuintilaan, ja &#8217;laittaneen paikat p\u00e4reiksi&#8217;. Portossa vappu-viikolla tapahtuneiden iskujen tekij\u00f6ill\u00e4 on yhteyksi\u00e4 &#8217;nationalistisesta ja uusnatsi-ideologiastaan&#8217; tunnettuun \u00e4\u00e4rioikeistoryhm\u00e4\u00e4n, kertoo lehti. Varhain perjantaina (03.05.) tapahtui kolme eri hy\u00f6kk\u00e4yst\u00e4 maahanmuuttajia vastaan. Mais uma noticia [&hellip;]<\/p>\n","protected":false},"author":3,"featured_media":1953,"comment_status":"open","ping_status":"open","sticky":false,"template":"","format":"standard","meta":{"footnotes":""},"categories":[31,7],"tags":[],"_links":{"self":[{"href":"https:\/\/www.uutispeili.fi\/index.php\/wp-json\/wp\/v2\/posts\/1951"}],"collection":[{"href":"https:\/\/www.uutispeili.fi\/index.php\/wp-json\/wp\/v2\/posts"}],"about":[{"href":"https:\/\/www.uutispeili.fi\/index.php\/wp-json\/wp\/v2\/types\/post"}],"author":[{"embeddable":true,"href":"https:\/\/www.uutispeili.fi\/index.php\/wp-json\/wp\/v2\/users\/3"}],"replies":[{"embeddable":true,"href":"https:\/\/www.uutispeili.fi\/index.php\/wp-json\/wp\/v2\/comments?post=1951"}],"version-history":[{"count":2,"href":"https:\/\/www.uutispeili.fi\/index.php\/wp-json\/wp\/v2\/posts\/1951\/revisions"}],"predecessor-version":[{"id":1954,"href":"https:\/\/www.uutispeili.fi\/index.php\/wp-json\/wp\/v2\/posts\/1951\/revisions\/1954"}],"wp:featuredmedia":[{"embeddable":true,"href":"https:\/\/www.uutispeili.fi\/index.php\/wp-json\/wp\/v2\/media\/1953"}],"wp:attachment":[{"href":"https:\/\/www.uutispeili.fi\/index.php\/wp-json\/wp\/v2\/media?parent=1951"}],"wp:term":[{"taxonomy":"category","embeddable":true,"href":"https:\/\/www.uutispeili.fi\/index.php\/wp-json\/wp\/v2\/categories?post=1951"},{"taxonomy":"post_tag","embeddable":true,"href":"https:\/\/www.uutispeili.fi\/index.php\/wp-json\/wp\/v2\/tags?post=1951"}],"curies":[{"name":"wp","href":"https:\/\/api.w.org\/{rel}","templated":true}]}}