{"id":1913,"date":"2024-04-30T16:29:21","date_gmt":"2024-04-30T16:29:21","guid":{"rendered":"https:\/\/www.uutispeili.fi\/?p=1913"},"modified":"2024-04-30T16:29:22","modified_gmt":"2024-04-30T16:29:22","slug":"tuleeko-vapun-mielenosoituksista-perussuomalais-ja-juutalaisvihaan-yllyttavia","status":"publish","type":"post","link":"https:\/\/www.uutispeili.fi\/index.php\/2024\/04\/30\/tuleeko-vapun-mielenosoituksista-perussuomalais-ja-juutalaisvihaan-yllyttavia\/","title":{"rendered":"Tuleeko Vapun mielenosoituksista perussuomalais- ja juutalaisvihaan yllytt\u00e4vi\u00e4"},"content":{"rendered":"<p><strong>Mit\u00e4 isot edell\u00e4, pienet pienet per\u00e4ss\u00e4 eli saksassa AfD:n ja juutalaisten vastaiset mielenosoitukset alkoivat viikonvaihteessa. Esimerkiksi Berliiniss\u00e4 oli 1100 henke\u00e4 marssilla vaatimassa <em>kalifaattia<\/em> Saksaan.\u00a0 Jokainen, joka on tutustunut v\u00e4h\u00e4\u00e4k\u00e4\u00e4n koraaniin,\u00a0 tiet\u00e4\u00e4 ett\u00e4 kalifaatti on diktatuuri, jota johtaa yksinvaltias mieshenkil\u00f6, joka on viel\u00e4 armottomampi kuin <em>Hammurabin laki<\/em>.<\/strong><\/p>\n<p><em>Sharian<\/em> erikoisuus <em>-Hammurabin lakiin<\/em> n\u00e4hden- on, ett\u00e4 se on ennen muuta naisvastaista.<br \/>\nEsimerkiksi jos nainen tulee raiskatuksi, niin h\u00e4nen tulee tuoda oikeuteen nelj\u00e4(!) miespuolista todistajaa, jotka kertovat h\u00e4nen olevan uhri. No, varmaan n\u00e4in tapahtuu, eli t\u00e4m\u00e4h\u00e4n tarkoittaa sit\u00e4, ett\u00e4 kun naista on raiskattu, niin nelj\u00e4 tyyppi\u00e4 katsoo vierest\u00e4, ja sitten h\u00e4n tulee oikeuteen todistamaan kaveriaan vastaan, -eik\u00e4 n\u00e4in tapahdu koskaan. Vai k\u00e4si yl\u00f6s, joka siihen uskoo ?<\/p>\n<h3>Sharian &#8221;helmi\u00e4&#8221;<\/h3>\n<p>Esimerkki <em>Sharian<\/em> p\u00e4\u00e4tt\u00f6myyksist\u00e4 on, kun varkaalta on hakattava vasen k\u00e4si poikki,\u00a0 ja jos varastelu jatkuu niin oikea jalka poikki. Edelleen seuraavasta kerrasta vasen k\u00e4si pois, nelj\u00e4nnell\u00e4 aina j\u00e4ljell\u00e4 oleva uloke poikki. Ja jos t\u00e4m\u00e4 k\u00e4det\u00f6n ja jalaton sitten jatkaa varasteluaan -en kyll\u00e4 \u200b\u200bymm\u00e4rr\u00e4 miten se olisi mahdollista- niin pit\u00e4\u00e4 katkaista kaula.<\/p>\n<p>Terroristij\u00e4rjest\u00f6<em> &#8221;ISIS&#8221;<\/em> piti yll\u00e4 omaa kalifaattiaan ja shariaa valtaamillaan alueella, -siihen asti kun pystyi. -Ja onhan meill\u00e4 jopa valtioita, joissa sharia on laki. Kuten se on <strong>Qatar<\/strong>issa, tuossa kansainv\u00e4listen urheilujohtajien kaivoksessa.<\/p>\n<h3>Saksassa vihervasemmistolainen valtamedia tuomitsi kalifaatti-marssin vastustajat <em>islamofoobeiksi<\/em><\/h3>\n<p>On todellakin outoa, ett\u00e4 <strong>Saksan Yleisradio<\/strong> piti kalifaattia Saksaan vaativan mielenilmaisun arvostelijoita <em>islamofoobikkoina<\/em>. Mit\u00e4\u00e4n, mit\u00e4 kalifaatti edustaa, ei voi pit\u00e4\u00e4 mitenk\u00e4\u00e4n demokraattisena, tasa-arvoisena tai oikeudenmukaisena. Eli kyll\u00e4 \u200b\u200bislamistien hankkeita on syyt\u00e4kin pel\u00e4t\u00e4.<\/p>\n<blockquote><p>Mutta, jos varauksia islamistien niin Saksan -kuin koko maailmankin- valloitusmarssille ovat esitt\u00e4neet <strong>AfD<\/strong> ja <strong>Kristillisdemokraati<\/strong>t, niin se on vihervasemmistolaisille toimituksille kauhistus, ja sen t\u00e4ytyy olla &#8221;v\u00e4\u00e4rin&#8221;.<\/p><\/blockquote>\n<p><strong>Hampurin<\/strong> kaupunginvaltuusto \u00e4\u00e4nesti em. marssin organisoineen j\u00e4rjest\u00f6n lakkauttamisesta kaupungissa mutta ehei, -demarit ja vihre\u00e4t estiv\u00e4t sen.<\/p>\n<h3>T\u00e4m\u00e4 vappu tuo mukanaan juutalaisvihan, ja vihan demokratiaa kohtaan<\/h3>\n<p>On varsin oletettavaa, ett\u00e4 huomenna Saksassa liikkeell\u00e4 ovat suuressa m\u00e4\u00e4rin kaikki muslimijoukot: Marssitaan &#8221;<em>palestiinalaisten puolesta<\/em>&#8221;, mutta tosiasiassa juutalaisia \u200b\u200bvastaan. Hamas on <strong>EU<\/strong>:nkin hyv\u00e4ksym\u00e4n m\u00e4\u00e4ritelm\u00e4n mukaan terroristij\u00e4rjest\u00f6. Kuitenkin esimerkiksi <em>MTV:n 10:n uutise<\/em>t puhui eilen &#8221;<em>\u00e4\u00e4rij\u00e4rjest\u00f6st\u00e4<\/em>&#8221;. Olen aivan varma, ett\u00e4 jopa siell\u00e4 tiedet\u00e4\u00e4n Hamasin olevan <em>terroristij\u00e4rjest\u00f6<\/em>, -ei mik\u00e4 harmiton \u00e4\u00e4rij\u00e4rjest\u00f6,\u00a0 niin kuin vaikka <strong>Vasemmistoliitto<\/strong> tai <strong>Vihre\u00e4t<\/strong>.<\/p>\n<p>Saksassa kun kovin aina muistellaan -toki on syyt\u00e4kin- II-maailmansodan ja <em>Hitlerin<\/em> aikoja, niin ei oikein tunnu tulevan ainakaan valtamedialle sit\u00e4 muistikuvaa mieleen, kuinka Hitler rahoitti kaksi pataljoonaa arabeja tappamaan juutalaisia \u200b\u200b&#8221;<em>Kaanainmaalla<\/em>&#8221;.<\/p>\n<p>Saksan mielenosoituksissa tullaan ep\u00e4ilem\u00e4tt\u00e4 vaatimaan my\u00f6s perustuslain vastaisia \u200b\u200btoimia AfD puoluetta vastaan, koska laillisin keinoin AfD:tta ei voi lopettaa. Ty\u00f6v\u00e4en etujen esiin nostamisen sijasta varsinkin vihre\u00e4t ja <strong>Antifa<\/strong> tulevat tekem\u00e4\u00e4n kaikkensa, ett\u00e4 <em>punaviherfasismi<\/em> hehkuu Berliinin ja muiden Saksan kaupunkien kohdalla.<\/p>\n<h3>Suomessa Perussuomalaiset saanevat tuta kansanedustajansa umpityperyyden<\/h3>\n<p>It\u00e4-suomalainen kansanedustaja heilui humalassa keskell\u00e4 <strong>Helsinki\u00e4<\/strong> viime viikollam ja ampui pistoolilla tosin vain katuun- mutta aivan kertakaikkisen tyhm\u00e4\u00e4 meininki\u00e4 ja vaarallista. Oletan, ett\u00e4 huomisten kulkueitten banderolleissa vaaditaan koko puolueen lakkautumista, ja hallituksen kaatamista.<\/p>\n<h3>Hamasin hehkutus vapunp\u00e4iv\u00e4n teemana: &#8221;<em>From the river to the sea<\/em>&#8221;<\/h3>\n<p>Toki se on mit\u00e4 todenn\u00e4k\u00f6isimmin maalattu &#8221;<em>Vapauttakaa Palestiina<\/em>&#8221; yms. muotoiluin, mutta uskonpa ett\u00e4 siell\u00e4 em. kyltin vieress\u00e4 voi kulkea seuraavakin iskulause: <em>&#8221;From the river to the sea<\/em>&#8221;, eli &#8221;joelta merelle&#8221;.\u00a0 Siis <strong>Jordan<\/strong> -joelta <strong>Punaisellemerelle<\/strong> maat pit\u00e4\u00e4 saada Hamasin diktatuurin alle.<\/p>\n<blockquote><p>Tunnus tarkoittaa Israelin valtion ja juutalaisenkin kertakaikkisen tuhon vaatimusta; <strong>Holokausti 2.0<\/strong>.<\/p><\/blockquote>\n<p>On aivan turha vihervasemmistolaisten selitt\u00e4\u00e4, ett\u00e4 &#8221;<em>eih\u00e4n t\u00e4ss\u00e4 ole kysymys juutalaisista vaan Israelista<\/em>&#8221;. Voi Pyh\u00e4 Sylvi!&#8221; Kun ovat sama asia. Ket\u00e4 n\u00e4m\u00e4 kuvittelevat huijjaavansa, -itse\u00e4\u00e4n? No, siin\u00e4 ovat onnistuneet !<\/p>\n<p>Huomenna Vapunp\u00e4iv\u00e4n iltana olemme viisaampia, tai v\u00e4hint\u00e4\u00e4n tiet\u00e4v\u00e4mpi\u00e4 mihin ulottuvuuksiin vihanpito ylt\u00e4\u00e4.<\/p>\n<p>Olisi mit\u00e4 suurimmassa m\u00e4\u00e4rin toivottavaa, ett\u00e4 Vappumielenosituksissa keskitytt\u00e4isiin ty\u00f6v\u00e4enasiaan ja iloittaisiin yhdess\u00e4 ylioppilaiden kanssa kev\u00e4\u00e4n alkamisesta, -vihdoinkin..<\/p>\n<p>Seppo Huhta<\/p>\n","protected":false},"excerpt":{"rendered":"<p>Mit\u00e4 isot edell\u00e4, pienet pienet per\u00e4ss\u00e4 eli saksassa AfD:n ja juutalaisten vastaiset mielenosoitukset alkoivat viikonvaihteessa. Esimerkiksi Berliiniss\u00e4 oli 1100 henke\u00e4 marssilla vaatimassa kalifaattia Saksaan.\u00a0 Jokainen, joka on tutustunut v\u00e4h\u00e4\u00e4k\u00e4\u00e4n koraaniin,\u00a0 tiet\u00e4\u00e4 ett\u00e4 kalifaatti on diktatuuri, jota johtaa yksinvaltias mieshenkil\u00f6, joka on viel\u00e4 armottomampi kuin Hammurabin laki. Sharian erikoisuus -Hammurabin lakiin n\u00e4hden- on, ett\u00e4 se on [&hellip;]<\/p>\n","protected":false},"author":5,"featured_media":1914,"comment_status":"open","ping_status":"open","sticky":false,"template":"","format":"standard","meta":{"footnotes":""},"categories":[21],"tags":[],"_links":{"self":[{"href":"https:\/\/www.uutispeili.fi\/index.php\/wp-json\/wp\/v2\/posts\/1913"}],"collection":[{"href":"https:\/\/www.uutispeili.fi\/index.php\/wp-json\/wp\/v2\/posts"}],"about":[{"href":"https:\/\/www.uutispeili.fi\/index.php\/wp-json\/wp\/v2\/types\/post"}],"author":[{"embeddable":true,"href":"https:\/\/www.uutispeili.fi\/index.php\/wp-json\/wp\/v2\/users\/5"}],"replies":[{"embeddable":true,"href":"https:\/\/www.uutispeili.fi\/index.php\/wp-json\/wp\/v2\/comments?post=1913"}],"version-history":[{"count":1,"href":"https:\/\/www.uutispeili.fi\/index.php\/wp-json\/wp\/v2\/posts\/1913\/revisions"}],"predecessor-version":[{"id":1915,"href":"https:\/\/www.uutispeili.fi\/index.php\/wp-json\/wp\/v2\/posts\/1913\/revisions\/1915"}],"wp:featuredmedia":[{"embeddable":true,"href":"https:\/\/www.uutispeili.fi\/index.php\/wp-json\/wp\/v2\/media\/1914"}],"wp:attachment":[{"href":"https:\/\/www.uutispeili.fi\/index.php\/wp-json\/wp\/v2\/media?parent=1913"}],"wp:term":[{"taxonomy":"category","embeddable":true,"href":"https:\/\/www.uutispeili.fi\/index.php\/wp-json\/wp\/v2\/categories?post=1913"},{"taxonomy":"post_tag","embeddable":true,"href":"https:\/\/www.uutispeili.fi\/index.php\/wp-json\/wp\/v2\/tags?post=1913"}],"curies":[{"name":"wp","href":"https:\/\/api.w.org\/{rel}","templated":true}]}}