{"id":1791,"date":"2024-04-19T12:33:45","date_gmt":"2024-04-19T12:33:45","guid":{"rendered":"https:\/\/www.uutispeili.fi\/?p=1791"},"modified":"2025-10-22T12:33:17","modified_gmt":"2025-10-22T09:33:17","slug":"julkista-sektoria-ymparoi-inhouse-yhtioiden-risukko-jossa-hankintoja-ei-kilpailuteta-vinkki-talouden-sopeuttajille","status":"publish","type":"post","link":"https:\/\/www.uutispeili.fi\/index.php\/2024\/04\/19\/julkista-sektoria-ymparoi-inhouse-yhtioiden-risukko-jossa-hankintoja-ei-kilpailuteta-vinkki-talouden-sopeuttajille\/","title":{"rendered":"Julkista sektoria ymp\u00e4r\u00f6i INHOUSE-yhti\u00f6iden risukko, jossa hankintoja ei kilpailuteta, -vinkki talouden sopeuttajille"},"content":{"rendered":"<p><strong>Riihet on puitu, ja jyv\u00e4t ovat plakkarissa, ja k\u00f6yhyys jaettu tasaisesti -jo valmiiksi k\u00f6yhien kesken. J\u00e4ik\u00f6 kuitenkin jokin menoleikkauksen kohde huomiotta? Ovatko <em>verojen korotus<\/em> ja <em>julkisten palvelujen heikent\u00e4minen<\/em> ehk\u00e4 sittenk\u00e4\u00e4n se ainoa tapa menojen sopeuttamiseen.<\/strong><\/p>\n<p><em><strong>Yritt\u00e4j\u00e4t<\/strong><\/em>, jotka ovat -kantap\u00e4\u00e4n kautta- oppineet, mit\u00e4 <em>hintakilpailu<\/em> on, kertoivat keskiviikkona (17.04.) l\u00f6yt\u00e4neens\u00e4 julkistaloudesta <em>sopeutusvaraa<\/em>, jota eiv\u00e4t riiheen kokoontuneet viisaat olleet havainneet:<\/p>\n<p>Julkisten palvelujen yms. tuottamisen kuluja voidaan v\u00e4hent\u00e4\u00e4 palveluja heikent\u00e4m\u00e4tt\u00e4 k\u00e4ytt\u00e4m\u00e4ll\u00e4 ikivanhaa <em>markkinatalouden<\/em> konstia: <strong>Kilpailuttamista<\/strong>.<\/p>\n<h3>Julkisen sektorin perustamat yhti\u00f6t suojassa kilpailulta<\/h3>\n<blockquote><p>&#8221;Suomi poikkeaa radikaalisti muista pohjoismaista siin\u00e4, ett\u00e4 julkinen sektori on perustanut omia yhti\u00f6it\u00e4 sellaisille toimialoille, joilla on paljon yksityisi\u00e4 yrityksi\u00e4. Veronmaksajalta on tuskin kysytty, haluavatko he verorahoilla omat pesulat, lounasravintolat, kiinteist\u00f6huoltoyhti\u00f6t sek\u00e4 ICT- ja taloushallintoyhti\u00f6t&#8221;, <strong>Suomen Yritt\u00e4jien<\/strong> elinkeinopolitiikan johtaja <strong>Harri Jaskari<\/strong> kirjoitti SY:n tiedotteessa keskiviikkona (17.04.).<\/p><\/blockquote>\n<p>Aiheen Jaskarin kommenttiin antoi <strong>Kilpailu- ja kuluttajavirasto<\/strong>n (KKV) samana p\u00e4iv\u00e4n\u00e4 -keskiviikkona &#8211; julkaisema selvitys <strong><em>inhouse<\/em><\/strong>-yhti\u00f6iden roolista julkisissa hankinnoissa. Inhouse-yhti\u00f6 on -ainakin osin- julkisomisteinen, -ja onkin odotettavissa, ett\u00e4 po. firmoilla on jo &#8217;<em>jalka<\/em> <em>ovenraossa<\/em>&#8217; urakoiden, ostopalvelujen ja hankintojen tullessa p\u00e4\u00e4tett\u00e4viksi.<\/p>\n<blockquote><p>KKV:n kyselyyn vastasi 91 sidosyksikk\u00f6\u00e4, 103 inhouse-yhti\u00f6iden omistajaa sek\u00e4 noin 500 yksityist\u00e4 yrityst\u00e4. Vastanneista sidosyksik\u00f6ist\u00e4 <strong>30 prosenttia<\/strong> ilmoitti, etteiv\u00e4t ne tee omasta tuotannostaan mink\u00e4\u00e4nlaista <strong>kustannusvertailua<\/strong> yksityisiin markkinoihin n\u00e4hden.<\/p><\/blockquote>\n<h3>Hankintalain mukaan sidosyksik\u00f6ilt\u00e4 tehtyj\u00e4 hankintoja ei tarvitse kilpailuttaa<\/h3>\n<p><strong>Suomen Yritt\u00e4j\u00e4t<\/strong> vaatiikin kustannusvertailun k\u00e4ytt\u00f6\u00f6nottoa. Toinen kysymys on <strong><em>Hankintalain<\/em><\/strong> edellytt\u00e4m\u00e4 &#8217;<em>julkisyhteis\u00f6n m\u00e4\u00e4r\u00e4ysvalta<\/em>&#8217; inhouse-yhti\u00f6ss\u00e4, jotta sen kanssa tehty\u00e4 sopimusta voidaan kohdella <strong><em>sidosyksikk\u00f6hankintana<\/em><\/strong>. Hankintalain mukaan sidosyksik\u00f6ilt\u00e4 tehtyj\u00e4 hankintoja ei tarvitse kilpailuttaa, jos <em>hankintayksikk\u00f6 k\u00e4ytt\u00e4\u00e4 <strong>m\u00e4\u00e4r\u00e4ysvaltaa<\/strong><\/em> yhti\u00f6ss\u00e4.<\/p>\n<p>Mutta toteutuuko lain vaatima m\u00e4\u00e4r\u00e4ysvalta kaikissa inhouse-yhti\u00f6ss\u00e4. Jaskari mainitsee tuoreimpana tapauksena <strong>markkinaoikeuden<\/strong> p\u00e4\u00e4t\u00f6ksen maaliskuulta-24: <strong>Vantaan<\/strong> ja <strong>Keravan<\/strong> <em><strong>hyvinvointialueen<\/strong><\/em> inhouse-kumppani, <strong>Sarastia<\/strong>, ei ole hyvinvointialueen sidosyksikk\u00f6 <strong>0,04%<\/strong>:n kunnallisella omistusosuudella.\u00a0 Markkinaoikeuden mukaan hyvinvointialueella ei ollut Hankintalain edellytt\u00e4m\u00e4\u00e4 m\u00e4\u00e4r\u00e4ysvaltaa Sarastiassa.<\/p>\n<h3>SY vaatii\u00a0 julkisen omistuksen v\u00e4himm\u00e4isosuuden asettamista<\/h3>\n<p>KKV totesi raportissaan, ett\u00e4 <em>inhouse-yhti\u00f6iden pelis\u00e4\u00e4nt\u00f6j\u00e4 on tarpeen tarkentaa, sill\u00e4 hankintayksik\u00f6t tekev\u00e4t miljoonien eurojen suorahankintoja alle prosentin kymmenyksen omistuksilla<\/em>. SY esitt\u00e4\u00e4, ett\u00e4 palvelua tilaavalta julkiselta toimijalta edellytett\u00e4isiin v\u00e4hint\u00e4\u00e4n 10% v\u00e4himm\u00e4isomistusta palvelun tms. tuottajayrityksest\u00e4, sidosryhm\u00e4kohtelun edellytyksen\u00e4.<\/p>\n<p><em>Sidosyksik\u00f6n omistukselle asetettava v\u00e4himm\u00e4isomistusprosentti (10 prosenttia) hillitsisi villi\u00e4 inhouse-buumia. Kilpailun avaaminen vahvistaisi kasvua ja s\u00e4\u00e4st\u00e4isi veronmaksajien rahoja<\/em>, kirjoitti Jaskari.<\/p>\n<h3>Julkisella sektorilla on suuri s\u00e4\u00e4st\u00f6potentiaali, -jos hankinnat kilpailutetaan<\/h3>\n<blockquote><p>Julkisella sektorilla on suuri s\u00e4\u00e4st\u00f6potentiaali siin\u00e4, ett\u00e4 oman palvelutuotannon kustannuksia aidosti verrataan yksityisiin vastaaviin palveluihin. Suomeen on syntynyt pelk\u00e4st\u00e4\u00e4n inhouse-yhti\u00f6it\u00e4 sis\u00e4lleen hyv\u00e4ksyv\u00e4 \u201dmarkkina\u201d, jossa julkinen hallinto tekee suorahankintoja omilta yhti\u00f6ilt\u00e4\u00e4n, huomauttaa Jaskari.<\/p><\/blockquote>\n<p>N\u00e4ytt\u00e4\u00e4 silt\u00e4, ett\u00e4 olemme Suomessa -kunnallisten ja hyvinvointialueiden tekemien hankintojen osalta- joutuneet tilanteeseen, jossa -kuten autuaasti edesmenneiss\u00e4 <strong>Neuvostoliitossa<\/strong> ja <strong>It\u00e4-Saksassa<\/strong>&#8211; tuotetun tavaran tai palvelun hintaa eiv\u00e4t m\u00e4\u00e4r\u00e4\u00e4 markkinat, vaan jokin &#8221;<em>keskuskomitea<\/em>&#8221;, jossa ovat vallalla aivan muut kriteerit, kuin taloudellisuus. Yritt\u00e4j\u00e4-taustaisena Jaskari on toki kauhuissaan, -ja veronmaksajina meill\u00e4 on kauhuun viel\u00e4 enemm\u00e4n syit\u00e4.<\/p>\n<h3>Sis\u00e4piirien <em>inhouse<\/em>-biznes rapauttaa markkinoita, ja sy\u00f6 verokertym\u00e4\u00e4<\/h3>\n<blockquote><p>\u2013 Suorahankinnat inhouse-yhti\u00f6ilt\u00e4 rapauttavat paikallisia ja kansallisia markkinoita, mutta k\u00e4yv\u00e4t my\u00f6s kalliiksi veronmaksajille. Sidosyksikk\u00f6hankintoja perustellaan usein kokonaistaloudellisuudella, mutta mill\u00e4 keinolla kustannustehokkuudesta voidaan olla varmoja, jos omien palveluiden hintaa ei edes vertailla suhteessa markkinoilla tarjolla oleviin, Jaskari kysyy.<\/p><\/blockquote>\n<p>Suomen Yritt\u00e4j\u00e4t on pitk\u00e4\u00e4n ollut huolissaan siit\u00e4, ett\u00e4 julkisesti omistetut inhouse-yhti\u00f6t ovat lis\u00e4\u00e4ntyneet ja laajentaneet toimintaansa my\u00f6s sellaisille sektoreille, joilla on yksityist\u00e4 yritystoimintaa.\u00a0 KKV:n kyselyn mukaan l\u00e4hes 90 prosenttia vastanneista yrityksist\u00e4 on valmis laajentamaan toimintaansa, jos markkinat avautuisivat.<\/p>\n<h3>Yritt\u00e4j\u00e4t vetoavat hallitukseen, -ja <em>hallitusohjelmaan<\/em><\/h3>\n<p>Jaskarin mukaan hallituksen on nyt nopeasti toteutettava ohjelmansa kirjaukset, joiden mukaan sidosyksikk\u00f6hankintoja voidaan tehd\u00e4 vain silloin, kun ne ovat kokonaistaloudellisesti edullisempia.<\/p>\n<p>Hankintalain tarkennusta sis\u00e4bisneksen saneeraaminen ei vaadi: M\u00e4\u00e4r\u00e4ysvalta-ehto on jo voimassa olevassa laissa. Kent\u00e4ll\u00e4 puhaltavat muut tuulet. KKV ja Yritt\u00e4j\u00e4t ovat sanoneet sanottavansa, -pallo on nyt hallituksella.\u00a0 <img loading=\"lazy\" decoding=\"async\" class=\"alignnone size-full wp-image-144\" src=\"https:\/\/www.uutispeili.fi\/wp-content\/uploads\/2023\/11\/di.gold_.gif\" alt=\"\" width=\"11\" height=\"11\" \/><\/p>\n<p>Luettavaa:<\/p>\n<ul>\n<li><a href=\"https:\/\/www.yrittajat.fi\/tiedotteet\/yrittajat-inhouse-yhtiot-rapauttavat-markkinoita-ja-kayvat-kalliiksi-veronmaksajille\/\" target=\"_blank\" rel=\"noopener\"><strong>Yritt\u00e4j\u00e4t<\/strong><\/a> 17.04. 2024: <a href=\"https:\/\/www.yrittajat.fi\/tiedotteet\/yrittajat-inhouse-yhtiot-rapauttavat-markkinoita-ja-kayvat-kalliiksi-veronmaksajille\/\" target=\"_blank\" rel=\"noopener\"><em>Inhouse<\/em>-yhti\u00f6t rapauttavat markkinoita ja k\u00e4yv\u00e4t kalliiksi veronmaksajille<\/a>,<\/li>\n<li><a href=\"https:\/\/www.verkkouutiset.fi\/a\/julkinen-hallinto-hankkii-omilta-yhtioiltaan-kay-kalliiksi-veronmaksajille\/#c81e7733\" target=\"_blank\" rel=\"noopener\"><strong>Verkkouutiset<\/strong><\/a> 17.04. 2024: <a href=\"https:\/\/www.verkkouutiset.fi\/a\/julkinen-hallinto-hankkii-omilta-yhtioiltaan-kay-kalliiksi-veronmaksajille\/#c81e7733\" target=\"_blank\" rel=\"noopener\">Julkinen hallinto hankkii omilta yhti\u00f6ilt\u00e4\u00e4n \u2013 \u201dK\u00e4y kalliiksi veronmaksajille\u201d<\/a>; Suomen Yritt\u00e4j\u00e4t vaatii kustannusvertailun k\u00e4ytt\u00f6\u00f6nottoa ja omistuksen v\u00e4himm\u00e4isosuuden asettamista,<\/li>\n<li><a href=\"https:\/\/www.kkv.fi\/tutkimus-ja-vaikuttaminen\/julkiset-hankinnat\/\" target=\"_blank\" rel=\"noopener\"><strong>KKV<\/strong><\/a>,<\/li>\n<li><a href=\"https:\/\/www.hs.fi\/kaupunki\/art-2000010297625.html\" target=\"_blank\" rel=\"noopener\"><strong>Helsingin Sanomat<\/strong><\/a> 15.03. 2024: <a href=\"https:\/\/www.hs.fi\/kaupunki\/art-2000010297625.html\" target=\"_blank\" rel=\"noopener\">Markkinaoikeuden p\u00e4\u00e4t\u00f6s: Hyvinvointialueen Sarastia-hankinta rikkoi lakia;<\/a> Markkinaoikeus totesi, ett\u00e4 Vantaan ja Keravan hyvinvointialue on toiminut vastoin lakia hankkiessaan palkanlaskentapalvelut Sarastialta vuonna 2022.<\/li>\n<li><a href=\"https:\/\/valtioneuvosto.fi\/hallitukset\/hallitusohjelma#\/\" target=\"_blank\" rel=\"noopener\"><strong>Hallitusohjelma<\/strong><\/a>, voimassaoleva,<\/li>\n<\/ul>\n","protected":false},"excerpt":{"rendered":"<p>Riihet on puitu, ja jyv\u00e4t ovat plakkarissa, ja k\u00f6yhyys jaettu tasaisesti -jo valmiiksi k\u00f6yhien kesken. J\u00e4ik\u00f6 kuitenkin jokin menoleikkauksen kohde huomiotta? Ovatko verojen korotus ja julkisten palvelujen heikent\u00e4minen ehk\u00e4 sittenk\u00e4\u00e4n se ainoa tapa menojen sopeuttamiseen. Yritt\u00e4j\u00e4t, jotka ovat -kantap\u00e4\u00e4n kautta- oppineet, mit\u00e4 hintakilpailu on, kertoivat keskiviikkona (17.04.) l\u00f6yt\u00e4neens\u00e4 julkistaloudesta sopeutusvaraa, jota eiv\u00e4t riiheen kokoontuneet viisaat [&hellip;]<\/p>\n","protected":false},"author":3,"featured_media":1793,"comment_status":"open","ping_status":"open","sticky":false,"template":"","format":"standard","meta":{"footnotes":""},"categories":[25,6,22],"tags":[],"_links":{"self":[{"href":"https:\/\/www.uutispeili.fi\/index.php\/wp-json\/wp\/v2\/posts\/1791"}],"collection":[{"href":"https:\/\/www.uutispeili.fi\/index.php\/wp-json\/wp\/v2\/posts"}],"about":[{"href":"https:\/\/www.uutispeili.fi\/index.php\/wp-json\/wp\/v2\/types\/post"}],"author":[{"embeddable":true,"href":"https:\/\/www.uutispeili.fi\/index.php\/wp-json\/wp\/v2\/users\/3"}],"replies":[{"embeddable":true,"href":"https:\/\/www.uutispeili.fi\/index.php\/wp-json\/wp\/v2\/comments?post=1791"}],"version-history":[{"count":2,"href":"https:\/\/www.uutispeili.fi\/index.php\/wp-json\/wp\/v2\/posts\/1791\/revisions"}],"predecessor-version":[{"id":1794,"href":"https:\/\/www.uutispeili.fi\/index.php\/wp-json\/wp\/v2\/posts\/1791\/revisions\/1794"}],"wp:featuredmedia":[{"embeddable":true,"href":"https:\/\/www.uutispeili.fi\/index.php\/wp-json\/wp\/v2\/media\/1793"}],"wp:attachment":[{"href":"https:\/\/www.uutispeili.fi\/index.php\/wp-json\/wp\/v2\/media?parent=1791"}],"wp:term":[{"taxonomy":"category","embeddable":true,"href":"https:\/\/www.uutispeili.fi\/index.php\/wp-json\/wp\/v2\/categories?post=1791"},{"taxonomy":"post_tag","embeddable":true,"href":"https:\/\/www.uutispeili.fi\/index.php\/wp-json\/wp\/v2\/tags?post=1791"}],"curies":[{"name":"wp","href":"https:\/\/api.w.org\/{rel}","templated":true}]}}