{"id":1784,"date":"2024-04-19T08:31:06","date_gmt":"2024-04-19T08:31:06","guid":{"rendered":"https:\/\/www.uutispeili.fi\/?p=1784"},"modified":"2024-04-19T09:06:09","modified_gmt":"2024-04-19T09:06:09","slug":"iranin-ydinlaitokset-eivat-ole-vahingoittuneet","status":"publish","type":"post","link":"https:\/\/www.uutispeili.fi\/index.php\/2024\/04\/19\/iranin-ydinlaitokset-eivat-ole-vahingoittuneet\/","title":{"rendered":"Iranin ydinlaitokset eiv\u00e4t ole vahingoittuneet"},"content":{"rendered":"<p><strong>Israelin viime\u00f6inen isku ei ole vahingoittanut ydinaseteollisuutta, kertoo Iranin valtiollinen media. Yhdysvaltain virkamiesl\u00e4hde vahvistaa asian<\/strong>.<\/p>\n<p><strong>Israel<\/strong> iski torstai-perjantai y\u00f6ll\u00e4 drooneilla <strong>Isfahan<\/strong>in kaupunkiin Iranissa, joka sattuu olemaan my\u00f6s Iranin <strong><em>ydinase-projektin<\/em><\/strong> keskus. Kaupungista raportoinut iranilainen toimittaja (video-klipiss\u00e4) vakuuttaa, ettei vahinkoja aiheutunut.<\/p>\n<h3>Israel kertoo k\u00e4ytt\u00e4neens\u00e4 h\u00e4vitt\u00e4ji\u00e4<\/h3>\n<p>Iranin mukaan hy\u00f6kk\u00e4yksess\u00e4 k\u00e4ytettiin kolme droonia. Israelista kerrotaan, ett\u00e4 operaatio toteutettiin h\u00e4vitt\u00e4jist\u00e4 (F-35?) ammutuilla ohjuksilla. Hy\u00f6kk\u00e4yksen tavoite oli osoittaa Iranille, ett\u00e4 heid\u00e4n ydinlaitoksensa ovat Israelin tavoitettavissa.<\/p>\n<blockquote class=\"twitter-tweet\" data-width=\"550\" data-dnt=\"true\">\n<p lang=\"en\" dir=\"ltr\">BREAKING: IRAN BROADCASTER SHOW ISFAHAN IS NOT IMPACTED<\/p>\n<p> &quot;The city is in complete calm and security, people are going on with their normal lives.&quot;<\/p>\n<p>&quot;1-2 hours ago, sounds were heard in the sky. We understand several miniature UAVs were overhead, which were shot down.&quot; <a href=\"https:\/\/t.co\/HDsZGf1Jif\">pic.twitter.com\/HDsZGf1Jif<\/a><\/p>\n<p>&mdash; Sulaiman Ahmed (@ShaykhSulaiman) <a href=\"https:\/\/twitter.com\/ShaykhSulaiman\/status\/1781178579889615261?ref_src=twsrc%5Etfw\">April 19, 2024<\/a><\/p><\/blockquote>\n<p><script async src=\"https:\/\/platform.twitter.com\/widgets.js\" charset=\"utf-8\"><\/script><\/p>\n<blockquote><p><strong>Isfahan<\/strong>issa kaikki hyvin: &#8221;Kaupunki on t\u00e4ysin rauhallinen ja turvallinen, ihmiset jatkavat normaalia el\u00e4m\u00e4\u00e4ns\u00e4.&#8221; &#8221;1-2 tuntia sitten taivaalta kuului \u00e4\u00e4ni\u00e4. Ymm\u00e4rr\u00e4mme, ett\u00e4 kaupungin yl\u00e4puolella oli useita pienois-UAV:ita, jotka ammuttiin alas.&#8221;<\/p><\/blockquote>\n<p>Iranin valtiontelevision uutisen mukaan Iranin ydinlaitokset eiv\u00e4t k\u00e4rsineet vaurioita viime\u00f6isess\u00e4 iskussa. Isfahanissa sijaitsevat ydinlaitokset ovat &#8221;t\u00e4ysin turvassa&#8221;. Amerikkalainen virkamies-l\u00e4hde vahvisti uutistoimisto <em>CNN<\/em>:lle Israelin iskun tapahtuneen, -ilman ydinlaitosten vaurioitumista. Iranilainen <em>Tasnim News Agency<\/em> kiist\u00e4\u00e4 maailmalla jo levinneet tiedot ydinlaitoksen vaurioitumisesta.<\/p>\n<blockquote class=\"twitter-tweet\" data-width=\"550\" data-dnt=\"true\">\n<p lang=\"ar\" dir=\"rtl\">\u0648\u0633\u0627\u0626\u0644 \u0625\u0639\u0644\u0627\u0645 \u0623\u0645\u064a\u0631\u0643\u064a\u0629: \u0627\u0644\u0636\u0631\u0628\u0627\u062a \u0627\u0644\u062a\u064a \u0634\u0646\u062a\u0647\u0627 <a href=\"https:\/\/twitter.com\/hashtag\/%D8%A5%D8%B3%D8%B1%D8%A7%D8%A6%D9%8A%D9%84?src=hash&amp;ref_src=twsrc%5Etfw\">#\u0625\u0633\u0631\u0627\u0626\u064a\u0644<\/a> \u0639\u0644\u0649 \u0625\u064a\u0631\u0627\u0646 &quot;\u0645\u062d\u062f\u0648\u062f\u0629&quot;<a href=\"https:\/\/twitter.com\/hashtag\/%D8%A7%D9%84%D8%B9%D8%B1%D8%A8%D9%8A%D8%A9?src=hash&amp;ref_src=twsrc%5Etfw\">#\u0627\u0644\u0639\u0631\u0628\u064a\u0629<\/a> <a href=\"https:\/\/t.co\/NOHfXt72Wk\">pic.twitter.com\/NOHfXt72Wk<\/a><\/p>\n<p>&mdash; \u0627\u0644\u0639\u0631\u0628\u064a\u0629 (@AlArabiya) <a href=\"https:\/\/twitter.com\/AlArabiya\/status\/1781233508691665021?ref_src=twsrc%5Etfw\">April 19, 2024<\/a><\/p><\/blockquote>\n<p><script async src=\"https:\/\/platform.twitter.com\/widgets.js\" charset=\"utf-8\"><\/script><\/p>\n<p>Iranilainen <em>Al-Alam TV<\/em> kertoi, ett\u00e4\u00a0 <strong>Tabriz<\/strong>in kaupungissa r\u00e4j\u00e4hdysten \u00e4\u00e4net johtuivat ilmapuolustuksen toiminnasta. Iranin virallinen uutistoimisto <em>IRNA<\/em> kertoi Iranin aktivoineen ilmapuolustuksensa useissa provinsseissa. Kaupalliset lennot on keskeytetty ainakin <strong>Teheran<\/strong>in, <strong>Shiraz<\/strong>in ja Isfahanin lentoasemilla, kertoi <em>Mehr News Agency<\/em>.<\/p>\n<p><em>Fars News Agency<\/em> kertoi Isfahanin kaupungissa torjutun &#8221;drooneksi ep\u00e4ilty\u00e4 esinett\u00e4&#8221; (UAV, miehitt\u00e4m\u00e4t\u00f6n lentolaite). Kolme r\u00e4j\u00e4hdyst\u00e4 on kuultu Isfahanin l\u00e4hist\u00f6ll\u00e4 olevan sotilastukikohdan suunnasta.<\/p>\n<p>Israel on iskenyt ohjuksilla my\u00f6s jotakin kohdetta <strong>Syyriassa<\/strong>. <img loading=\"lazy\" decoding=\"async\" class=\"alignnone size-full wp-image-144\" src=\"https:\/\/www.uutispeili.fi\/wp-content\/uploads\/2023\/11\/di.gold_.gif\" alt=\"\" width=\"11\" height=\"11\" \/><\/p>\n<p>Luettavaa:<\/p>\n<ul>\n<li><a href=\"https:\/\/www.alarabiya.net\/iran\/2024\/04\/19\/%D8%A8%D8%B9%D8%AF-%D8%A7%D9%84%D8%B6%D8%B1%D8%A8%D8%A9-%D8%A7%D9%84%D8%A7%D8%B3%D8%B1%D8%A7%D8%A6%D9%8A%D9%84%D9%8A%D8%A9-%D8%AA%D9%84%D9%81%D8%B2%D9%8A%D9%88%D9%86-%D8%A7%D9%8A%D8%B1%D8%A7%D9%86-%D8%A7%D9%84%D9%85%D9%86%D8%B4%D8%A7%D8%AA-%D8%A7%D9%84%D9%86%D9%88%D9%88%D9%8A%D8%A9-%D9%84%D9%85-%D8%AA%D8%AA%D8%B9%D8%B1%D8%B6-%D9%84%D8%A3%D9%8A-%D8%B6%D8%B1%D8%B1\" target=\"_blank\" rel=\"noopener\">Al-Arabiya<\/a> 19.04. 2024,<\/li>\n<li><a href=\"https:\/\/www.alarabiya.net\/iran\/2024\/04\/19\/%D9%85%D8%B5%D8%A7%D8%AF%D8%B1-%D8%B1%D8%B3%D9%85%D9%8A%D8%A9-%D9%84%D8%B5%D8%AD%D9%8A%D9%81%D8%A9-%D8%AC%D9%8A%D8%B1%D9%88%D8%B2%D8%A7%D9%84%D9%8A%D9%85-%D8%A8%D9%88%D8%B3%D8%AA-%D8%A7%D8%B3%D8%B1%D8%A7%D8%A6%D9%8A%D9%84-%D8%B1%D8%AF%D8%AA-%D8%B9%D9%84%D9%89-%D9%85%D9%86-%D9%87%D8%A7%D8%AC%D9%85%D9%87%D8%A7\" target=\"_blank\" rel=\"noopener\">Al-Arabiya<\/a> 19.04. 2024,<\/li>\n<li><a href=\"https:\/\/www.jpost.com\/israel-hamas-war\/2024-04-19\/live-updates-797867\" target=\"_blank\" rel=\"noopener\">The Jerusalem Post<\/a>, 19.04. 2024, p\u00e4ivittyv\u00e4,<\/li>\n<li><a href=\"https:\/\/www.rokna.net\/%D8%A8%D8%AE%D8%B4-%D8%B1%DA%A9-%D9%BE%D9%84%D8%A7%D8%B3-10\/989787-%D8%B4%D8%A7%D8%AF%DB%8C-%D9%85%D8%B1%D8%AF%D9%85-%D8%A7%D8%B5%D9%81%D9%87%D8%A7%D9%86-%D9%BE%D8%B3-%D8%A7%D8%B2-%D8%A7%D8%AA%D9%81%D8%A7%D9%82%D8%A7%D8%AA-%D8%A8%D8%A7%D9%85%D8%AF%D8%A7%D8%AF-%D8%A7%D9%85%D8%B1%D9%88%D8%B2-%D9%81%DB%8C%D9%84%D9%85?utm_content=www.rokna.net\" target=\"_blank\" rel=\"noopener\">Rokna<\/a> 19.04. 2024 (farsinkielinen),<\/li>\n<\/ul>\n","protected":false},"excerpt":{"rendered":"<p>Israelin viime\u00f6inen isku ei ole vahingoittanut ydinaseteollisuutta, kertoo Iranin valtiollinen media. Yhdysvaltain virkamiesl\u00e4hde vahvistaa asian. Israel iski torstai-perjantai y\u00f6ll\u00e4 drooneilla Isfahanin kaupunkiin Iranissa, joka sattuu olemaan my\u00f6s Iranin ydinase-projektin keskus. Kaupungista raportoinut iranilainen toimittaja (video-klipiss\u00e4) vakuuttaa, ettei vahinkoja aiheutunut. Israel kertoo k\u00e4ytt\u00e4neens\u00e4 h\u00e4vitt\u00e4ji\u00e4 Iranin mukaan hy\u00f6kk\u00e4yksess\u00e4 k\u00e4ytettiin kolme droonia. Israelista kerrotaan, ett\u00e4 operaatio toteutettiin h\u00e4vitt\u00e4jist\u00e4 [&hellip;]<\/p>\n","protected":false},"author":3,"featured_media":1785,"comment_status":"open","ping_status":"open","sticky":false,"template":"","format":"standard","meta":{"footnotes":""},"categories":[7],"tags":[],"_links":{"self":[{"href":"https:\/\/www.uutispeili.fi\/index.php\/wp-json\/wp\/v2\/posts\/1784"}],"collection":[{"href":"https:\/\/www.uutispeili.fi\/index.php\/wp-json\/wp\/v2\/posts"}],"about":[{"href":"https:\/\/www.uutispeili.fi\/index.php\/wp-json\/wp\/v2\/types\/post"}],"author":[{"embeddable":true,"href":"https:\/\/www.uutispeili.fi\/index.php\/wp-json\/wp\/v2\/users\/3"}],"replies":[{"embeddable":true,"href":"https:\/\/www.uutispeili.fi\/index.php\/wp-json\/wp\/v2\/comments?post=1784"}],"version-history":[{"count":3,"href":"https:\/\/www.uutispeili.fi\/index.php\/wp-json\/wp\/v2\/posts\/1784\/revisions"}],"predecessor-version":[{"id":1790,"href":"https:\/\/www.uutispeili.fi\/index.php\/wp-json\/wp\/v2\/posts\/1784\/revisions\/1790"}],"wp:featuredmedia":[{"embeddable":true,"href":"https:\/\/www.uutispeili.fi\/index.php\/wp-json\/wp\/v2\/media\/1785"}],"wp:attachment":[{"href":"https:\/\/www.uutispeili.fi\/index.php\/wp-json\/wp\/v2\/media?parent=1784"}],"wp:term":[{"taxonomy":"category","embeddable":true,"href":"https:\/\/www.uutispeili.fi\/index.php\/wp-json\/wp\/v2\/categories?post=1784"},{"taxonomy":"post_tag","embeddable":true,"href":"https:\/\/www.uutispeili.fi\/index.php\/wp-json\/wp\/v2\/tags?post=1784"}],"curies":[{"name":"wp","href":"https:\/\/api.w.org\/{rel}","templated":true}]}}