{"id":1774,"date":"2024-04-18T14:52:28","date_gmt":"2024-04-18T14:52:28","guid":{"rendered":"https:\/\/www.uutispeili.fi\/?p=1774"},"modified":"2024-04-18T14:52:28","modified_gmt":"2024-04-18T14:52:28","slug":"sofia-virta-kysyy-taloudellisten-paatosten-ja-vakivallan-yhteydesta","status":"publish","type":"post","link":"https:\/\/www.uutispeili.fi\/index.php\/2024\/04\/18\/sofia-virta-kysyy-taloudellisten-paatosten-ja-vakivallan-yhteydesta\/","title":{"rendered":"Sofia Virta kysyy taloudellisten p\u00e4\u00e4t\u00f6sten ja v\u00e4kivallan yhteydest\u00e4"},"content":{"rendered":"<p><strong>Vihreiden kansanedustaja, ja eduskunnan v\u00e4kivallanvastaisen verkoston puheenjohtaja, Sofia Virta, otti puheeksi Eduskunnassa j\u00e4rjestetyss\u00e4 nuorten v\u00e4kivaltaa koskevassa seminaarissa yleispoliittisten p\u00e4\u00e4t\u00f6sten, nuorisov\u00e4kivallan yhteyden. Kysymyksenasettelu ei ole vailla yhteytt\u00e4 p\u00e4iv\u00e4npoliittisiin ratkaisuihin.\u00a0<\/strong><\/p>\n<h3>&#8221;<em>T\u00e4llaisten p\u00e4\u00e4t\u00f6sten hinta on sek\u00e4 taloudellisesti ett\u00e4 inhimillisesti aivan liian kallis<\/em>&#8221;<\/h3>\n<p>Edustaja <strong>Sofia Virta<\/strong>n avaukselle antavat painoa er\u00e4\u00e4t kev\u00e4\u00e4n aikana tapahtuneet tragediat. &#8221;<em>T\u00e4llaisten p\u00e4\u00e4t\u00f6sten hinta on sek\u00e4 taloudellisesti ett\u00e4 etenkin inhimillisesti aivan liian kallis<\/em>&#8221;, totesi edustaja, -viitaten kehysriihess\u00e4 k\u00e4siteltyihin teemoihin.<\/p>\n<blockquote><p>&#8221;Surullista &#8230; on, miten v\u00e4h\u00e4n p\u00e4\u00e4tt\u00e4j\u00e4tasolla tuntuu olevan ymm\u00e4rryst\u00e4 tai v\u00e4litt\u00e4mist\u00e4 siit\u00e4, miten monet p\u00e4\u00e4t\u00f6kset joko lis\u00e4\u00e4v\u00e4t tai v\u00e4hent\u00e4v\u00e4t riski\u00e4 v\u00e4kivallalle&#8221;, Virta selvensi viesti\u00e4\u00e4n.<\/p><\/blockquote>\n<p>Virta mainitsi miljoonien eurojen leikkaukset <strong>sosiaali- ja terveysalan<\/strong> j\u00e4rjest\u00f6ilt\u00e4, &#8221;<em>jotka ovat nimenomaan niit\u00e4 j\u00e4rjest\u00f6j\u00e4, jotka tekev\u00e4t ty\u00f6t\u00e4 <strong>turvallisen ja v\u00e4kivallattoman lapsuuden<\/strong> eteen<\/em>&#8221;. -Viittauksen yhteytt\u00e4 tuoreisiin tapahtumiin ei tarvitse hakea.<\/p>\n<p>Tilaisuudessa kuultiin asiantuntijoita, mm. <strong>Keskusrikospoliisista<\/strong>, <strong>THL:<\/strong>n nuorten katuv\u00e4kivallan vastaisesta hankkeesta, ja kansalaisj\u00e4rjest\u00f6ist\u00e4. <img loading=\"lazy\" decoding=\"async\" class=\"alignnone size-full wp-image-144\" src=\"https:\/\/www.uutispeili.fi\/wp-content\/uploads\/2023\/11\/di.gold_.gif\" alt=\"\" width=\"11\" height=\"11\" \/><\/p>\n<ul>\n<li>L\u00e4hde: Tiedote 18.04. 2024.<\/li>\n<\/ul>\n<p>&#8221;<\/p>\n","protected":false},"excerpt":{"rendered":"<p>Vihreiden kansanedustaja, ja eduskunnan v\u00e4kivallanvastaisen verkoston puheenjohtaja, Sofia Virta, otti puheeksi Eduskunnassa j\u00e4rjestetyss\u00e4 nuorten v\u00e4kivaltaa koskevassa seminaarissa yleispoliittisten p\u00e4\u00e4t\u00f6sten, nuorisov\u00e4kivallan yhteyden. Kysymyksenasettelu ei ole vailla yhteytt\u00e4 p\u00e4iv\u00e4npoliittisiin ratkaisuihin.\u00a0 &#8221;T\u00e4llaisten p\u00e4\u00e4t\u00f6sten hinta on sek\u00e4 taloudellisesti ett\u00e4 inhimillisesti aivan liian kallis&#8221; Edustaja Sofia Virtan avaukselle antavat painoa er\u00e4\u00e4t kev\u00e4\u00e4n aikana tapahtuneet tragediat. &#8221;T\u00e4llaisten p\u00e4\u00e4t\u00f6sten hinta on sek\u00e4 [&hellip;]<\/p>\n","protected":false},"author":3,"featured_media":1775,"comment_status":"open","ping_status":"open","sticky":false,"template":"","format":"standard","meta":{"footnotes":""},"categories":[49],"tags":[],"_links":{"self":[{"href":"https:\/\/www.uutispeili.fi\/index.php\/wp-json\/wp\/v2\/posts\/1774"}],"collection":[{"href":"https:\/\/www.uutispeili.fi\/index.php\/wp-json\/wp\/v2\/posts"}],"about":[{"href":"https:\/\/www.uutispeili.fi\/index.php\/wp-json\/wp\/v2\/types\/post"}],"author":[{"embeddable":true,"href":"https:\/\/www.uutispeili.fi\/index.php\/wp-json\/wp\/v2\/users\/3"}],"replies":[{"embeddable":true,"href":"https:\/\/www.uutispeili.fi\/index.php\/wp-json\/wp\/v2\/comments?post=1774"}],"version-history":[{"count":2,"href":"https:\/\/www.uutispeili.fi\/index.php\/wp-json\/wp\/v2\/posts\/1774\/revisions"}],"predecessor-version":[{"id":1780,"href":"https:\/\/www.uutispeili.fi\/index.php\/wp-json\/wp\/v2\/posts\/1774\/revisions\/1780"}],"wp:featuredmedia":[{"embeddable":true,"href":"https:\/\/www.uutispeili.fi\/index.php\/wp-json\/wp\/v2\/media\/1775"}],"wp:attachment":[{"href":"https:\/\/www.uutispeili.fi\/index.php\/wp-json\/wp\/v2\/media?parent=1774"}],"wp:term":[{"taxonomy":"category","embeddable":true,"href":"https:\/\/www.uutispeili.fi\/index.php\/wp-json\/wp\/v2\/categories?post=1774"},{"taxonomy":"post_tag","embeddable":true,"href":"https:\/\/www.uutispeili.fi\/index.php\/wp-json\/wp\/v2\/tags?post=1774"}],"curies":[{"name":"wp","href":"https:\/\/api.w.org\/{rel}","templated":true}]}}