{"id":1684,"date":"2024-04-11T13:28:51","date_gmt":"2024-04-11T13:28:51","guid":{"rendered":"https:\/\/www.uutispeili.fi\/?p=1684"},"modified":"2024-04-11T13:30:55","modified_gmt":"2024-04-11T13:30:55","slug":"sote-jarjestolla-30-erikoisasiantuntijaa-tuupovaara-ja-kiihtelysvaara-menettavat-koulut-ja-kirjastot","status":"publish","type":"post","link":"https:\/\/www.uutispeili.fi\/index.php\/2024\/04\/11\/sote-jarjestolla-30-erikoisasiantuntijaa-tuupovaara-ja-kiihtelysvaara-menettavat-koulut-ja-kirjastot\/","title":{"rendered":"Sote-j\u00e4rjest\u00f6ll\u00e4 30 &#8221;erikoisasiantuntijaa&#8221;, Tuupovaara ja Kiihtelysvaara menett\u00e4v\u00e4t koulut ja kirjastot"},"content":{"rendered":"<p><strong>Pohjois-Karjalassa pidettiin eilen kyl\u00e4kokouksia vihaisissa tunnelmissa, -&#8217;<em>sopeutusten<\/em>&#8217; viedess\u00e4 Joensuun liitoskunnista viimeisi\u00e4 palveluita. -Jos el\u00e4mme synkk\u00e4\u00e4, aikaa menetyksi\u00e4 tulee v\u00e4ist\u00e4m\u00e4tt\u00e4, mutta miksi jotenkin sillai\u00a0 valikoidusti?<\/strong><\/p>\n<p>Maailmaan ei ole (viel\u00e4) iskenyt taantuma, mutta <strong>Suomessa<\/strong> heiluvat <em>leikkaavat<\/em> sakset, kun julkisia menoja ei ole -monen monen hallituksen aikana- <em>sopeudutettu<\/em> pienentyneisyys tuloihin. My\u00f6h\u00e4inen menokuri on aina tylymp\u00e4\u00e4, -ja raaempaa- mutta kohdistuuko se oikeisiin paikkoihin?<\/p>\n<p>T\u00e4t\u00e4 kysyiv\u00e4t tuupovaaralaiset ja kiihtelysvaaralaiset keskiviikkona, ja tarkastelua jatkaa kansanedustaja (Kok) <strong>Sinuhe Wallinheimo<\/strong>\u00a0(10.04.):<\/p>\n<blockquote class=\"twitter-tweet\" data-width=\"550\" data-dnt=\"true\">\n<p lang=\"fi\" dir=\"ltr\">P\u00e4\u00e4sihteeri varoittaa tukileikkausten ajavan sote-j\u00e4rjest\u00f6t kaaokseen. N\u00e4in sanoo mies, jonka j\u00e4rjest\u00f6ss\u00e4 on yksin n. 30 erityisasiantuntijaa, tms. P\u00e4rj\u00e4isiv\u00e4tk\u00f6 v\u00e4hemm\u00e4ll\u00e4? En osaa sanoa, mutta luku on kyll\u00e4 j\u00e4rjest\u00f6\u00f6n suuren tuntuinen. Mit\u00e4 mielt\u00e4 olet? <a href=\"https:\/\/t.co\/PzsyJ6bA9Z\">https:\/\/t.co\/PzsyJ6bA9Z<\/a><\/p>\n<p>&mdash; Sinuhe Wallinheimo (@swheimo) <a href=\"https:\/\/twitter.com\/swheimo\/status\/1778022487554433518?ref_src=twsrc%5Etfw\">April 10, 2024<\/a><\/p><\/blockquote>\n<p><script async src=\"https:\/\/platform.twitter.com\/widgets.js\" charset=\"utf-8\"><\/script><\/p>\n<blockquote><p><strong>Sinuhe Wallinheimo<\/strong> 10.04. 2024: P\u00e4\u00e4sihteeri varoittaa tukileikkausten ajavan sote-j\u00e4rjest\u00f6t kaaokseen. N\u00e4in sanoo mies, jonka j\u00e4rjest\u00f6ss\u00e4 on yksin n. 30 (korjattu: 22) erityisasiantuntijaa, tms. P\u00e4rj\u00e4isiv\u00e4tk\u00f6 v\u00e4hemm\u00e4ll\u00e4? En osaa sanoa, mutta luku on kyll\u00e4 j\u00e4rjest\u00f6\u00f6n suuren tuntuinen. Mit\u00e4 mielt\u00e4 olet?<\/p><\/blockquote>\n<p>Wallinheimo viittaa hallituksessa -kehysriihe\u00e4 valmistellen- keskusteltujen ajatusten aiheuttamaan reaktioon sote-j\u00e4rjest\u00f6kent\u00e4ll\u00e4. Kehysriiheen saatetaan tuoda ehdotus, ett\u00e4 <strong>sote-<em>j\u00e4rjest\u00f6jen<\/em><\/strong> tukien leikkauksia aikaistetaan jo vuodeksi 2025, kun oli t\u00e4hd\u00e4tty vuoteen 2027. Toimenpiteell\u00e4 tavoitellaan noin sadan miljoonan euron s\u00e4\u00e4st\u00f6\u00e4.<\/p>\n<p>Meille tavis-tallaajille onkin uusi tietoa, ett\u00e4 sote-j\u00e4rjest\u00f6ille on lapioitu 100 miljoonaa, -eikun seh\u00e4n olikin vasta aiottu s\u00e4\u00e4st\u00f6! (-J\u00e4tett\u00e4neen varmaan sen verran, ettei n\u00e4kkileip\u00e4 lopu p\u00f6yd\u00e4st\u00e4?) Sote-j\u00e4rjest\u00f6t jo vastasivatkin:<\/p>\n<blockquote><p>\u2013 Summa on niin valtava ja sopeutumisaika nolla, ett\u00e4 kyll\u00e4 se pahaa j\u00e4lke\u00e4 tekee joka tapauksessa, sanoo <strong>Soste<\/strong>n p\u00e4\u00e4sihteeri <strong>Vertti Kiukas<\/strong> HS:n haastattelussa tiistaina.<\/p><\/blockquote>\n<p>Leikkausuhka kohdistuu Kiukkaan mukaan <strong>800<\/strong>:aan Suomessa toimivista yli <strong>11000<\/strong> sosiaali- ja terveysalan j\u00e4rjest\u00f6st\u00e4. Tiett\u00e4v\u00e4sti <em>yhdistykset<\/em> eiv\u00e4t jaa potilaille l\u00e4\u00e4kkeit\u00e4, eiv\u00e4t vaihda vaippoja eiv\u00e4tk\u00e4 katetroi, vaan sen tekev\u00e4t sairaanhoitajat ja muu ammattiv\u00e4ki. -Ja jostain syyst\u00e4 hoitohenkil\u00f6ist\u00e4 on ollut pulaa jo ennen sopeutuksiakin.<\/p>\n<p>Kysymykseni kuuluu: Mit\u00e4 erikoisen t\u00e4rke\u00e4\u00e4 Sosten p\u00e4\u00e4sihteerin puolustamat &#8217;erikoisasiantuntijat&#8217; ja muu j\u00e4rjest\u00f6v\u00e4ki tekev\u00e4t, kun heihin eiv\u00e4t t\u00e4h\u00e4n menness\u00e4 ole osuneet budjettileikkaukset eiv\u00e4tk\u00e4 saneeraamiset? -Hoidon suorittavalla puolella ne on jo koettu.<\/p>\n<p>Toinen, ep\u00e4korrektimpi, kysymys voisi koskea, miten po. <strong><em>j\u00e4rjest\u00f6viidakko<\/em><\/strong> on voinut muodostua? Tutun taksikuskin -siis luotettavan l\u00e4hteen- kyyditsem\u00e4 silloinen hallintol\u00e4\u00e4k\u00e4ri oli avautunut Hki-Vantaan ja kantakaupungin v\u00e4lill\u00e4, ett\u00e4 &#8221;<em>kun aloitin <strong>sairaanhoitopiirin<\/strong> johdossa, minulla oli viisi (5) alaista. Nyt heit\u00e4 on 400 (nelj\u00e4sataa)<\/em>&#8221;.<\/p>\n<p>Keskustelu oli jatkunut, aiheesta keist\u00e4 t\u00e4m\u00e4 <em>leegio<\/em> koostui? Kyynikoksi virassaan muuttunut hallintol\u00e4\u00e4k\u00e4ri luetteli: &#8221;<em>Siell\u00e4 on joidenkin serkkutytt\u00f6j\u00e4, puoluekavereita, kumminkaimoja&#8230;<\/em>&#8221;<\/p>\n<p>Ja tasavallassa keskustellaan <em><strong>el\u00e4kkeiden<\/strong><\/em> leikkaamista. -Niin kuka kirjoitti k\u00e4ss\u00e4rin t\u00e4h\u00e4n komediaan? <img loading=\"lazy\" decoding=\"async\" class=\"alignnone size-full wp-image-144\" src=\"https:\/\/www.uutispeili.fi\/wp-content\/uploads\/2023\/11\/di.gold_.gif\" alt=\"\" width=\"11\" height=\"11\" \/><\/p>\n<p>Pekka Kemppainen<\/p>\n<p>Luettavaa:<\/p>\n<ul>\n<li><a href=\"https:\/\/www.pogostansanomat.fi\/uutiset\/57xd24q4m0\" target=\"_blank\" rel=\"noopener\">Pogostan sanomat<\/a> 08.04. 2024,<\/li>\n<li><a href=\"https:\/\/www.verkkouutiset.fi\/a\/jarjestossa-30-erityisasiantuntijaa-parjaisivatko-vahemmalla\/#c81e7733\" target=\"_blank\" rel=\"noopener\">Verkkouutiset<\/a> 10.04. 2024: <strong>J\u00e4rjest\u00f6ss\u00e4 \u201d<em>noin 30 erityisasiantuntijaa<\/em>\u201d \u2013 p\u00e4rj\u00e4isik\u00f6 v\u00e4hemm\u00e4ll\u00e4?<\/strong> Sosiaali- ja terveysalan <strong>kattoj\u00e4rjest\u00f6<\/strong> varoittaa alan leikkauksista,<\/li>\n<li><a href=\"https:\/\/www.soste.fi\/\" target=\"_blank\" rel=\"noopener\">Soste<\/a>,<\/li>\n<li><a href=\"https:\/\/www.soste.fi\/blogikirjoitus\/jarjestojen-avustuksista-ei-pida-leikata-hallituksella-on-oltava-malttia-katsoa-kauemmas\/\" target=\"_blank\" rel=\"noopener\">Soste<\/a> 10.04. 2024: J\u00e4rjest\u00f6jen avustuksista ei pid\u00e4 leikata \u2013 hallituksella on oltava malttia katsoa kauemmas,<\/li>\n<\/ul>\n<p><iframe loading=\"lazy\" title=\"J\u00f6sse:  El\u00e4keleikkuri\" src=\"https:\/\/www.youtube.com\/embed\/fPThvhi8NqI\" width=\"480\" height=\"360\" frameborder=\"0\" allowfullscreen=\"allowfullscreen\"><\/iframe><\/p>\n","protected":false},"excerpt":{"rendered":"<p>Pohjois-Karjalassa pidettiin eilen kyl\u00e4kokouksia vihaisissa tunnelmissa, -&#8217;sopeutusten&#8217; viedess\u00e4 Joensuun liitoskunnista viimeisi\u00e4 palveluita. -Jos el\u00e4mme synkk\u00e4\u00e4, aikaa menetyksi\u00e4 tulee v\u00e4ist\u00e4m\u00e4tt\u00e4, mutta miksi jotenkin sillai\u00a0 valikoidusti? Maailmaan ei ole (viel\u00e4) iskenyt taantuma, mutta Suomessa heiluvat leikkaavat sakset, kun julkisia menoja ei ole -monen monen hallituksen aikana- sopeudutettu pienentyneisyys tuloihin. My\u00f6h\u00e4inen menokuri on aina tylymp\u00e4\u00e4, -ja raaempaa- mutta [&hellip;]<\/p>\n","protected":false},"author":3,"featured_media":1685,"comment_status":"open","ping_status":"open","sticky":false,"template":"","format":"standard","meta":{"footnotes":""},"categories":[21,6,9],"tags":[],"_links":{"self":[{"href":"https:\/\/www.uutispeili.fi\/index.php\/wp-json\/wp\/v2\/posts\/1684"}],"collection":[{"href":"https:\/\/www.uutispeili.fi\/index.php\/wp-json\/wp\/v2\/posts"}],"about":[{"href":"https:\/\/www.uutispeili.fi\/index.php\/wp-json\/wp\/v2\/types\/post"}],"author":[{"embeddable":true,"href":"https:\/\/www.uutispeili.fi\/index.php\/wp-json\/wp\/v2\/users\/3"}],"replies":[{"embeddable":true,"href":"https:\/\/www.uutispeili.fi\/index.php\/wp-json\/wp\/v2\/comments?post=1684"}],"version-history":[{"count":2,"href":"https:\/\/www.uutispeili.fi\/index.php\/wp-json\/wp\/v2\/posts\/1684\/revisions"}],"predecessor-version":[{"id":1687,"href":"https:\/\/www.uutispeili.fi\/index.php\/wp-json\/wp\/v2\/posts\/1684\/revisions\/1687"}],"wp:featuredmedia":[{"embeddable":true,"href":"https:\/\/www.uutispeili.fi\/index.php\/wp-json\/wp\/v2\/media\/1685"}],"wp:attachment":[{"href":"https:\/\/www.uutispeili.fi\/index.php\/wp-json\/wp\/v2\/media?parent=1684"}],"wp:term":[{"taxonomy":"category","embeddable":true,"href":"https:\/\/www.uutispeili.fi\/index.php\/wp-json\/wp\/v2\/categories?post=1684"},{"taxonomy":"post_tag","embeddable":true,"href":"https:\/\/www.uutispeili.fi\/index.php\/wp-json\/wp\/v2\/tags?post=1684"}],"curies":[{"name":"wp","href":"https:\/\/api.w.org\/{rel}","templated":true}]}}