{"id":1665,"date":"2024-04-08T16:02:06","date_gmt":"2024-04-08T16:02:06","guid":{"rendered":"https:\/\/www.uutispeili.fi\/?p=1665"},"modified":"2024-04-08T16:02:06","modified_gmt":"2024-04-08T16:02:06","slug":"esko-juhani-tennila-viimeinen-korpikommunisti","status":"publish","type":"post","link":"https:\/\/www.uutispeili.fi\/index.php\/2024\/04\/08\/esko-juhani-tennila-viimeinen-korpikommunisti\/","title":{"rendered":"Esko-Juhani Tennil\u00e4, -viimeinen korpikommunisti"},"content":{"rendered":"<p>Pitk\u00e4aikaisen kansanedustajan, <strong>Esko-Juhani Tennil\u00e4n<\/strong>, poismeno j\u00e4tt\u00e4\u00e4 nuoremman sukupolven vaille tilaisuutta kuulla aikalaistodistajalta, mit\u00e4 tapahtui Suomen vasemmiston vasemmalla laidalla 1900-luvun loppupuolella. Lauantaina (06.04. 2024) kuollut Tennil\u00e4 ehti istua eduskunnassa usean vasemmistolaisen otsikon alla, aloittaen vuonna 1975 <strong>SKDL<\/strong>:n kansanedustajana.<\/p>\n<p>Tennil\u00e4n politiikkaan l\u00e4hteminen ajoittuu vuosiin, joita suomalaisen vasemmiston veteraanit muistelevat ristiriitaisin tuntein: Kuka nostalgialla, kuka ylpeydell\u00e4, toiset katuen ja monet my\u00f6s kauhulla. Vuosikymment\u00e4 dominoi <strong>SKP<\/strong>:n puolueriita, jonka alkuna voidaan n\u00e4hd\u00e4 v\u00e4hemmist\u00f6n ulosk\u00e4vely kulttuuritalolta aurinkoisena kev\u00e4tp\u00e4iv\u00e4n\u00e4 1968. -T\u00e4m\u00e4n kirjoittaja k\u00e4vi n\u00e4kem\u00e4ss\u00e4 silloiset tunnelmat Sturenkadulla, <em>kulttiksen<\/em> edustalla.<\/p>\n<p>E-J Tennil\u00e4 lienee kuulunut niihin, joita &#8217;<em>toverien tappelu<\/em>&#8217; aluksi h\u00e4mmensi. -My\u00f6hemmin h\u00e4n valitsi puolensa, ja sitoutui -kuten silloin oli tapana tehd\u00e4- hyvinkin intensiivisesti. Muistan kysyneeni er\u00e4\u00e4ss\u00e4 kokouksessa Alpo H:lta, ett\u00e4 &#8217;<em>kuka on tuo Tennil\u00e4, joka juuri k\u00e4ytti mielenkiintoisen puheenvuoron?<\/em>&#8217; -Vastaukseksi kuulin: &#8221;<em>Jalkapalloilija pohjoisesta.<\/em>&#8221;<\/p>\n<p>E-J:t\u00e4 ei silloin tunnistanut v\u00e4hemmist\u00f6siiven tyypilliseksi edustajaksi, vaan muistelen ett\u00e4 h\u00e4nen puheenvuoronsa oli k\u00e4sitellyt <em>asiaa<\/em>. -Ja t\u00e4ll\u00e4 tarkoitan muuta kuin <em>ideologista saivartelua<\/em>. K\u00e4ytin sanontaa &#8217;<em>korpikommunismi<\/em>&#8217;. -Sanonnan keksij\u00e4, er\u00e4s britti-politologi, <strong>Anthony F. Upton<\/strong>, oli tuonut sen suomalaiseen sanastoon vuosia aiemmin, tarkastellessaan Suomen vasemmistoa kahtena ei-yhteismitallisena ilmi\u00f6n\u00e4: <em>Teollisuuskommunismina<\/em>, joka sikisi suurista tehtaista ja niiden j\u00e4rjest\u00e4ytyneist\u00e4 ty\u00f6l\u00e4isist\u00e4, ja <em>korpikommunismina<\/em>, jonka juuret ovat ankeissa oloissa.<\/p>\n<p>En tied\u00e4, oliko britti-tutkija oikeassa. -Jos oli, E-J Tennil\u00e4 edusti h\u00e4nen korpikommunismi-kategoriaansa parhaimmillaan. Voimme yritt\u00e4\u00e4 n\u00e4hd\u00e4 h\u00e4nen viivyttelyns\u00e4 puolueriitaan heitt\u00e4ytymisess\u00e4 kaikuna pragmaattisesta realismista, joka iskostuu mieleen laskuojan varressa, rakkoisin k\u00e4mmenin lapiota pidelless\u00e4.<\/p>\n<p>Esko-Juhani Tennil\u00e4 istui eduskunnassa\u00a0 vuodesta 1975 vuoteen 2011. Puolueita vaihtui alta, mutta mies pysyi. Kunnioitettavan saavutuksen takana t\u00e4ytyy olla oikea asenne, -ja taktisen keplottelun kauaksi taakse j\u00e4tt\u00e4v\u00e4 tekeminen. Voimme tunnistaa er\u00e4\u00e4n pitk\u00e4n poliittisen uran mahdollistaneen E-J:n tekem\u00e4n ratkaisun h\u00e4nen ajaltaan <strong>Yle<\/strong>:n toimittajana Lapissa.<\/p>\n<p>Toimittaja Tennil\u00e4lle tuli uutisvihje liikemiehest\u00e4, joka kauppasi Lapin m\u00f6kkilaisille silloin uutta keksint\u00f6\u00e4, (stryreeni)vaahto-eristyst\u00e4: Firman auto ajoi m\u00f6kin pihaan, ja letkulla suollettiin jotain litkua vintille ja seinien rakenteisiin, -ja edullisesti. Vaan m\u00f6kin l\u00e4mm\u00f6npit\u00e4vyys ei parantunutkaan, jopa heikkeni.<\/p>\n<p>Minulla oli my\u00f6hemmin tilaisuus keskustella em. yritt\u00e4j\u00e4n apulaisen kanssa: &#8221;<em>Kyll\u00e4 teki pahaa! -Pumppasimme joskus sein\u00e4\u00e4n pelkk\u00e4\u00e4 vett\u00e4!<\/em>&#8221; Toimittaja Tennil\u00e4n raportti teki lopun t\u00e4st\u00e4 huijarifirmasta, -ja kirjoittajastaan Lapissa nykyajan <em>Robin Hoodin, <\/em>kansantribuunin ja &#8217;k\u00f6yhien yst\u00e4v\u00e4n&#8217; tavalla, jonka tunnistamiseen ja k\u00e4sitt\u00e4miseen usea h\u00e4nen sukupolvensa vasemmistoradikaali ei omannut kyky\u00e4.<\/p>\n<blockquote><p>Niin mit\u00e4 Esko-Juhani Tennil\u00e4ll\u00e4 oli? -T\u00e4m\u00e4 Uptonin <strong>korpikommunismin<\/strong> asenne, taito tunnistaa tilanne, ja rohkeus tehd\u00e4 se mik\u00e4 on teht\u00e4v\u00e4. Arvoisat nyky-poliitikot: E-J j\u00e4tti t\u00e4m\u00e4n teille perinn\u00f6ksi: Tehk\u00e4\u00e4 se, mik\u00e4 on oikein, ja olkaa niiden puolella, joilla ei ole yhteiskunnassa \u00e4\u00e4nt\u00e4 eik\u00e4 valtaa. -El\u00e4m\u00e4 palkitsee, jos n\u00e4in toimitte.<\/p><\/blockquote>\n<p>J\u00e4t\u00e4nkin loppusanoiksi, toisen &#8217;<em>pohjosen pojan<\/em>&#8217;, <strong>Mikko Alatalon<\/strong>, runoilun pohjoisesta olemisesta:<\/p>\n<p><em>&#8221;Se maa, jossa kasvoin, on pelto ja maamies. Se maa, jossa kasvoin, on korpitie ja ty\u00f6mies.<\/em><br \/>\n<em>Se maa, jossa kasvoin, on pullo ja ly\u00f6 mies! Se maa, jossa kasvoin, on pelko ja y\u00f6mies. &#8230;<\/em><br \/>\n<em>Sielt\u00e4 maasta, jossa kasvoin, on aina menty vastaan, jopa itse\u00e4\u00e4n vastaan, l\u00e4pi arkkujen laudan.<\/em><br \/>\n<em>Ja vain laulu rastaan muistaa sankarihaudan Min\u00e4 kysyn, en vastaa: miksi kesti n\u00e4in kauan?<\/em><\/p>\n<p><em>Sen maan, jossa kasvoin, nyt muut omistaa Ja tilalle tuotu on tavaraa. Se Pohjolan valkeaa kyl\u00e4\u00e4 somistaa, mutta maaseutu kuihtuu, se on siirtomaa. &#8230;<\/em><\/p>\n<p><em>Mutta maata, jossa kasvoin, min\u00e4 rakastan ja vihaan Se on kuin osa minusta, vertani ja lihaa<\/em><br \/>\n<em>Sen henki tai atomit mua aina seuraa Ja kun kuolen, muutun osaksi Pohjosen peuraa.<\/em>&#8221; <img loading=\"lazy\" decoding=\"async\" class=\"alignnone size-full wp-image-144\" src=\"https:\/\/www.uutispeili.fi\/wp-content\/uploads\/2023\/11\/di.gold_.gif\" alt=\"\" width=\"11\" height=\"11\" \/><\/p>\n<p>&#8221;<\/p>\n","protected":false},"excerpt":{"rendered":"<p>Pitk\u00e4aikaisen kansanedustajan, Esko-Juhani Tennil\u00e4n, poismeno j\u00e4tt\u00e4\u00e4 nuoremman sukupolven vaille tilaisuutta kuulla aikalaistodistajalta, mit\u00e4 tapahtui Suomen vasemmiston vasemmalla laidalla 1900-luvun loppupuolella. Lauantaina (06.04. 2024) kuollut Tennil\u00e4 ehti istua eduskunnassa usean vasemmistolaisen otsikon alla, aloittaen vuonna 1975 SKDL:n kansanedustajana. Tennil\u00e4n politiikkaan l\u00e4hteminen ajoittuu vuosiin, joita suomalaisen vasemmiston veteraanit muistelevat ristiriitaisin tuntein: Kuka nostalgialla, kuka ylpeydell\u00e4, toiset katuen [&hellip;]<\/p>\n","protected":false},"author":3,"featured_media":1667,"comment_status":"open","ping_status":"open","sticky":false,"template":"","format":"standard","meta":{"footnotes":""},"categories":[46],"tags":[],"_links":{"self":[{"href":"https:\/\/www.uutispeili.fi\/index.php\/wp-json\/wp\/v2\/posts\/1665"}],"collection":[{"href":"https:\/\/www.uutispeili.fi\/index.php\/wp-json\/wp\/v2\/posts"}],"about":[{"href":"https:\/\/www.uutispeili.fi\/index.php\/wp-json\/wp\/v2\/types\/post"}],"author":[{"embeddable":true,"href":"https:\/\/www.uutispeili.fi\/index.php\/wp-json\/wp\/v2\/users\/3"}],"replies":[{"embeddable":true,"href":"https:\/\/www.uutispeili.fi\/index.php\/wp-json\/wp\/v2\/comments?post=1665"}],"version-history":[{"count":1,"href":"https:\/\/www.uutispeili.fi\/index.php\/wp-json\/wp\/v2\/posts\/1665\/revisions"}],"predecessor-version":[{"id":1668,"href":"https:\/\/www.uutispeili.fi\/index.php\/wp-json\/wp\/v2\/posts\/1665\/revisions\/1668"}],"wp:featuredmedia":[{"embeddable":true,"href":"https:\/\/www.uutispeili.fi\/index.php\/wp-json\/wp\/v2\/media\/1667"}],"wp:attachment":[{"href":"https:\/\/www.uutispeili.fi\/index.php\/wp-json\/wp\/v2\/media?parent=1665"}],"wp:term":[{"taxonomy":"category","embeddable":true,"href":"https:\/\/www.uutispeili.fi\/index.php\/wp-json\/wp\/v2\/categories?post=1665"},{"taxonomy":"post_tag","embeddable":true,"href":"https:\/\/www.uutispeili.fi\/index.php\/wp-json\/wp\/v2\/tags?post=1665"}],"curies":[{"name":"wp","href":"https:\/\/api.w.org\/{rel}","templated":true}]}}